{"id":13739,"date":"2022-03-01T09:14:07","date_gmt":"2022-03-01T08:14:07","guid":{"rendered":"https:\/\/projectes.xtec.cat\/pfi\/?p=13739"},"modified":"2022-09-21T14:17:02","modified_gmt":"2022-09-21T12:17:02","slug":"connectat-a-lempresa-que-pot-descobrir-lempresa-sobre-tu-si-et-busca-a-la-xarxa","status":"publish","type":"post","link":"https:\/\/projectes.xtec.cat\/pfi\/portada\/connectat-a-lempresa-que-pot-descobrir-lempresa-sobre-tu-si-et-busca-a-la-xarxa\/","title":{"rendered":"Connecta&#8217;t a l&#8217;empresa: Qu\u00e8 pot descobrir l&#8217;empresa sobre tu si et busca a la xarxa?"},"content":{"rendered":"<p>El proper dijous 3 de mar\u00e7, 10.00 a 11.00h, tindr\u00e0 lloc la darrere connexi\u00f3 en directe del <a href=\"https:\/\/sites.google.com\/xtec.cat\/connectatalempresa\/connectat-a-lempresa\/connexions-en-directe?authuser=0\">Connecta&#8217;t a l&#8217;empresa<\/a> d&#8217;aquest curs.<\/p>\n<p>L&#8217;Ari Vigueras, formadora, orientadora professional i consultora especialitzada en recerca de feina 2.0, gesti\u00f3 de marca personal, estrat\u00e8gia digital i RRHH ens parlar\u00e0 de<strong> Qu\u00e8 pot descobrir l&#8217;empresa sobre tu si et busca a la xarxa?<\/strong><\/p>\n<p>Per inscriure\u2019t\u00a0clica <a href=\"https:\/\/docs.google.com\/forms\/d\/e\/1FAIpQLSf8iFChImAexM0L0sy8Dg0D0mXwmTI7giJ89wIQXdjXT0Onxg\/viewform\">aqu\u00ed<\/a><\/p>\n<p>Banc de recursos\u00a0<a href=\"https:\/\/sites.google.com\/xtec.cat\/connectatalempresa\/connectat-a-lempresa\/connexions-en-directe?authuser=0\" target=\"_blank\" rel=\"noopener noreferrer\" data-saferedirecturl=\"https:\/\/www.google.com\/url?q=https:\/\/sites.google.com\/xtec.cat\/connectatalempresa\/connectat-a-lempresa\/connexions-en-directe?authuser%3D0&amp;source=gmail&amp;ust=1617881054386000&amp;usg=AFQjCNGEfeCLpKDmssfttxqNDxaT_JPY0A\">Connecta\u2019t a l\u2019empresa<\/a>.<\/p>\n<p>#pfiCAT #impulsFP #SomFP<\/p>\n","protected":false},"excerpt":{"rendered":"<p>El proper dijous 3 de mar\u00e7, 10.00 a 11.00h, tindr\u00e0 lloc la darrere connexi\u00f3 en directe del <a href=\"https:\/\/sites.google.com\/xtec.cat\/connectatalempresa\/connectat-a-lempresa\/connexions-en-directe?authuser=0\">Connecta&#8217;t a l&#8217;empresa<\/a> d&#8217;aquest curs.<br \/>\nL&#8217;Ari Vigueras, formadora, orientadora professional i consultora especialitzada en recerca de feina 2.0, gesti\u00f3 de marca personal, estrat\u00e8gia digital i RRHH ens parlar\u00e0&hellip;  <a href=\"https:\/\/projectes.xtec.cat\/pfi\/portada\/connectat-a-lempresa-que-pot-descobrir-lempresa-sobre-tu-si-et-busca-a-la-xarxa\/\" title=\"Read Connecta&#8217;t a l&#8217;empresa: Qu\u00e8 pot descobrir l&#8217;empresa sobre tu si et busca a la xarxa?\">Llegeix m\u00e9s\u00bb<\/a><\/p>\n","protected":false},"author":1,"featured_media":13752,"comment_status":"open","ping_status":"closed","sticky":false,"template":"","format":"standard","meta":{"_bbp_topic_count":0,"_bbp_reply_count":0,"_bbp_total_topic_count":0,"_bbp_total_reply_count":0,"_bbp_voice_count":0,"_bbp_anonymous_reply_count":0,"_bbp_topic_count_hidden":0,"_bbp_reply_count_hidden":0,"_bbp_forum_subforum_count":0,"footnotes":""},"categories":[565,29],"tags":[],"class_list":["post-13739","post","type-post","status-publish","format-standard","has-post-thumbnail","hentry","category-connectat-a-lempresa","category-portada"],"post_mailing_queue_ids":[],"_links":{"self":[{"href":"https:\/\/projectes.xtec.cat\/pfi\/wp-json\/wp\/v2\/posts\/13739","targetHints":{"allow":["GET"]}}],"collection":[{"href":"https:\/\/projectes.xtec.cat\/pfi\/wp-json\/wp\/v2\/posts"}],"about":[{"href":"https:\/\/projectes.xtec.cat\/pfi\/wp-json\/wp\/v2\/types\/post"}],"author":[{"embeddable":true,"href":"https:\/\/projectes.xtec.cat\/pfi\/wp-json\/wp\/v2\/users\/1"}],"replies":[{"embeddable":true,"href":"https:\/\/projectes.xtec.cat\/pfi\/wp-json\/wp\/v2\/comments?post=13739"}],"version-history":[{"count":3,"href":"https:\/\/projectes.xtec.cat\/pfi\/wp-json\/wp\/v2\/posts\/13739\/revisions"}],"predecessor-version":[{"id":13774,"href":"https:\/\/projectes.xtec.cat\/pfi\/wp-json\/wp\/v2\/posts\/13739\/revisions\/13774"}],"wp:featuredmedia":[{"embeddable":true,"href":"https:\/\/projectes.xtec.cat\/pfi\/wp-json\/wp\/v2\/media\/13752"}],"wp:attachment":[{"href":"https:\/\/projectes.xtec.cat\/pfi\/wp-json\/wp\/v2\/media?parent=13739"}],"wp:term":[{"taxonomy":"category","embeddable":true,"href":"https:\/\/projectes.xtec.cat\/pfi\/wp-json\/wp\/v2\/categories?post=13739"},{"taxonomy":"post_tag","embeddable":true,"href":"https:\/\/projectes.xtec.cat\/pfi\/wp-json\/wp\/v2\/tags?post=13739"}],"curies":[{"name":"wp","href":"https:\/\/api.w.org\/{rel}","templated":true}]}}