{"id":13758,"date":"2022-03-25T08:05:29","date_gmt":"2022-03-25T07:05:29","guid":{"rendered":"https:\/\/projectes.xtec.cat\/pfi\/?p=13758"},"modified":"2022-03-25T10:30:31","modified_gmt":"2022-03-25T09:30:31","slug":"maquillatge-decoratiu-de-carnestoltes","status":"publish","type":"post","link":"https:\/\/projectes.xtec.cat\/pfi\/portada\/maquillatge-decoratiu-de-carnestoltes\/","title":{"rendered":"MAQUILLATGE DECORATIU DE CARNESTOLTES"},"content":{"rendered":"<p>Avui celebrem Carnestoltes!<\/p>\n<p>Els alumnes del\u00a0 PTT de Vic d&#8217;Imatge Personal han desenvolupat la part final del microprojecte de maquillatge a nens i nenes de P3, P4 i P5 de l&#8217;escola La S\u00ednia de Vic.<\/p>\n<p>El microprojecte ha requerit d&#8217;un treball previ que ha consistit en:<\/p>\n<ol>\n<li>Una reuni\u00f3 amb les tutores dels 3 grups escolars del mateix cicle per saber de la tem\u00e0tica.<\/li>\n<li>Una vegada decidida la tem\u00e0tica, els alumnes, en petits grups, han dissenyat diferents propostes.<\/li>\n<li>S&#8217;han enviat les propostes a l\u2019escola perqu\u00e8 les tutores tri\u00efn quina s\u00f3n les m\u00e9s adients.<\/li>\n<li>La pr\u00e0ctica pr\u00e8via a l&#8217;activitat entre companys i caps de maniqu\u00ed.<\/li>\n<li>Finalment, desenvolupament de la intervenci\u00f3 amb els nens el dia acordat.<\/li>\n<\/ol>\n<p>S&#8217;han treballat \u00e9s m\u00f2duls seg\u00fcents:<\/p>\n<ul style=\"list-style-type: circle;\">\n<li>T\u00e8cniques espec\u00edfiques de maquillatge; concretament en m\u00e8todes d\u2019aplicaci\u00f3 dels productes cosm\u00e8tics decoratius.<\/li>\n<li>L&#8217;atenci\u00f3 al client.<\/li>\n<\/ul>\n<p>Els valors que s&#8217;han treballat s\u00f3n:<\/p>\n<ul>\n<li>El treball en equip.<\/li>\n<li>L&#8217;autonomia<\/li>\n<li>La responsabilitat.<\/li>\n<li>L&#8217;empatia<\/li>\n<li>L&#8217;organitzaci\u00f3<\/li>\n<\/ul>\n<p>En l&#8217;avaluaci\u00f3 es tindr\u00e0 en compte l&#8217;autoavaluaci\u00f3, la coavaluaci\u00f3 i la valoraci\u00f3 dels tutors de l&#8217;escola La S\u00ednia.<\/p>\n<p><iframe loading=\"lazy\" title=\"YouTube video player\" src=\"https:\/\/www.youtube.com\/embed\/UD-OJAKitp4\" width=\"560\" height=\"315\" frameborder=\"0\" allowfullscreen=\"allowfullscreen\"><\/iframe><\/p>\n<p><iframe loading=\"lazy\" title=\"YouTube video player\" src=\"https:\/\/www.youtube.com\/embed\/CI8tBg77z3Q\" width=\"560\" height=\"315\" frameborder=\"0\" allowfullscreen=\"allowfullscreen\"><\/iframe><\/p>\n<p>&nbsp;<\/p>\n<p>#pfiCAT #impulsFP #SomFP<\/p>\n<p>&nbsp;<\/p>\n","protected":false},"excerpt":{"rendered":"<p>Avui celebrem Carnestoltes!<br \/>\nEls alumnes del\u00a0 PTT de Vic d&#8217;Imatge Personal han desenvolupat la part final del microprojecte de maquillatge a nens i nenes de P3, P4 i P5 de l&#8217;escola La S\u00ednia de Vic.<br \/>\nEl microprojecte ha requerit d&#8217;un treball previ que ha consistit en:<\/p>\n<ol>\n<li>Una reuni\u00f3&hellip;  <a href=\"https:\/\/projectes.xtec.cat\/pfi\/portada\/maquillatge-decoratiu-de-carnestoltes\/\" title=\"Read MAQUILLATGE DECORATIU DE CARNESTOLTES\">Llegeix m\u00e9s\u00bb<\/a><br \/>\n","protected":false},"author":197,"featured_media":13767,"comment_status":"open","ping_status":"closed","sticky":false,"template":"","format":"standard","meta":{"_bbp_topic_count":0,"_bbp_reply_count":0,"_bbp_total_topic_count":0,"_bbp_total_reply_count":0,"_bbp_voice_count":0,"_bbp_anonymous_reply_count":0,"_bbp_topic_count_hidden":0,"_bbp_reply_count_hidden":0,"_bbp_forum_subforum_count":0,"footnotes":""},"categories":[382,29],"tags":[501,532,533],"class_list":["post-13758","post","type-post","status-publish","format-standard","has-post-thumbnail","hentry","category-microprojectes","category-portada","tag-microprojecte","tag-carnaval","tag-carnestoltes"],"post_mailing_queue_ids":[],"_links":{"self":[{"href":"https:\/\/projectes.xtec.cat\/pfi\/wp-json\/wp\/v2\/posts\/13758","targetHints":{"allow":["GET"]}}],"collection":[{"href":"https:\/\/projectes.xtec.cat\/pfi\/wp-json\/wp\/v2\/posts"}],"about":[{"href":"https:\/\/projectes.xtec.cat\/pfi\/wp-json\/wp\/v2\/types\/post"}],"author":[{"embeddable":true,"href":"https:\/\/projectes.xtec.cat\/pfi\/wp-json\/wp\/v2\/users\/197"}],"replies":[{"embeddable":true,"href":"https:\/\/projectes.xtec.cat\/pfi\/wp-json\/wp\/v2\/comments?post=13758"}],"version-history":[{"count":3,"href":"https:\/\/projectes.xtec.cat\/pfi\/wp-json\/wp\/v2\/posts\/13758\/revisions"}],"predecessor-version":[{"id":14076,"href":"https:\/\/projectes.xtec.cat\/pfi\/wp-json\/wp\/v2\/posts\/13758\/revisions\/14076"}],"wp:featuredmedia":[{"embeddable":true,"href":"https:\/\/projectes.xtec.cat\/pfi\/wp-json\/wp\/v2\/media\/13767"}],"wp:attachment":[{"href":"https:\/\/projectes.xtec.cat\/pfi\/wp-json\/wp\/v2\/media?parent=13758"}],"wp:term":[{"taxonomy":"category","embeddable":true,"href":"https:\/\/projectes.xtec.cat\/pfi\/wp-json\/wp\/v2\/categories?post=13758"},{"taxonomy":"post_tag","embeddable":true,"href":"https:\/\/projectes.xtec.cat\/pfi\/wp-json\/wp\/v2\/tags?post=13758"}],"curies":[{"name":"wp","href":"https:\/\/api.w.org\/{rel}","templated":true}]}}