{"id":13913,"date":"2022-03-09T09:47:52","date_gmt":"2022-03-09T08:47:52","guid":{"rendered":"https:\/\/projectes.xtec.cat\/pfi\/?p=13913"},"modified":"2022-03-15T15:42:00","modified_gmt":"2022-03-15T14:42:00","slug":"lalumnat-del-pfi-ptt-vilafranca-visita-lempresa-rectificats-alt-penedes","status":"publish","type":"post","link":"https:\/\/projectes.xtec.cat\/pfi\/general\/lalumnat-del-pfi-ptt-vilafranca-visita-lempresa-rectificats-alt-penedes\/","title":{"rendered":"L&#8217;alumnat del PFI-PTT Vilafranca visita l&#8217;empresa Rectificats Alt Pened\u00e8s"},"content":{"rendered":"<p>L\u2019alumnat de l\u2019especialitat d\u2019Auxiliar de fabricaci\u00f3 mec\u00e0nica i instal\u00b7lacions electrot\u00e8cniques del Programa de Formaci\u00f3 i Inserci\u00f3 (PFI) \u2013 Pla de Transici\u00f3 al Treball (PTT) de Vilafranca va visitar el passat 8 de mar\u00e7 l\u2019empresa Rectificats Alt Pened\u00e8s arrelada al territori\u00a0 des de fa m\u00e9s de tres d\u00e8cades i\u00a0 dedicada a la reparaci\u00f3 i manteniment de motors.<\/p>\n<p>El personal de Rectificats Alt Pened\u00e8s va explicar a l\u2019alumnat el proc\u00e9s de rectificaci\u00f3 de motors destacant que compten amb maquin\u00e0ria \u00fanica a la comarca. La visita guiada, amb l\u2019objectiu d\u2019apropar els joves a entorns productius reals, va acabar amb una xerrada sobre les oportunitats de treball al sector del metall tot posant \u00e8mfasi en la import\u00e0ncia de la motivaci\u00f3, l\u2019aprenentatge, l\u2019organitzaci\u00f3 i la responsabilitat de treball com a compet\u00e8ncies clau per a la incorporaci\u00f3 al m\u00f3n laboral.<\/p>\n<p>El Programa de Transici\u00f3 al Treball es duu a terme mitjan\u00e7ant la cooperaci\u00f3 entre el Departament d&#8217;Educaci\u00f3 de la Generalitat de Catalunya i l&#8217;Ajuntament de Vilafranca del Pened\u00e8s.<\/p>\n<figure class=\"figure wp-caption alignnone\"><a href=\"https:\/\/projectes.xtec.cat\/pfi\/wp-content\/uploads\/usu1781\/2022\/03\/Visita_Rectificats_Penedes.jpg\"><img loading=\"lazy\" decoding=\"async\" class=\"size-large wp-image-13914\" src=\"https:\/\/projectes.xtec.cat\/pfi\/wp-content\/uploads\/usu1781\/2022\/03\/Visita_Rectificats_Penedes-1024x768.jpg\" alt=\"\" width=\"1024\" height=\"768\" srcset=\"https:\/\/projectes.xtec.cat\/pfi\/wp-content\/uploads\/usu1781\/2022\/03\/Visita_Rectificats_Penedes-1024x768.jpg 1024w, https:\/\/projectes.xtec.cat\/pfi\/wp-content\/uploads\/usu1781\/2022\/03\/Visita_Rectificats_Penedes-300x225.jpg 300w, https:\/\/projectes.xtec.cat\/pfi\/wp-content\/uploads\/usu1781\/2022\/03\/Visita_Rectificats_Penedes-768x576.jpg 768w, https:\/\/projectes.xtec.cat\/pfi\/wp-content\/uploads\/usu1781\/2022\/03\/Visita_Rectificats_Penedes-1536x1152.jpg 1536w, https:\/\/projectes.xtec.cat\/pfi\/wp-content\/uploads\/usu1781\/2022\/03\/Visita_Rectificats_Penedes-2048x1536.jpg 2048w, https:\/\/projectes.xtec.cat\/pfi\/wp-content\/uploads\/usu1781\/2022\/03\/Visita_Rectificats_Penedes-200x150.jpg 200w\" sizes=\"auto, (max-width: 1024px) 100vw, 1024px\" \/><\/a><figcaption class=\"wp-caption-text\">smart<\/figcaption><\/figure>\n<p>Vilafranca del Pened\u00e8s,\u00a0 8 de mar\u00e7 de 2022<\/p>\n","protected":false},"excerpt":{"rendered":"<p>L\u2019alumnat de l\u2019especialitat d\u2019Auxiliar de fabricaci\u00f3 mec\u00e0nica i instal\u00b7lacions electrot\u00e8cniques del Programa de Formaci\u00f3 i Inserci\u00f3 (PFI) \u2013 Pla de Transici\u00f3 al Treball (PTT) de Vilafranca va visitar el passat 8 de mar\u00e7 l\u2019empresa Rectificats Alt Pened\u00e8s arrelada al territori\u00a0 des de fa m\u00e9s de&hellip;  <a href=\"https:\/\/projectes.xtec.cat\/pfi\/general\/lalumnat-del-pfi-ptt-vilafranca-visita-lempresa-rectificats-alt-penedes\/\" title=\"Read L&#8217;alumnat del PFI-PTT Vilafranca visita l&#8217;empresa Rectificats Alt Pened\u00e8s\">Llegeix m\u00e9s\u00bb<\/a><\/p>\n","protected":false},"author":181,"featured_media":13914,"comment_status":"open","ping_status":"closed","sticky":false,"template":"","format":"standard","meta":{"_bbp_topic_count":0,"_bbp_reply_count":0,"_bbp_total_topic_count":0,"_bbp_total_reply_count":0,"_bbp_voice_count":0,"_bbp_anonymous_reply_count":0,"_bbp_topic_count_hidden":0,"_bbp_reply_count_hidden":0,"_bbp_forum_subforum_count":0,"footnotes":""},"categories":[1,29],"tags":[538,288,334],"class_list":["post-13913","post","type-post","status-publish","format-standard","has-post-thumbnail","hentry","category-general","category-portada","tag-empreses","tag-noticies","tag-pfi"],"post_mailing_queue_ids":[],"_links":{"self":[{"href":"https:\/\/projectes.xtec.cat\/pfi\/wp-json\/wp\/v2\/posts\/13913","targetHints":{"allow":["GET"]}}],"collection":[{"href":"https:\/\/projectes.xtec.cat\/pfi\/wp-json\/wp\/v2\/posts"}],"about":[{"href":"https:\/\/projectes.xtec.cat\/pfi\/wp-json\/wp\/v2\/types\/post"}],"author":[{"embeddable":true,"href":"https:\/\/projectes.xtec.cat\/pfi\/wp-json\/wp\/v2\/users\/181"}],"replies":[{"embeddable":true,"href":"https:\/\/projectes.xtec.cat\/pfi\/wp-json\/wp\/v2\/comments?post=13913"}],"version-history":[{"count":3,"href":"https:\/\/projectes.xtec.cat\/pfi\/wp-json\/wp\/v2\/posts\/13913\/revisions"}],"predecessor-version":[{"id":13918,"href":"https:\/\/projectes.xtec.cat\/pfi\/wp-json\/wp\/v2\/posts\/13913\/revisions\/13918"}],"wp:featuredmedia":[{"embeddable":true,"href":"https:\/\/projectes.xtec.cat\/pfi\/wp-json\/wp\/v2\/media\/13914"}],"wp:attachment":[{"href":"https:\/\/projectes.xtec.cat\/pfi\/wp-json\/wp\/v2\/media?parent=13913"}],"wp:term":[{"taxonomy":"category","embeddable":true,"href":"https:\/\/projectes.xtec.cat\/pfi\/wp-json\/wp\/v2\/categories?post=13913"},{"taxonomy":"post_tag","embeddable":true,"href":"https:\/\/projectes.xtec.cat\/pfi\/wp-json\/wp\/v2\/tags?post=13913"}],"curies":[{"name":"wp","href":"https:\/\/api.w.org\/{rel}","templated":true}]}}