{"id":13982,"date":"2022-03-16T11:03:21","date_gmt":"2022-03-16T10:03:21","guid":{"rendered":"https:\/\/projectes.xtec.cat\/pfi\/?p=13982"},"modified":"2022-03-16T17:10:38","modified_gmt":"2022-03-16T16:10:38","slug":"collaboracio-fira-futur-masquefa","status":"publish","type":"post","link":"https:\/\/projectes.xtec.cat\/pfi\/portada\/collaboracio-fira-futur-masquefa\/","title":{"rendered":"Col\u00b7laboraci\u00f3 Fira Futur Masquefa"},"content":{"rendered":"<p>El passat dijous 10 de mar\u00e7 es va celebrar la Fira Futur a Masquefa. La fira ofereix una divulgaci\u00f3 dels diferents recursos formatius del territori, un espai de presentacions d&#8217;experi\u00e8ncies i un servei d&#8217;orientaci\u00f3 personalitzada.<\/p>\n<p>El PFI Anoia Sud va participar a trav\u00e9s d&#8217;un estand per tal d&#8217;informar sobre els dos perfils de formaci\u00f3 disponibles pel curs 2022-2023. D&#8217;altra banda, els alumnes del perfil d&#8217;Auxiliar de Vivers i jardins van fer una representaci\u00f3 en directe de la part de floristeria. Van fer rams, centres de taula i decoraci\u00f3 de flors que es va aprofitar per decorar l&#8217;estand.<\/p>\n<p>Els alumnes del perfil d&#8217;auxiliar d&#8217;activitats d&#8217;oficina i de serveis administratius generals, van fer una representaci\u00f3 de paqueteria per tal de divulgar el nou perfil d&#8217;auxiliar de comercialitzaci\u00f3 de productes i log\u00edstica, que s&#8217;oferta pel proper curs.<\/p>\n<p>Per \u00faltim, els alumnes van aprofitar per participar en les xerrades que proposa la fira i per informar-se sobre els estudis post-obligatoris que hi havien en els diferents estands.<\/p>\n<p>\u00c9s una experi\u00e8ncia molt gratificant pels alumnes i a la vegada productiva per orientar el seu futur formatiu. Esperem continuar col\u00b7laborant els pr\u00f2xims curs!<\/p>\n<p><a href=\"https:\/\/projectes.xtec.cat\/pfi\/wp-content\/uploads\/usu1781\/2022\/03\/Collage-Fotos-Vacaciones-con-amigos-Colores.jpg\"><img loading=\"lazy\" decoding=\"async\" class=\"alignnone size-large wp-image-13984\" src=\"https:\/\/projectes.xtec.cat\/pfi\/wp-content\/uploads\/usu1781\/2022\/03\/Collage-Fotos-Vacaciones-con-amigos-Colores-1024x819.jpg\" alt=\"\" width=\"1024\" height=\"819\" srcset=\"https:\/\/projectes.xtec.cat\/pfi\/wp-content\/uploads\/usu1781\/2022\/03\/Collage-Fotos-Vacaciones-con-amigos-Colores-1024x819.jpg 1024w, https:\/\/projectes.xtec.cat\/pfi\/wp-content\/uploads\/usu1781\/2022\/03\/Collage-Fotos-Vacaciones-con-amigos-Colores-300x240.jpg 300w, https:\/\/projectes.xtec.cat\/pfi\/wp-content\/uploads\/usu1781\/2022\/03\/Collage-Fotos-Vacaciones-con-amigos-Colores-768x614.jpg 768w, https:\/\/projectes.xtec.cat\/pfi\/wp-content\/uploads\/usu1781\/2022\/03\/Collage-Fotos-Vacaciones-con-amigos-Colores-1536x1229.jpg 1536w, https:\/\/projectes.xtec.cat\/pfi\/wp-content\/uploads\/usu1781\/2022\/03\/Collage-Fotos-Vacaciones-con-amigos-Colores.jpg 2000w\" sizes=\"auto, (max-width: 1024px) 100vw, 1024px\" \/><\/a><\/p>\n<p>#pfiCAT #impulsFP #SomFP<\/p>\n","protected":false},"excerpt":{"rendered":"<p>El passat dijous 10 de mar\u00e7 es va celebrar la Fira Futur a Masquefa. La fira ofereix una divulgaci\u00f3 dels diferents recursos formatius del territori, un espai de presentacions d&#8217;experi\u00e8ncies i un servei d&#8217;orientaci\u00f3 personalitzada.<br \/>\nEl PFI Anoia Sud va participar a trav\u00e9s d&#8217;un estand per&hellip;  <a href=\"https:\/\/projectes.xtec.cat\/pfi\/portada\/collaboracio-fira-futur-masquefa\/\" title=\"Read Col\u00b7laboraci\u00f3 Fira Futur Masquefa\">Llegeix m\u00e9s\u00bb<\/a><\/p>\n","protected":false},"author":220,"featured_media":13984,"comment_status":"open","ping_status":"closed","sticky":false,"template":"","format":"standard","meta":{"_bbp_topic_count":0,"_bbp_reply_count":0,"_bbp_total_topic_count":0,"_bbp_total_reply_count":0,"_bbp_voice_count":0,"_bbp_anonymous_reply_count":0,"_bbp_topic_count_hidden":0,"_bbp_reply_count_hidden":0,"_bbp_forum_subforum_count":0,"footnotes":""},"categories":[29],"tags":[],"class_list":["post-13982","post","type-post","status-publish","format-standard","has-post-thumbnail","hentry","category-portada"],"post_mailing_queue_ids":[],"_links":{"self":[{"href":"https:\/\/projectes.xtec.cat\/pfi\/wp-json\/wp\/v2\/posts\/13982","targetHints":{"allow":["GET"]}}],"collection":[{"href":"https:\/\/projectes.xtec.cat\/pfi\/wp-json\/wp\/v2\/posts"}],"about":[{"href":"https:\/\/projectes.xtec.cat\/pfi\/wp-json\/wp\/v2\/types\/post"}],"author":[{"embeddable":true,"href":"https:\/\/projectes.xtec.cat\/pfi\/wp-json\/wp\/v2\/users\/220"}],"replies":[{"embeddable":true,"href":"https:\/\/projectes.xtec.cat\/pfi\/wp-json\/wp\/v2\/comments?post=13982"}],"version-history":[{"count":3,"href":"https:\/\/projectes.xtec.cat\/pfi\/wp-json\/wp\/v2\/posts\/13982\/revisions"}],"predecessor-version":[{"id":14012,"href":"https:\/\/projectes.xtec.cat\/pfi\/wp-json\/wp\/v2\/posts\/13982\/revisions\/14012"}],"wp:featuredmedia":[{"embeddable":true,"href":"https:\/\/projectes.xtec.cat\/pfi\/wp-json\/wp\/v2\/media\/13984"}],"wp:attachment":[{"href":"https:\/\/projectes.xtec.cat\/pfi\/wp-json\/wp\/v2\/media?parent=13982"}],"wp:term":[{"taxonomy":"category","embeddable":true,"href":"https:\/\/projectes.xtec.cat\/pfi\/wp-json\/wp\/v2\/categories?post=13982"},{"taxonomy":"post_tag","embeddable":true,"href":"https:\/\/projectes.xtec.cat\/pfi\/wp-json\/wp\/v2\/tags?post=13982"}],"curies":[{"name":"wp","href":"https:\/\/api.w.org\/{rel}","templated":true}]}}