{"id":14015,"date":"2022-03-16T14:14:09","date_gmt":"2022-03-16T13:14:09","guid":{"rendered":"https:\/\/projectes.xtec.cat\/pfi\/?p=14015"},"modified":"2022-03-16T21:01:39","modified_gmt":"2022-03-16T20:01:39","slug":"els-pfi-de-jardineria-al-salo-de-lensenyament","status":"publish","type":"post","link":"https:\/\/projectes.xtec.cat\/pfi\/general\/els-pfi-de-jardineria-al-salo-de-lensenyament\/","title":{"rendered":"Els PFI de jardineria al Sal\u00f3 de l&#8217;Ensenyament"},"content":{"rendered":"<p>Els PFI d&#8217;Auxiliar en vivers i jardins de l&#8217;Institut Les Salines del Prat de Llobregat i l&#8217;Institut Vall d&#8217;Hebron de Barcelona han col\u00b7laborat al Sal\u00f3 de l&#8217;Ensenyament d&#8217;enguany fent una exposici\u00f3 de jardineria que mostra diferents t\u00e8cniques i estils paisatg\u00edstics: jard\u00ed zen, zona de plantes arom\u00e0tiques, espai de roca volc\u00e0nica, hort, decoraci\u00f3 floral&#8230;<\/p>\n<p>La exposici\u00f3 est\u00e0 instal\u00b7lada a l&#8217;entrada del Sal\u00f3, a la pla\u00e7a Univers en l&#8217;espai reservat per a la fam\u00edlia professional d&#8217;Agr\u00e0ria. Amb aquesta exposici\u00f3 es pret\u00e9n donar a con\u00e8ixer la professi\u00f3 de jardineria a la vegada que es posa en valor tota la bona feina que es fa als centres a trav\u00e9s dels PFI.<\/p>\n<p>Moltes felicitats a tots el alumnes i al professorat que ho ha fet possible!<\/p>\n<p><a href=\"https:\/\/projectes.xtec.cat\/pfi\/wp-content\/uploads\/usu1781\/2022\/03\/IMG-20220316-WA0013.png\"><img loading=\"lazy\" decoding=\"async\" class=\"alignnone wp-image-14019\" src=\"https:\/\/projectes.xtec.cat\/pfi\/wp-content\/uploads\/usu1781\/2022\/03\/IMG-20220316-WA0013.png\" alt=\"\" width=\"672\" height=\"503\" srcset=\"https:\/\/projectes.xtec.cat\/pfi\/wp-content\/uploads\/usu1781\/2022\/03\/IMG-20220316-WA0013.png 800w, https:\/\/projectes.xtec.cat\/pfi\/wp-content\/uploads\/usu1781\/2022\/03\/IMG-20220316-WA0013-300x225.png 300w, https:\/\/projectes.xtec.cat\/pfi\/wp-content\/uploads\/usu1781\/2022\/03\/IMG-20220316-WA0013-768x575.png 768w, https:\/\/projectes.xtec.cat\/pfi\/wp-content\/uploads\/usu1781\/2022\/03\/IMG-20220316-WA0013-200x150.png 200w\" sizes=\"auto, (max-width: 672px) 100vw, 672px\" \/><\/a><\/p>\n<p><a href=\"https:\/\/projectes.xtec.cat\/pfi\/wp-content\/uploads\/usu1781\/2022\/03\/IMG_20220316_102324.jpg\"><img loading=\"lazy\" decoding=\"async\" class=\"alignnone wp-image-14022\" src=\"https:\/\/projectes.xtec.cat\/pfi\/wp-content\/uploads\/usu1781\/2022\/03\/IMG_20220316_102324.jpg\" alt=\"\" width=\"651\" height=\"488\" srcset=\"https:\/\/projectes.xtec.cat\/pfi\/wp-content\/uploads\/usu1781\/2022\/03\/IMG_20220316_102324.jpg 1400w, https:\/\/projectes.xtec.cat\/pfi\/wp-content\/uploads\/usu1781\/2022\/03\/IMG_20220316_102324-300x225.jpg 300w, https:\/\/projectes.xtec.cat\/pfi\/wp-content\/uploads\/usu1781\/2022\/03\/IMG_20220316_102324-1024x768.jpg 1024w, https:\/\/projectes.xtec.cat\/pfi\/wp-content\/uploads\/usu1781\/2022\/03\/IMG_20220316_102324-768x576.jpg 768w, https:\/\/projectes.xtec.cat\/pfi\/wp-content\/uploads\/usu1781\/2022\/03\/IMG_20220316_102324-200x150.jpg 200w\" sizes=\"auto, (max-width: 651px) 100vw, 651px\" \/><\/a><\/p>\n<p><a href=\"https:\/\/projectes.xtec.cat\/pfi\/wp-content\/uploads\/usu1781\/2022\/03\/carretilla.jpg\"><img loading=\"lazy\" decoding=\"async\" class=\"alignnone wp-image-14024\" src=\"https:\/\/projectes.xtec.cat\/pfi\/wp-content\/uploads\/usu1781\/2022\/03\/carretilla.jpg\" alt=\"\" width=\"652\" height=\"489\" srcset=\"https:\/\/projectes.xtec.cat\/pfi\/wp-content\/uploads\/usu1781\/2022\/03\/carretilla.jpg 1400w, https:\/\/projectes.xtec.cat\/pfi\/wp-content\/uploads\/usu1781\/2022\/03\/carretilla-300x225.jpg 300w, https:\/\/projectes.xtec.cat\/pfi\/wp-content\/uploads\/usu1781\/2022\/03\/carretilla-1024x768.jpg 1024w, https:\/\/projectes.xtec.cat\/pfi\/wp-content\/uploads\/usu1781\/2022\/03\/carretilla-768x576.jpg 768w, https:\/\/projectes.xtec.cat\/pfi\/wp-content\/uploads\/usu1781\/2022\/03\/carretilla-200x150.jpg 200w\" sizes=\"auto, (max-width: 652px) 100vw, 652px\" \/><\/a><\/p>\n<p><a href=\"https:\/\/projectes.xtec.cat\/pfi\/wp-content\/uploads\/usu1781\/2022\/03\/IMG_20220316_102015.jpg\"><img loading=\"lazy\" decoding=\"async\" class=\"alignnone  wp-image-14020\" src=\"https:\/\/projectes.xtec.cat\/pfi\/wp-content\/uploads\/usu1781\/2022\/03\/IMG_20220316_102015.jpg\" alt=\"\" width=\"652\" height=\"489\" srcset=\"https:\/\/projectes.xtec.cat\/pfi\/wp-content\/uploads\/usu1781\/2022\/03\/IMG_20220316_102015.jpg 1400w, https:\/\/projectes.xtec.cat\/pfi\/wp-content\/uploads\/usu1781\/2022\/03\/IMG_20220316_102015-300x225.jpg 300w, https:\/\/projectes.xtec.cat\/pfi\/wp-content\/uploads\/usu1781\/2022\/03\/IMG_20220316_102015-1024x768.jpg 1024w, https:\/\/projectes.xtec.cat\/pfi\/wp-content\/uploads\/usu1781\/2022\/03\/IMG_20220316_102015-768x576.jpg 768w, https:\/\/projectes.xtec.cat\/pfi\/wp-content\/uploads\/usu1781\/2022\/03\/IMG_20220316_102015-200x150.jpg 200w\" sizes=\"auto, (max-width: 652px) 100vw, 652px\" \/><\/a><\/p>\n<p><a href=\"https:\/\/projectes.xtec.cat\/pfi\/wp-content\/uploads\/usu1781\/2022\/03\/collage2.png\"><img loading=\"lazy\" decoding=\"async\" class=\"alignnone size-full wp-image-14029\" src=\"https:\/\/projectes.xtec.cat\/pfi\/wp-content\/uploads\/usu1781\/2022\/03\/collage2.png\" alt=\"\" width=\"800\" height=\"600\" srcset=\"https:\/\/projectes.xtec.cat\/pfi\/wp-content\/uploads\/usu1781\/2022\/03\/collage2.png 800w, https:\/\/projectes.xtec.cat\/pfi\/wp-content\/uploads\/usu1781\/2022\/03\/collage2-300x225.png 300w, https:\/\/projectes.xtec.cat\/pfi\/wp-content\/uploads\/usu1781\/2022\/03\/collage2-768x576.png 768w, https:\/\/projectes.xtec.cat\/pfi\/wp-content\/uploads\/usu1781\/2022\/03\/collage2-200x150.png 200w\" sizes=\"auto, (max-width: 800px) 100vw, 800px\" \/><\/a><\/p>\n<p>#pfiCAT #impulsFP #SomFP<\/p>\n","protected":false},"excerpt":{"rendered":"<p>Els PFI d&#8217;Auxiliar en vivers i jardins de l&#8217;Institut Les Salines del Prat de Llobregat i l&#8217;Institut Vall d&#8217;Hebron de Barcelona han col\u00b7laborat al Sal\u00f3 de l&#8217;Ensenyament d&#8217;enguany fent una exposici\u00f3 de jardineria que mostra diferents t\u00e8cniques i estils paisatg\u00edstics: jard\u00ed zen, zona de plantes&hellip;  <a href=\"https:\/\/projectes.xtec.cat\/pfi\/general\/els-pfi-de-jardineria-al-salo-de-lensenyament\/\" title=\"Read Els PFI de jardineria al Sal\u00f3 de l&#8217;Ensenyament\">Llegeix m\u00e9s\u00bb<\/a><\/p>\n","protected":false},"author":1,"featured_media":14019,"comment_status":"open","ping_status":"closed","sticky":false,"template":"","format":"standard","meta":{"_bbp_topic_count":0,"_bbp_reply_count":0,"_bbp_total_topic_count":0,"_bbp_total_reply_count":0,"_bbp_voice_count":0,"_bbp_anonymous_reply_count":0,"_bbp_topic_count_hidden":0,"_bbp_reply_count_hidden":0,"_bbp_forum_subforum_count":0,"footnotes":""},"categories":[1,29],"tags":[539,412,540],"class_list":["post-14015","post","type-post","status-publish","format-standard","has-post-thumbnail","hentry","category-general","category-portada","tag-jardineria","tag-jardins","tag-paisatgisme"],"post_mailing_queue_ids":[],"_links":{"self":[{"href":"https:\/\/projectes.xtec.cat\/pfi\/wp-json\/wp\/v2\/posts\/14015","targetHints":{"allow":["GET"]}}],"collection":[{"href":"https:\/\/projectes.xtec.cat\/pfi\/wp-json\/wp\/v2\/posts"}],"about":[{"href":"https:\/\/projectes.xtec.cat\/pfi\/wp-json\/wp\/v2\/types\/post"}],"author":[{"embeddable":true,"href":"https:\/\/projectes.xtec.cat\/pfi\/wp-json\/wp\/v2\/users\/1"}],"replies":[{"embeddable":true,"href":"https:\/\/projectes.xtec.cat\/pfi\/wp-json\/wp\/v2\/comments?post=14015"}],"version-history":[{"count":3,"href":"https:\/\/projectes.xtec.cat\/pfi\/wp-json\/wp\/v2\/posts\/14015\/revisions"}],"predecessor-version":[{"id":14030,"href":"https:\/\/projectes.xtec.cat\/pfi\/wp-json\/wp\/v2\/posts\/14015\/revisions\/14030"}],"wp:featuredmedia":[{"embeddable":true,"href":"https:\/\/projectes.xtec.cat\/pfi\/wp-json\/wp\/v2\/media\/14019"}],"wp:attachment":[{"href":"https:\/\/projectes.xtec.cat\/pfi\/wp-json\/wp\/v2\/media?parent=14015"}],"wp:term":[{"taxonomy":"category","embeddable":true,"href":"https:\/\/projectes.xtec.cat\/pfi\/wp-json\/wp\/v2\/categories?post=14015"},{"taxonomy":"post_tag","embeddable":true,"href":"https:\/\/projectes.xtec.cat\/pfi\/wp-json\/wp\/v2\/tags?post=14015"}],"curies":[{"name":"wp","href":"https:\/\/api.w.org\/{rel}","templated":true}]}}