{"id":14116,"date":"2022-04-05T13:18:06","date_gmt":"2022-04-05T11:18:06","guid":{"rendered":"https:\/\/projectes.xtec.cat\/pfi\/?p=14116"},"modified":"2022-04-05T13:18:06","modified_gmt":"2022-04-05T11:18:06","slug":"sortida-recorregut-ignasia-ptt-vendes-i-ptt-fabricacio-mecanica","status":"publish","type":"post","link":"https:\/\/projectes.xtec.cat\/pfi\/general\/sortida-recorregut-ignasia-ptt-vendes-i-ptt-fabricacio-mecanica\/","title":{"rendered":"Sortida recorregut Ignasi\u00e0 PTT Vendes i PTT Fabricaci\u00f3 Mec\u00e0nica"},"content":{"rendered":"<p class=\"western\" align=\"justify\"><span style=\"color: #000000;\"><span style=\"font-family: Arial, sans-serif;\"><span style=\"font-size: medium;\">Els alumnes d\u2019au<\/span><\/span><\/span><span style=\"color: #000000;\"><span style=\"font-family: Arial, sans-serif;\"><span style=\"font-size: medium;\">xiliar de Vendes, Oficina i Atenci\u00f3 al P\u00fablic <\/span><\/span><\/span><span style=\"color: #000000;\"><span style=\"font-family: Arial, sans-serif;\"><span style=\"font-size: medium;\">i els de Fabricaci\u00f3 Mec\u00e0nica, durant aquest mes de mar\u00e7 h<\/span><\/span><\/span><span style=\"color: #000000;\"><span style=\"font-family: Arial, sans-serif;\"><span style=\"font-size: medium;\">an fe<\/span><\/span><\/span><span style=\"color: #000000;\"><span style=\"font-family: Arial, sans-serif;\"><span style=\"font-size: medium;\">t<\/span><\/span><\/span> <span style=\"color: #000000;\"><span style=\"font-family: Arial, sans-serif;\"><span style=\"font-size: medium;\">la sor<\/span><\/span><\/span><span style=\"color: #000000;\"><span style=\"font-family: Arial, sans-serif;\"><span style=\"font-size: medium;\">tida programada <\/span><\/span><\/span><span style=\"color: #000000;\"><span style=\"font-family: Arial, sans-serif;\"><span style=\"font-size: medium;\">\u00ab<\/span><\/span><\/span><span style=\"color: #000000;\"><span style=\"font-family: Arial, sans-serif;\"><span style=\"font-size: medium;\">R<\/span><\/span><\/span><span style=\"color: #000000;\"><span style=\"font-family: Arial, sans-serif;\"><span style=\"font-size: medium;\">ecorregut Ignasi\u00e0\u00bb, <\/span><\/span><\/span><span style=\"color: #000000;\"><span style=\"font-family: Arial, sans-serif;\"><span style=\"font-size: medium;\">vinculada amb les activitats de <\/span><\/span><\/span><span style=\"color: #000000;\"><span style=\"font-family: Arial, sans-serif;\"><span style=\"font-size: medium;\">descoberta de l\u2019entorn <\/span><\/span><\/span><span style=\"color: #000000;\"><span style=\"font-family: Arial, sans-serif;\"><span style=\"font-size: medium;\">i <\/span><\/span><\/span><span style=\"color: #000000;\"><span style=\"font-family: Arial, sans-serif;\"><span style=\"font-size: medium;\">que enguany t\u00e9 un simbolisme molt especial<\/span><\/span><\/span><span style=\"color: #000000;\"><span style=\"font-family: Arial, sans-serif;\"><span style=\"font-size: medium;\">, <\/span><\/span><\/span><span style=\"color: #000000;\"><span style=\"font-family: Arial, sans-serif;\"><span style=\"font-size: medium;\">ja que <\/span><\/span><\/span><span style=\"color: #000000;\"><span style=\"font-family: Arial, sans-serif;\"><span style=\"font-size: medium;\">l\u2019alumnat <\/span><\/span><\/span><span style=\"color: #000000;\"><span style=\"font-family: Arial, sans-serif;\"><span style=\"font-size: medium;\">dels dos perfils estan treballant en un Projecte conjunt<\/span><\/span><\/span> <span style=\"color: #000000;\"><span style=\"font-family: Arial, sans-serif;\"><span style=\"font-size: medium;\">relacionat amb <\/span><\/span><\/span><span style=\"color: #000000;\"><span style=\"font-family: Arial, sans-serif;\"><span style=\"font-size: medium;\">la<\/span><\/span><\/span><span style=\"color: #000000;\"><span style=\"font-family: Arial, sans-serif;\"><span style=\"font-size: medium;\"> commemoraci\u00f3 <\/span><\/span><\/span><span style=\"color: #000000;\"><span style=\"font-family: Arial, sans-serif;\"><span style=\"font-size: medium;\">dels 500 anys d\u2019<\/span><\/span><\/span><span style=\"color: #000000;\"><span style=\"font-family: Arial, sans-serif;\"><span style=\"font-size: medium;\">estada de <\/span><\/span><\/span><span style=\"color: #000000;\"><span style=\"font-family: Arial, sans-serif;\"><span style=\"font-size: medium;\">Sant Ignasi de Loiola <\/span><\/span><\/span><span style=\"color: #000000;\"><span style=\"font-family: Arial, sans-serif;\"><span style=\"font-size: medium;\">a Manresa.<\/span><\/span><\/span><\/p>\n<p class=\"western\" align=\"justify\"><span style=\"color: #000000;\"><span style=\"font-family: Arial, sans-serif;\"><span style=\"font-size: medium;\">El Projecte <\/span><\/span><\/span><span style=\"color: #000000;\"><span style=\"font-family: Arial, sans-serif;\"><span style=\"font-size: medium;\">col\u00b7laboratiu i transversal<\/span><\/span><\/span> <span style=\"color: #000000;\"><span style=\"font-family: Arial, sans-serif;\"><span style=\"font-size: medium;\">c<\/span><\/span><\/span><span style=\"color: #000000;\"><span style=\"font-family: Arial, sans-serif;\"><span style=\"font-size: medium;\">onsta de diferents parts: sortida, creaci\u00f3 d\u2019una presentaci\u00f3 <\/span><\/span><\/span><span style=\"color: #000000;\"><span style=\"font-family: Arial, sans-serif;\"><span style=\"font-size: medium;\">sobre Sant Ignasi de Loiola, <\/span><\/span><\/span><span style=\"color: #000000;\"><span style=\"font-family: Arial, sans-serif;\"><span style=\"font-size: medium;\">material publicitari, <\/span><\/span><\/span><span style=\"color: #000000;\"><span style=\"font-family: Arial, sans-serif;\"><span style=\"font-size: medium;\">i <\/span><\/span><\/span><span style=\"color: #000000;\"><span style=\"font-family: Arial, sans-serif;\"><span style=\"font-size: medium;\">creaci\u00f3 d\u2019un punt de llibre d\u2019acer galvanitzat amb <\/span><\/span><\/span><span style=\"color: #000000;\"><span style=\"font-family: Arial, sans-serif;\"><span style=\"font-size: medium;\">disseny relacionat amb la commemoraci\u00f3.<\/span><\/span><\/span><\/p>\n<p class=\"western\" align=\"left\"><span style=\"color: #000000;\"><span style=\"font-family: Open Sans, Helvetica, Arial, sans-serif;\"><span style=\"font-size: medium;\">Durant el recorregut, l\u2019alumnat van poder visitar llocs emblem\u00e0tics de Manresa, relacionats amb l\u2019estada <\/span><\/span><\/span><span style=\"color: #000000;\"><span style=\"font-family: Open Sans, Helvetica, Arial, sans-serif;\"><span style=\"font-size: medium;\">de Sant Ign<\/span><\/span><\/span><span style=\"color: #000000;\"><span style=\"font-family: Open Sans, Helvetica, Arial, sans-serif;\"><span style=\"font-size: medium;\">a<\/span><\/span><\/span><span style=\"color: #000000;\"><span style=\"font-family: Open Sans, Helvetica, Arial, sans-serif;\"><span style=\"font-size: medium;\">si:<\/span><\/span><\/span><\/p>\n<p><span style=\"color: #000000;\"><span style=\"font-family: Open Sans, Helvetica, Arial, sans-serif;\"><span style=\"font-size: medium;\"><strong>\u00b7<\/strong> Santuari de la cova<br \/>\n<strong>\u00b7<\/strong> Capella del Rapte (antic Hospital de Santa Ll\u00facia)<br \/>\n<\/span><\/span><\/span><span style=\"color: #000000;\"><span style=\"font-family: Arial, Helvetica, sans-serif;\"><span style=\"font-size: medium;\"><span style=\"font-family: Open Sans, Helvetica, Arial, sans-serif;\"><strong>\u00b7<\/strong> <\/span>P<\/span><\/span><\/span><span style=\"color: #000000;\"><span style=\"font-family: Arial, Helvetica, sans-serif;\"><span style=\"font-size: medium;\">ou de la Gallina<br \/>\n<\/span><\/span><\/span><span style=\"font-family: Arial, Helvetica, sans-serif;\"><span style=\"font-size: medium;\"><span style=\"color: #000000;\"><span style=\"font-family: Open Sans, Helvetica, Arial, sans-serif;\"><strong>\u00b7<\/strong> <\/span><\/span>Carrer del Bal\u00e7<br \/>\n<\/span><\/span><span style=\"font-family: Arial, Helvetica, sans-serif;\"><span style=\"font-size: medium;\"><span style=\"color: #000000;\"><span style=\"font-family: Open Sans, Helvetica, Arial, sans-serif;\"><strong>\u00b7<\/strong> <\/span><\/span>Pla\u00e7a Sant Ignasi Malalt<\/span><\/span><\/p>\n<p class=\"western\" align=\"justify\"><span style=\"color: #000000;\"><span style=\"font-family: Open Sans, Helvetica, Arial, sans-serif;\"><span style=\"font-size: medium;\">La sortida va ser molt profitosa i els alumnes van descob<\/span><\/span><\/span><span style=\"color: #000000;\"><span style=\"font-family: Open Sans, Helvetica, Arial, sans-serif;\"><span style=\"font-size: medium;\">r<\/span><\/span><\/span><span style=\"color: #000000;\"><span style=\"font-family: Open Sans, Helvetica, Arial, sans-serif;\"><span style=\"font-size: medium;\">ir llocs que tot i tenir-los a molt a prop no coneixen, i ha estat el punt d\u2019inici del Projecte que estan realitzant <\/span><\/span><\/span><span style=\"color: #000000;\"><span style=\"font-family: Open Sans, Helvetica, Arial, sans-serif;\"><span style=\"font-size: medium;\">conjuntament <\/span><\/span><\/span><span style=\"color: #000000;\"><span style=\"font-family: Open Sans, Helvetica, Arial, sans-serif;\"><span style=\"font-size: medium;\">\u00abIgnatius 500\u00bb.<\/span><\/span><\/span><\/p>\n<p align=\"justify\"><a href=\"https:\/\/projectes.xtec.cat\/pfi\/wp-content\/uploads\/usu1781\/2022\/04\/collage-sortida-okkk.jpg\"><img loading=\"lazy\" decoding=\"async\" class=\"alignnone size-large wp-image-14123\" src=\"https:\/\/projectes.xtec.cat\/pfi\/wp-content\/uploads\/usu1781\/2022\/04\/collage-sortida-okkk-724x1024.jpg\" alt=\"\" width=\"724\" height=\"1024\" srcset=\"https:\/\/projectes.xtec.cat\/pfi\/wp-content\/uploads\/usu1781\/2022\/04\/collage-sortida-okkk-724x1024.jpg 724w, https:\/\/projectes.xtec.cat\/pfi\/wp-content\/uploads\/usu1781\/2022\/04\/collage-sortida-okkk-212x300.jpg 212w, https:\/\/projectes.xtec.cat\/pfi\/wp-content\/uploads\/usu1781\/2022\/04\/collage-sortida-okkk-768x1086.jpg 768w, https:\/\/projectes.xtec.cat\/pfi\/wp-content\/uploads\/usu1781\/2022\/04\/collage-sortida-okkk-1086x1536.jpg 1086w, https:\/\/projectes.xtec.cat\/pfi\/wp-content\/uploads\/usu1781\/2022\/04\/collage-sortida-okkk-1448x2048.jpg 1448w, https:\/\/projectes.xtec.cat\/pfi\/wp-content\/uploads\/usu1781\/2022\/04\/collage-sortida-okkk.jpg 1587w\" sizes=\"auto, (max-width: 724px) 100vw, 724px\" \/><\/a><\/p>\n","protected":false},"excerpt":{"rendered":"<p>Els alumnes d\u2019auxiliar de Vendes, Oficina i Atenci\u00f3 al P\u00fablic i els de Fabricaci\u00f3 Mec\u00e0nica, durant aquest mes de mar\u00e7 han fet la sortida programada \u00abRecorregut Ignasi\u00e0\u00bb, vinculada amb les activitats de descoberta de l\u2019entorn i que enguany t\u00e9 un simbolisme molt especial, ja que&hellip;  <a href=\"https:\/\/projectes.xtec.cat\/pfi\/general\/sortida-recorregut-ignasia-ptt-vendes-i-ptt-fabricacio-mecanica\/\" title=\"Read Sortida recorregut Ignasi\u00e0 PTT Vendes i PTT Fabricaci\u00f3 Mec\u00e0nica\">Llegeix m\u00e9s\u00bb<\/a><\/p>\n","protected":false},"author":87,"featured_media":14123,"comment_status":"open","ping_status":"closed","sticky":false,"template":"","format":"standard","meta":{"_bbp_topic_count":0,"_bbp_reply_count":0,"_bbp_total_topic_count":0,"_bbp_total_reply_count":0,"_bbp_voice_count":0,"_bbp_anonymous_reply_count":0,"_bbp_topic_count_hidden":0,"_bbp_reply_count_hidden":0,"_bbp_forum_subforum_count":0,"footnotes":""},"categories":[1,382,29],"tags":[],"class_list":["post-14116","post","type-post","status-publish","format-standard","has-post-thumbnail","hentry","category-general","category-microprojectes","category-portada"],"post_mailing_queue_ids":[],"_links":{"self":[{"href":"https:\/\/projectes.xtec.cat\/pfi\/wp-json\/wp\/v2\/posts\/14116","targetHints":{"allow":["GET"]}}],"collection":[{"href":"https:\/\/projectes.xtec.cat\/pfi\/wp-json\/wp\/v2\/posts"}],"about":[{"href":"https:\/\/projectes.xtec.cat\/pfi\/wp-json\/wp\/v2\/types\/post"}],"author":[{"embeddable":true,"href":"https:\/\/projectes.xtec.cat\/pfi\/wp-json\/wp\/v2\/users\/87"}],"replies":[{"embeddable":true,"href":"https:\/\/projectes.xtec.cat\/pfi\/wp-json\/wp\/v2\/comments?post=14116"}],"version-history":[{"count":3,"href":"https:\/\/projectes.xtec.cat\/pfi\/wp-json\/wp\/v2\/posts\/14116\/revisions"}],"predecessor-version":[{"id":14126,"href":"https:\/\/projectes.xtec.cat\/pfi\/wp-json\/wp\/v2\/posts\/14116\/revisions\/14126"}],"wp:featuredmedia":[{"embeddable":true,"href":"https:\/\/projectes.xtec.cat\/pfi\/wp-json\/wp\/v2\/media\/14123"}],"wp:attachment":[{"href":"https:\/\/projectes.xtec.cat\/pfi\/wp-json\/wp\/v2\/media?parent=14116"}],"wp:term":[{"taxonomy":"category","embeddable":true,"href":"https:\/\/projectes.xtec.cat\/pfi\/wp-json\/wp\/v2\/categories?post=14116"},{"taxonomy":"post_tag","embeddable":true,"href":"https:\/\/projectes.xtec.cat\/pfi\/wp-json\/wp\/v2\/tags?post=14116"}],"curies":[{"name":"wp","href":"https:\/\/api.w.org\/{rel}","templated":true}]}}