{"id":14402,"date":"2022-05-10T11:22:14","date_gmt":"2022-05-10T09:22:14","guid":{"rendered":"https:\/\/projectes.xtec.cat\/pfi\/?p=14402"},"modified":"2022-05-12T14:25:49","modified_gmt":"2022-05-12T12:25:49","slug":"projecte-decades-pfi-mati-auxiliar-de-perruqueria-i-estetica-ribot-i-serra","status":"publish","type":"post","link":"https:\/\/projectes.xtec.cat\/pfi\/general\/projecte-decades-pfi-mati-auxiliar-de-perruqueria-i-estetica-ribot-i-serra\/","title":{"rendered":"Projecte D\u00e8cades PFI Auxiliar de Perruqueria i Est\u00e8tica-Ribot i Serra"},"content":{"rendered":"<p>Volem compartir un projecte transversal del PFI Auxiliar de Perruqueria i Est\u00e8tica de l&#8217;Institut Ribot i Serra.<\/p>\n<p>El PFI ha realitzat un projecte transversal dels m\u00f2duls generals i pr\u00e0ctics en el qual l&#8217;alumnat ha treballat, des dels m\u00f2duls generals la hist\u00f2ria, els moviments socials i art\u00edstics de les d\u00e8cades de 1900 fins els anys 2000. Des dels m\u00f2duls pr\u00e0ctics del PFI de mat\u00ed s&#8217;ha treballat moda i est\u00e8tica de les d\u00e8cades 20, 40 ,60 i 80 i des del PFI de tarda s&#8217;han treballat les d\u00e8cades 30, 50, 70, 90 i 2000.<\/p>\n<p>La feina te\u00f2rica ha quedat reflexada en dos Google Sites i la part pr\u00e0ctica s&#8217;ha plasmat en les seg\u00fcents fotografies on es veu el treball final de l&#8217;alumnat. Com podeu veure, la perspectiva de g\u00e8nere ha estat present al llarg de tot el treball, destacant el paper de les dones al llarg de la hist\u00f2ria. Per arribar a les fotografies finals l&#8217;alumnat va realitzar uns moodboards d&#8217;inspiraci\u00f3, facecharts i acting.<br \/>\nEsperem que entreu, remeneu i pugueu viatjar en el temps a trav\u00e9s dels nostres treballs!<\/p>\n<p><b>PFI MAT\u00cd<\/b><br \/>\nLa part del m\u00f2duls generals \u00e9s d&#8217;Aida Abell\u00f3 Vilalta.<br \/>\nLa part del m\u00f2duls pr\u00e0ctics \u00e9s de Sergi Mart\u00edn Martins.<\/p>\n<div>\n<div><\/div>\n<div><a href=\"https:\/\/sites.google.com\/ribotiserra.cat\/decadespfimati\/p%C3%A0gina-dinici?authuser=0&amp;pli=1\">https:\/\/sites.google.com\/ribotiserra.cat\/decadespfimati\/p%C3%A0gina-dinici?authuser=0&amp;pli=1<\/a><\/div>\n<\/div>\n<div>\n<table style=\"border-collapse: collapse; width: 100%;\">\n<tbody>\n<tr>\n<td style=\"width: 50%;\"><a href=\"https:\/\/projectes.xtec.cat\/pfi\/wp-content\/uploads\/usu1781\/2022\/05\/comprimida-scaled.jpg\"><img loading=\"lazy\" decoding=\"async\" class=\"alignnone size-large wp-image-14407\" src=\"https:\/\/projectes.xtec.cat\/pfi\/wp-content\/uploads\/usu1781\/2022\/05\/comprimida-1024x768.jpg\" alt=\"\" width=\"1024\" height=\"768\" srcset=\"https:\/\/projectes.xtec.cat\/pfi\/wp-content\/uploads\/usu1781\/2022\/05\/comprimida-1024x768.jpg 1024w, https:\/\/projectes.xtec.cat\/pfi\/wp-content\/uploads\/usu1781\/2022\/05\/comprimida-300x225.jpg 300w, https:\/\/projectes.xtec.cat\/pfi\/wp-content\/uploads\/usu1781\/2022\/05\/comprimida-768x576.jpg 768w, https:\/\/projectes.xtec.cat\/pfi\/wp-content\/uploads\/usu1781\/2022\/05\/comprimida-1536x1152.jpg 1536w, https:\/\/projectes.xtec.cat\/pfi\/wp-content\/uploads\/usu1781\/2022\/05\/comprimida-2048x1536.jpg 2048w, https:\/\/projectes.xtec.cat\/pfi\/wp-content\/uploads\/usu1781\/2022\/05\/comprimida-200x150.jpg 200w\" sizes=\"auto, (max-width: 1024px) 100vw, 1024px\" \/><\/a><\/td>\n<td style=\"width: 50%;\"><a href=\"https:\/\/projectes.xtec.cat\/pfi\/wp-content\/uploads\/usu1781\/2022\/05\/Picsart_22-04-26_11-53-55-370-1-scaled.jpg\"><img loading=\"lazy\" decoding=\"async\" class=\"alignnone size-large wp-image-14405\" src=\"https:\/\/projectes.xtec.cat\/pfi\/wp-content\/uploads\/usu1781\/2022\/05\/Picsart_22-04-26_11-53-55-370-1-1024x768.jpg\" alt=\"\" width=\"1024\" height=\"768\" srcset=\"https:\/\/projectes.xtec.cat\/pfi\/wp-content\/uploads\/usu1781\/2022\/05\/Picsart_22-04-26_11-53-55-370-1-1024x768.jpg 1024w, https:\/\/projectes.xtec.cat\/pfi\/wp-content\/uploads\/usu1781\/2022\/05\/Picsart_22-04-26_11-53-55-370-1-300x225.jpg 300w, https:\/\/projectes.xtec.cat\/pfi\/wp-content\/uploads\/usu1781\/2022\/05\/Picsart_22-04-26_11-53-55-370-1-768x576.jpg 768w, https:\/\/projectes.xtec.cat\/pfi\/wp-content\/uploads\/usu1781\/2022\/05\/Picsart_22-04-26_11-53-55-370-1-1536x1152.jpg 1536w, https:\/\/projectes.xtec.cat\/pfi\/wp-content\/uploads\/usu1781\/2022\/05\/Picsart_22-04-26_11-53-55-370-1-2048x1536.jpg 2048w, https:\/\/projectes.xtec.cat\/pfi\/wp-content\/uploads\/usu1781\/2022\/05\/Picsart_22-04-26_11-53-55-370-1-200x150.jpg 200w\" sizes=\"auto, (max-width: 1024px) 100vw, 1024px\" \/><\/a><\/td>\n<\/tr>\n<tr>\n<td style=\"width: 50%;\"><a href=\"https:\/\/projectes.xtec.cat\/pfi\/wp-content\/uploads\/usu1781\/2022\/05\/comprimida-4.jpg\"><img loading=\"lazy\" decoding=\"async\" class=\"alignnone size-large wp-image-14410\" src=\"https:\/\/projectes.xtec.cat\/pfi\/wp-content\/uploads\/usu1781\/2022\/05\/comprimida-4.jpg\" alt=\"\" width=\"1024\" height=\"768\" srcset=\"https:\/\/projectes.xtec.cat\/pfi\/wp-content\/uploads\/usu1781\/2022\/05\/comprimida-4.jpg 1024w, https:\/\/projectes.xtec.cat\/pfi\/wp-content\/uploads\/usu1781\/2022\/05\/comprimida-4-300x225.jpg 300w, https:\/\/projectes.xtec.cat\/pfi\/wp-content\/uploads\/usu1781\/2022\/05\/comprimida-4-768x576.jpg 768w, https:\/\/projectes.xtec.cat\/pfi\/wp-content\/uploads\/usu1781\/2022\/05\/comprimida-4-200x150.jpg 200w\" sizes=\"auto, (max-width: 1024px) 100vw, 1024px\" \/><\/a><\/td>\n<td style=\"width: 50%;\"><a href=\"https:\/\/projectes.xtec.cat\/pfi\/wp-content\/uploads\/usu1781\/2022\/05\/Picsart_22-04-26_12-03-13-771-scaled.jpg\"><img loading=\"lazy\" decoding=\"async\" class=\"alignnone size-large wp-image-14406\" src=\"https:\/\/projectes.xtec.cat\/pfi\/wp-content\/uploads\/usu1781\/2022\/05\/Picsart_22-04-26_12-03-13-771-1024x768.jpg\" alt=\"\" width=\"1024\" height=\"768\" srcset=\"https:\/\/projectes.xtec.cat\/pfi\/wp-content\/uploads\/usu1781\/2022\/05\/Picsart_22-04-26_12-03-13-771-1024x768.jpg 1024w, https:\/\/projectes.xtec.cat\/pfi\/wp-content\/uploads\/usu1781\/2022\/05\/Picsart_22-04-26_12-03-13-771-300x225.jpg 300w, https:\/\/projectes.xtec.cat\/pfi\/wp-content\/uploads\/usu1781\/2022\/05\/Picsart_22-04-26_12-03-13-771-768x576.jpg 768w, https:\/\/projectes.xtec.cat\/pfi\/wp-content\/uploads\/usu1781\/2022\/05\/Picsart_22-04-26_12-03-13-771-1536x1152.jpg 1536w, https:\/\/projectes.xtec.cat\/pfi\/wp-content\/uploads\/usu1781\/2022\/05\/Picsart_22-04-26_12-03-13-771-2048x1536.jpg 2048w, https:\/\/projectes.xtec.cat\/pfi\/wp-content\/uploads\/usu1781\/2022\/05\/Picsart_22-04-26_12-03-13-771-200x150.jpg 200w\" sizes=\"auto, (max-width: 1024px) 100vw, 1024px\" \/><\/a><\/td>\n<\/tr>\n<tr>\n<td style=\"width: 50%;\"><a href=\"https:\/\/projectes.xtec.cat\/pfi\/wp-content\/uploads\/usu1781\/2022\/05\/P1100572-scaled.jpg\"><img loading=\"lazy\" decoding=\"async\" class=\"alignnone size-large wp-image-14404\" src=\"https:\/\/projectes.xtec.cat\/pfi\/wp-content\/uploads\/usu1781\/2022\/05\/P1100572-1024x740.jpg\" alt=\"\" width=\"1024\" height=\"740\" srcset=\"https:\/\/projectes.xtec.cat\/pfi\/wp-content\/uploads\/usu1781\/2022\/05\/P1100572-1024x740.jpg 1024w, https:\/\/projectes.xtec.cat\/pfi\/wp-content\/uploads\/usu1781\/2022\/05\/P1100572-300x217.jpg 300w, https:\/\/projectes.xtec.cat\/pfi\/wp-content\/uploads\/usu1781\/2022\/05\/P1100572-768x555.jpg 768w, https:\/\/projectes.xtec.cat\/pfi\/wp-content\/uploads\/usu1781\/2022\/05\/P1100572-1536x1110.jpg 1536w, https:\/\/projectes.xtec.cat\/pfi\/wp-content\/uploads\/usu1781\/2022\/05\/P1100572-2048x1480.jpg 2048w\" sizes=\"auto, (max-width: 1024px) 100vw, 1024px\" \/><\/a><\/td>\n<td style=\"width: 50%;\"><a href=\"https:\/\/projectes.xtec.cat\/pfi\/wp-content\/uploads\/usu1781\/2022\/05\/comprimida-2-scaled.jpg\"><img loading=\"lazy\" decoding=\"async\" class=\"alignnone size-large wp-image-14408\" src=\"https:\/\/projectes.xtec.cat\/pfi\/wp-content\/uploads\/usu1781\/2022\/05\/comprimida-2-1024x768.jpg\" alt=\"\" width=\"1024\" height=\"768\" srcset=\"https:\/\/projectes.xtec.cat\/pfi\/wp-content\/uploads\/usu1781\/2022\/05\/comprimida-2-1024x768.jpg 1024w, https:\/\/projectes.xtec.cat\/pfi\/wp-content\/uploads\/usu1781\/2022\/05\/comprimida-2-300x225.jpg 300w, https:\/\/projectes.xtec.cat\/pfi\/wp-content\/uploads\/usu1781\/2022\/05\/comprimida-2-768x576.jpg 768w, https:\/\/projectes.xtec.cat\/pfi\/wp-content\/uploads\/usu1781\/2022\/05\/comprimida-2-1536x1152.jpg 1536w, https:\/\/projectes.xtec.cat\/pfi\/wp-content\/uploads\/usu1781\/2022\/05\/comprimida-2-2048x1536.jpg 2048w, https:\/\/projectes.xtec.cat\/pfi\/wp-content\/uploads\/usu1781\/2022\/05\/comprimida-2-200x150.jpg 200w\" sizes=\"auto, (max-width: 1024px) 100vw, 1024px\" \/><\/a><\/td>\n<\/tr>\n<tr>\n<td style=\"width: 50%;\" colspan=\"2\"><a href=\"https:\/\/projectes.xtec.cat\/pfi\/wp-content\/uploads\/usu1781\/2022\/05\/comprimida-3-scaled.jpg\"><img loading=\"lazy\" decoding=\"async\" class=\"wp-image-14409 aligncenter\" src=\"https:\/\/projectes.xtec.cat\/pfi\/wp-content\/uploads\/usu1781\/2022\/05\/comprimida-3-1024x768.jpg\" alt=\"\" width=\"612\" height=\"458\" srcset=\"https:\/\/projectes.xtec.cat\/pfi\/wp-content\/uploads\/usu1781\/2022\/05\/comprimida-3-1024x768.jpg 1024w, https:\/\/projectes.xtec.cat\/pfi\/wp-content\/uploads\/usu1781\/2022\/05\/comprimida-3-300x225.jpg 300w, https:\/\/projectes.xtec.cat\/pfi\/wp-content\/uploads\/usu1781\/2022\/05\/comprimida-3-768x576.jpg 768w, https:\/\/projectes.xtec.cat\/pfi\/wp-content\/uploads\/usu1781\/2022\/05\/comprimida-3-1536x1152.jpg 1536w, https:\/\/projectes.xtec.cat\/pfi\/wp-content\/uploads\/usu1781\/2022\/05\/comprimida-3-2048x1536.jpg 2048w, https:\/\/projectes.xtec.cat\/pfi\/wp-content\/uploads\/usu1781\/2022\/05\/comprimida-3-200x150.jpg 200w\" sizes=\"auto, (max-width: 612px) 100vw, 612px\" \/><\/a><\/td>\n<\/tr>\n<\/tbody>\n<\/table>\n<\/div>\n<div><\/div>\n<div>\n<div><\/div>\n<div><\/div>\n<\/div>\n<p><b>PFI TARDA<\/b><\/p>\n<p>ANYS 50, 70 ,90 I 2000.<br \/>\nM\u00f2duls Generals: Manuel Delgado<br \/>\nM\u00f2duls Pr\u00e0ctics:\u00a0Montserrat Ricart i Joana Moreno<\/p>\n<p><a href=\"https:\/\/sites.google.com\/ribotiserra.cat\/decadesdelamodapfitarda\/p%C3%A0gina-principal?pli=1&amp;amp;authuser=0\">Enlla\u00e7 de Google Sites<\/a><\/p>\n<div>\n<table style=\"border-collapse: collapse; width: 100%;\">\n<tbody>\n<tr>\n<td style=\"width: 50%;\"><a href=\"https:\/\/projectes.xtec.cat\/pfi\/wp-content\/uploads\/usu1781\/2022\/05\/DECADA-2000.jpg\"><img loading=\"lazy\" decoding=\"async\" class=\"aligncenter size-full wp-image-14418\" src=\"https:\/\/projectes.xtec.cat\/pfi\/wp-content\/uploads\/usu1781\/2022\/05\/DECADA-2000.jpg\" alt=\"\" width=\"880\" height=\"935\" srcset=\"https:\/\/projectes.xtec.cat\/pfi\/wp-content\/uploads\/usu1781\/2022\/05\/DECADA-2000.jpg 880w, https:\/\/projectes.xtec.cat\/pfi\/wp-content\/uploads\/usu1781\/2022\/05\/DECADA-2000-282x300.jpg 282w, https:\/\/projectes.xtec.cat\/pfi\/wp-content\/uploads\/usu1781\/2022\/05\/DECADA-2000-768x816.jpg 768w\" sizes=\"auto, (max-width: 880px) 100vw, 880px\" \/><\/a><\/td>\n<td style=\"width: 50%;\"><a href=\"https:\/\/projectes.xtec.cat\/pfi\/wp-content\/uploads\/usu1781\/2022\/05\/DECADA-90s-.jpg\"><img loading=\"lazy\" decoding=\"async\" class=\"aligncenter size-full wp-image-14417\" src=\"https:\/\/projectes.xtec.cat\/pfi\/wp-content\/uploads\/usu1781\/2022\/05\/DECADA-90s-.jpg\" alt=\"\" width=\"764\" height=\"718\" srcset=\"https:\/\/projectes.xtec.cat\/pfi\/wp-content\/uploads\/usu1781\/2022\/05\/DECADA-90s-.jpg 764w, https:\/\/projectes.xtec.cat\/pfi\/wp-content\/uploads\/usu1781\/2022\/05\/DECADA-90s--300x282.jpg 300w\" sizes=\"auto, (max-width: 764px) 100vw, 764px\" \/><\/a><\/td>\n<\/tr>\n<tr>\n<td style=\"width: 50%;\"><a href=\"https:\/\/projectes.xtec.cat\/pfi\/wp-content\/uploads\/usu1781\/2022\/05\/DECADA-70s.jpg\"><img loading=\"lazy\" decoding=\"async\" class=\"aligncenter size-full wp-image-14416\" src=\"https:\/\/projectes.xtec.cat\/pfi\/wp-content\/uploads\/usu1781\/2022\/05\/DECADA-70s.jpg\" alt=\"\" width=\"1117\" height=\"1194\" srcset=\"https:\/\/projectes.xtec.cat\/pfi\/wp-content\/uploads\/usu1781\/2022\/05\/DECADA-70s.jpg 1117w, https:\/\/projectes.xtec.cat\/pfi\/wp-content\/uploads\/usu1781\/2022\/05\/DECADA-70s-281x300.jpg 281w, https:\/\/projectes.xtec.cat\/pfi\/wp-content\/uploads\/usu1781\/2022\/05\/DECADA-70s-958x1024.jpg 958w, https:\/\/projectes.xtec.cat\/pfi\/wp-content\/uploads\/usu1781\/2022\/05\/DECADA-70s-768x821.jpg 768w\" sizes=\"auto, (max-width: 1117px) 100vw, 1117px\" \/><\/a><\/td>\n<td style=\"width: 50%;\"><a href=\"https:\/\/projectes.xtec.cat\/pfi\/wp-content\/uploads\/usu1781\/2022\/05\/DECADA-50s-.jpg\"><img loading=\"lazy\" decoding=\"async\" class=\"aligncenter size-full wp-image-14415\" src=\"https:\/\/projectes.xtec.cat\/pfi\/wp-content\/uploads\/usu1781\/2022\/05\/DECADA-50s-.jpg\" alt=\"\" width=\"1006\" height=\"896\" srcset=\"https:\/\/projectes.xtec.cat\/pfi\/wp-content\/uploads\/usu1781\/2022\/05\/DECADA-50s-.jpg 1006w, https:\/\/projectes.xtec.cat\/pfi\/wp-content\/uploads\/usu1781\/2022\/05\/DECADA-50s--300x267.jpg 300w, https:\/\/projectes.xtec.cat\/pfi\/wp-content\/uploads\/usu1781\/2022\/05\/DECADA-50s--768x684.jpg 768w\" sizes=\"auto, (max-width: 1006px) 100vw, 1006px\" \/><\/a><\/td>\n<\/tr>\n<\/tbody>\n<\/table>\n<\/div>\n<div><\/div>\n<div>#pfiCAT #SomFP #ImpulsFP<\/div>\n","protected":false},"excerpt":{"rendered":"<p>Volem compartir un projecte transversal del PFI Auxiliar de Perruqueria i Est\u00e8tica de l&#8217;Institut Ribot i Serra.<br \/>\nEl PFI ha realitzat un projecte transversal dels m\u00f2duls generals i pr\u00e0ctics en el qual l&#8217;alumnat ha treballat, des dels m\u00f2duls generals la hist\u00f2ria, els moviments socials i art\u00edstics&hellip;  <a href=\"https:\/\/projectes.xtec.cat\/pfi\/general\/projecte-decades-pfi-mati-auxiliar-de-perruqueria-i-estetica-ribot-i-serra\/\" title=\"Read Projecte D\u00e8cades PFI Auxiliar de Perruqueria i Est\u00e8tica-Ribot i Serra\">Llegeix m\u00e9s\u00bb<\/a><\/p>\n","protected":false},"author":233,"featured_media":14410,"comment_status":"open","ping_status":"closed","sticky":false,"template":"","format":"standard","meta":{"_bbp_topic_count":0,"_bbp_reply_count":0,"_bbp_total_topic_count":0,"_bbp_total_reply_count":0,"_bbp_voice_count":0,"_bbp_anonymous_reply_count":0,"_bbp_topic_count_hidden":0,"_bbp_reply_count_hidden":0,"_bbp_forum_subforum_count":0,"footnotes":""},"categories":[380,1,29],"tags":[],"class_list":["post-14402","post","type-post","status-publish","format-standard","has-post-thumbnail","hentry","category-coed-i-igualtat","category-general","category-portada"],"post_mailing_queue_ids":[],"_links":{"self":[{"href":"https:\/\/projectes.xtec.cat\/pfi\/wp-json\/wp\/v2\/posts\/14402","targetHints":{"allow":["GET"]}}],"collection":[{"href":"https:\/\/projectes.xtec.cat\/pfi\/wp-json\/wp\/v2\/posts"}],"about":[{"href":"https:\/\/projectes.xtec.cat\/pfi\/wp-json\/wp\/v2\/types\/post"}],"author":[{"embeddable":true,"href":"https:\/\/projectes.xtec.cat\/pfi\/wp-json\/wp\/v2\/users\/233"}],"replies":[{"embeddable":true,"href":"https:\/\/projectes.xtec.cat\/pfi\/wp-json\/wp\/v2\/comments?post=14402"}],"version-history":[{"count":4,"href":"https:\/\/projectes.xtec.cat\/pfi\/wp-json\/wp\/v2\/posts\/14402\/revisions"}],"predecessor-version":[{"id":14455,"href":"https:\/\/projectes.xtec.cat\/pfi\/wp-json\/wp\/v2\/posts\/14402\/revisions\/14455"}],"wp:featuredmedia":[{"embeddable":true,"href":"https:\/\/projectes.xtec.cat\/pfi\/wp-json\/wp\/v2\/media\/14410"}],"wp:attachment":[{"href":"https:\/\/projectes.xtec.cat\/pfi\/wp-json\/wp\/v2\/media?parent=14402"}],"wp:term":[{"taxonomy":"category","embeddable":true,"href":"https:\/\/projectes.xtec.cat\/pfi\/wp-json\/wp\/v2\/categories?post=14402"},{"taxonomy":"post_tag","embeddable":true,"href":"https:\/\/projectes.xtec.cat\/pfi\/wp-json\/wp\/v2\/tags?post=14402"}],"curies":[{"name":"wp","href":"https:\/\/api.w.org\/{rel}","templated":true}]}}