{"id":14538,"date":"2022-05-30T12:42:50","date_gmt":"2022-05-30T10:42:50","guid":{"rendered":"https:\/\/projectes.xtec.cat\/pfi\/?p=14538"},"modified":"2022-05-30T12:43:12","modified_gmt":"2022-05-30T10:43:12","slug":"jornada-daprenentatge-compartit-de-dietetica-cuina-i-catering","status":"publish","type":"post","link":"https:\/\/projectes.xtec.cat\/pfi\/general\/jornada-daprenentatge-compartit-de-dietetica-cuina-i-catering\/","title":{"rendered":"Jornada d&#8217;aprenentatge compartit de Diet\u00e8tica, Cuina i C\u00e0tering"},"content":{"rendered":"<p>El dimecres 18 de maig, el PFI d&#8217;auxiliar d&#8217;hoteleria: cuina i c\u00e0tering del CEE Verge de la Cinta de Tortosa (Fundaci\u00f3 Merc\u00e8 Pla) vam desenvolupar, conjuntament amb el CFGS de Diet\u00e8tica de l&#8217;Institut de l&#8217;Ebre de Tortosa, la I Jornada d&#8217;aprenentatge compartit de Diet\u00e8tica, cuina i c\u00e0tering. Aqu\u00ed us passen la cr\u00f2nica d&#8217;aquest esdeveniment.<\/p>\n<table style=\"border-collapse: collapse; width: 100%;\">\n<tbody>\n<tr>\n<td style=\"width: 37.8558%;\"><a href=\"https:\/\/projectes.xtec.cat\/pfi\/wp-content\/uploads\/usu1781\/2022\/05\/JAC_PFI_CFGSDietetica220518_01.jpg\"><img loading=\"lazy\" decoding=\"async\" class=\"alignnone wp-image-14541\" src=\"https:\/\/projectes.xtec.cat\/pfi\/wp-content\/uploads\/usu1781\/2022\/05\/JAC_PFI_CFGSDietetica220518_01-1024x772.jpg\" alt=\"\" width=\"349\" height=\"263\" srcset=\"https:\/\/projectes.xtec.cat\/pfi\/wp-content\/uploads\/usu1781\/2022\/05\/JAC_PFI_CFGSDietetica220518_01-1024x772.jpg 1024w, https:\/\/projectes.xtec.cat\/pfi\/wp-content\/uploads\/usu1781\/2022\/05\/JAC_PFI_CFGSDietetica220518_01-300x226.jpg 300w, https:\/\/projectes.xtec.cat\/pfi\/wp-content\/uploads\/usu1781\/2022\/05\/JAC_PFI_CFGSDietetica220518_01-768x579.jpg 768w, https:\/\/projectes.xtec.cat\/pfi\/wp-content\/uploads\/usu1781\/2022\/05\/JAC_PFI_CFGSDietetica220518_01-200x150.jpg 200w, https:\/\/projectes.xtec.cat\/pfi\/wp-content\/uploads\/usu1781\/2022\/05\/JAC_PFI_CFGSDietetica220518_01.jpg 1164w\" sizes=\"auto, (max-width: 349px) 100vw, 349px\" \/><\/a><\/td>\n<td style=\"width: 35.7455%;\"><a href=\"https:\/\/projectes.xtec.cat\/pfi\/wp-content\/uploads\/usu1781\/2022\/05\/JAC_PFI_CFGSDietetica220518_03.jpg\"><img loading=\"lazy\" decoding=\"async\" class=\"alignnone size-large wp-image-14542\" src=\"https:\/\/projectes.xtec.cat\/pfi\/wp-content\/uploads\/usu1781\/2022\/05\/JAC_PFI_CFGSDietetica220518_03-1024x791.jpg\" alt=\"\" width=\"1024\" height=\"791\" srcset=\"https:\/\/projectes.xtec.cat\/pfi\/wp-content\/uploads\/usu1781\/2022\/05\/JAC_PFI_CFGSDietetica220518_03-1024x791.jpg 1024w, https:\/\/projectes.xtec.cat\/pfi\/wp-content\/uploads\/usu1781\/2022\/05\/JAC_PFI_CFGSDietetica220518_03-300x232.jpg 300w, https:\/\/projectes.xtec.cat\/pfi\/wp-content\/uploads\/usu1781\/2022\/05\/JAC_PFI_CFGSDietetica220518_03-768x594.jpg 768w, https:\/\/projectes.xtec.cat\/pfi\/wp-content\/uploads\/usu1781\/2022\/05\/JAC_PFI_CFGSDietetica220518_03.jpg 1140w\" sizes=\"auto, (max-width: 1024px) 100vw, 1024px\" \/><\/a><\/td>\n<td style=\"width: 26.3986%;\"><a href=\"https:\/\/projectes.xtec.cat\/pfi\/wp-content\/uploads\/usu1781\/2022\/05\/JAC_PFI_CFGSDietetica220518_04.jpg\"><img loading=\"lazy\" decoding=\"async\" class=\"alignnone wp-image-14543\" src=\"https:\/\/projectes.xtec.cat\/pfi\/wp-content\/uploads\/usu1781\/2022\/05\/JAC_PFI_CFGSDietetica220518_04.jpg\" alt=\"\" width=\"287\" height=\"321\" srcset=\"https:\/\/projectes.xtec.cat\/pfi\/wp-content\/uploads\/usu1781\/2022\/05\/JAC_PFI_CFGSDietetica220518_04.jpg 658w, https:\/\/projectes.xtec.cat\/pfi\/wp-content\/uploads\/usu1781\/2022\/05\/JAC_PFI_CFGSDietetica220518_04-268x300.jpg 268w\" sizes=\"auto, (max-width: 287px) 100vw, 287px\" \/><\/a><\/td>\n<\/tr>\n<\/tbody>\n<\/table>\n<p>Durant el curs 2019-2020 vam iniciar el projecte &#8220;Vivint l&#8217;institut&#8221; amb la finalitat de proporcionar <a href=\"https:\/\/agora.xtec.cat\/esc-verge-cinta\/general\/camins-cap-a-la-inclusio-projecte-dinnovacio-pedagogica\/\">camins per a la inclusi\u00f3<\/a> educativa de l&#8217;alumnat de l&#8217;etapa de postobligat\u00f2ria. La finalitat d&#8217;aquesta iniciativa \u00e9s proporcionar a tothom entorns d&#8217;aprenentatge normalitzats. Quan comen\u00e7\u00e0vem a fer valoraci\u00f3 dels primers mesos d&#8217;experi\u00e8ncia, de sobte, va irrompre la covid19 i ens va imposar a tots l&#8217;establiment de grups bombolla, generant una muni\u00f3 de barreres f\u00edsiques i psicol\u00f2giques que encara estem lluny de deixar enrere.<\/p>\n<p>A l&#8217;inici d&#8217;aquest curs 2021-2022 i malgrat que la situaci\u00f3 pand\u00e8mica encara presentava onades peri\u00f2dicament, vam veure la necessitat de reemprendre el projecte tot i ser conscient que no el recuper\u00e0vem en el punt on el vam deixar, sin\u00f3 que la Covid19 havia canviat coses i havia creat noves barreres per a la inclusi\u00f3. En canvi, hi ha una cosa que ja sab\u00edem al 2019 i que segueix vigent: la inclusi\u00f3 educativa \u00e9s el cam\u00ed a seguir i per fer-la possible ens cal promoure, establir i nodrir aliances amb altres centres educatius amb els qui puguem compartir una visi\u00f3 similar del que suposa l&#8217;educaci\u00f3 del segle XXI. En\u00a0 aquest sentit, cal deixar clar que &#8220;Vivint l&#8217;institut&#8221; \u00e9s i ha estat des de bon comen\u00e7ament un projecte compartit amb l&#8217;<a href=\"https:\/\/insebre.cat\/\">Institut de l&#8217;Ebre<\/a>. No podria haver estat de cap altra manera. Sense la clara determinaci\u00f3 de tots dos centres educatius per tal de construir un futur diferent per a tothom, aportant cadasc\u00fa els recursos de qu\u00e8 disposem, res hagu\u00e9s estat possible.<\/p>\n<p>Dur a terme bona part de l&#8217;activitat lectiva del PFI d&#8217;auxiliar d&#8217;hoteleria: cuina i c\u00e0tering a les aules de l&#8217;institut ens ha perm\u00e8s ubicar-nos en la din\u00e0mica habitual de la formaci\u00f3 professional sense deixar de proporcionar els suports educatius espec\u00edfics. Aquest ha estat un primer pas, necessari, per\u00f2 no suficient. Els nostres objectius van molt m\u00e9s enll\u00e0 de la simple presencialitat i per seguir avan\u00e7ant calia articular espais de participaci\u00f3 activa. La conviv\u00e8ncia \u00e9s un cam\u00ed de doble sentit en qu\u00e8 s&#8217;ha de fer pal\u00e8s que &#8220;ning\u00fa en sap tant com per no tenir res que aprendre ni tant poc com per no tenir res que ensenyar&#8221; (tal com deia el mestre Daniel Reyes). El disseny d&#8217;activitats inclusives cal fonamentar-lo en participacions heterog\u00e8nies i ja vam poder-ne comprovar la seva viabilitat poc abans de l&#8217;esclat de la pand\u00e8mia a l&#8217;<a href=\"https:\/\/agora.xtec.cat\/esc-verge-cinta\/general\/emotiva-experiencia-dinclusio-educativa\/\">Ebre Challenge 2020<\/a>. A partir d&#8217;aquestes premisses es va plantejar el disseny de la I Jornada d&#8217;aprenentatge compartit de diet\u00e8tica, cuina i c\u00e0tering, la qual hem implementat recentment.<\/p>\n<table style=\"border-collapse: collapse; width: 100%; height: 301px;\">\n<tbody>\n<tr style=\"height: 301px;\">\n<td style=\"width: 50%; height: 301px;\"><a href=\"https:\/\/agora.xtec.cat\/esc-verge-cinta\/wp-content\/uploads\/usu552\/2022\/05\/cartell.jpg\"><img loading=\"lazy\" decoding=\"async\" class=\"alignnone size-full wp-image-8457\" src=\"https:\/\/agora.xtec.cat\/esc-verge-cinta\/wp-content\/uploads\/usu552\/2022\/05\/cartell.jpg\" alt=\"\" width=\"946\" height=\"649\" \/><\/a><\/td>\n<\/tr>\n<\/tbody>\n<\/table>\n<p>Des del PFI vam explicar com &#8220;<a href=\"https:\/\/docs.google.com\/presentation\/d\/1HOvsEos3AajxbfZb9ALSnPKYEO2eXefliF6dc1Sip4s\/edit?usp=sharing\">Ens preparem el dinar<\/a>&#8220;. \u00c9s a dir, a partir d&#8217;una necessitat tant b\u00e0sica com la preparaci\u00f3 dels nostres \u00e0pats, vam descriure com una proposta mensual es concretava en un men\u00fa setmanal i finalment en una pr\u00e0ctica concreta. Vam aprofundir en la manera com utilitzem les receptes basant-nos en &#8220;ordres de treball&#8221; i vam detallar com cerquem la transfer\u00e8ncia de l&#8217;aprenentatge tant a nivell de l&#8217;adquisici\u00f3 i aplicaci\u00f3 de les compet\u00e8ncies t\u00e8cniques del perfil professional del nostre PFI aix\u00ed com en la millora de l&#8217;autonomia en l&#8217;elaboraci\u00f3 d&#8217;\u00e0pats en la transici\u00f3 cap a la vida adulta.<\/p>\n<table style=\"border-collapse: collapse; width: 100%;\">\n<tbody>\n<tr>\n<td style=\"width: 50%;\"><a href=\"https:\/\/docs.google.com\/presentation\/d\/1HOvsEos3AajxbfZb9ALSnPKYEO2eXefliF6dc1Sip4s\/edit?usp=sharing\"><img loading=\"lazy\" decoding=\"async\" class=\"wp-image-8488 aligncenter\" src=\"https:\/\/agora.xtec.cat\/esc-verge-cinta\/wp-content\/uploads\/usu552\/2022\/05\/PortadaPresEns-preparem-el-dinar-1024x576.jpg\" alt=\"\" width=\"477\" height=\"268\" \/><\/a><\/td>\n<td style=\"width: 50%;\"><a href=\"https:\/\/docs.google.com\/presentation\/d\/1HOvsEos3AajxbfZb9ALSnPKYEO2eXefliF6dc1Sip4s\/edit?usp=sharing\"><img loading=\"lazy\" decoding=\"async\" class=\"alignnone size-large wp-image-14546\" src=\"https:\/\/projectes.xtec.cat\/pfi\/wp-content\/uploads\/usu1781\/2022\/05\/Pres-EnsPreparem-el-dinar-05-1024x577.jpg\" alt=\"\" width=\"1024\" height=\"577\" srcset=\"https:\/\/projectes.xtec.cat\/pfi\/wp-content\/uploads\/usu1781\/2022\/05\/Pres-EnsPreparem-el-dinar-05-1024x577.jpg 1024w, https:\/\/projectes.xtec.cat\/pfi\/wp-content\/uploads\/usu1781\/2022\/05\/Pres-EnsPreparem-el-dinar-05-300x169.jpg 300w, https:\/\/projectes.xtec.cat\/pfi\/wp-content\/uploads\/usu1781\/2022\/05\/Pres-EnsPreparem-el-dinar-05-768x433.jpg 768w, https:\/\/projectes.xtec.cat\/pfi\/wp-content\/uploads\/usu1781\/2022\/05\/Pres-EnsPreparem-el-dinar-05.jpg 1245w\" sizes=\"auto, (max-width: 1024px) 100vw, 1024px\" \/><\/a><\/td>\n<\/tr>\n<tr>\n<td style=\"width: 50%;\"><a href=\"https:\/\/agora.xtec.cat\/esc-verge-cinta\/wp-content\/uploads\/usu552\/2022\/05\/Taller-JAC-220518-1-rotated.jpeg\"><img loading=\"lazy\" decoding=\"async\" class=\"alignnone size-large wp-image-8506\" src=\"https:\/\/agora.xtec.cat\/esc-verge-cinta\/wp-content\/uploads\/usu552\/2022\/05\/Taller-JAC-220518-1-1024x576.jpeg\" alt=\"\" width=\"1024\" height=\"576\" \/><\/a><\/td>\n<td style=\"width: 50%;\"><a href=\"https:\/\/projectes.xtec.cat\/pfi\/wp-content\/uploads\/usu1781\/2022\/05\/JAC_PFI_CFGSDietetica220518_09.jpg\"><img loading=\"lazy\" decoding=\"async\" class=\"alignnone wp-image-14545\" src=\"https:\/\/projectes.xtec.cat\/pfi\/wp-content\/uploads\/usu1781\/2022\/05\/JAC_PFI_CFGSDietetica220518_09-1024x688.jpg\" alt=\"\" width=\"442\" height=\"297\" srcset=\"https:\/\/projectes.xtec.cat\/pfi\/wp-content\/uploads\/usu1781\/2022\/05\/JAC_PFI_CFGSDietetica220518_09-1024x688.jpg 1024w, https:\/\/projectes.xtec.cat\/pfi\/wp-content\/uploads\/usu1781\/2022\/05\/JAC_PFI_CFGSDietetica220518_09-300x202.jpg 300w, https:\/\/projectes.xtec.cat\/pfi\/wp-content\/uploads\/usu1781\/2022\/05\/JAC_PFI_CFGSDietetica220518_09-768x516.jpg 768w, https:\/\/projectes.xtec.cat\/pfi\/wp-content\/uploads\/usu1781\/2022\/05\/JAC_PFI_CFGSDietetica220518_09.jpg 1171w\" sizes=\"auto, (max-width: 442px) 100vw, 442px\" \/><\/a><\/td>\n<\/tr>\n<\/tbody>\n<\/table>\n<p>&nbsp;<\/p>\n<p>Tot seguit vam realitzar un taller d&#8217;elaboraci\u00f3 de men\u00fas. Alumnes del CFGS Diet\u00e8tica i alumnes del PFI d&#8217;auxiliar d&#8217;hoteleria: cuina i c\u00e0tering compartien grup de treball per tal de decidir una proposta de men\u00fa setmanal a partir dels plats treballats i cercant el necessari equilibri nutricional. La coincid\u00e8ncia amb la visita dels professors brit\u00e0nics de <a href=\"https:\/\/www.eastsilc.org\/\">East Silc de Leeds<\/a> (els nostres col\u00b7legues dintre del projecte Erasmus+<a href=\"https:\/\/twinspace.etwinning.net\/108756\/home\"> Transition from school to adulthood in SEN<\/a>) ens va proporcionar noves oportunitats per a l&#8217;aprenentatge. El que a priori podria semblar un repte maj\u00fascul va acabar essent una experi\u00e8ncia molt engrescadora en qu\u00e8 vam definir propostes de men\u00fas que van ser votades durant al mateixa sessi\u00f3 fins assolir aquest podi que tot seguit us presentem.<\/p>\n<table style=\"border-collapse: collapse; width: 100%;\">\n<tbody>\n<tr>\n<td style=\"width: 66.6666%;\" colspan=\"2\"><a href=\"https:\/\/agora.xtec.cat\/esc-verge-cinta\/wp-content\/uploads\/usu552\/2022\/05\/proposta1.jpg\"><img loading=\"lazy\" decoding=\"async\" class=\"alignnone size-large wp-image-8489\" src=\"https:\/\/agora.xtec.cat\/esc-verge-cinta\/wp-content\/uploads\/usu552\/2022\/05\/proposta1-1024x310.jpg\" alt=\"\" width=\"1024\" height=\"310\" \/><\/a><\/td>\n<\/tr>\n<tr>\n<td style=\"width: 37.6549%;\"><a href=\"https:\/\/agora.xtec.cat\/esc-verge-cinta\/wp-content\/uploads\/usu552\/2022\/05\/proposta2.jpg\"><img loading=\"lazy\" decoding=\"async\" class=\"alignnone size-large wp-image-8490\" src=\"https:\/\/agora.xtec.cat\/esc-verge-cinta\/wp-content\/uploads\/usu552\/2022\/05\/proposta2.jpg\" alt=\"\" width=\"756\" height=\"622\" \/><\/a><\/td>\n<td style=\"width: 29.0117%;\"><a href=\"https:\/\/agora.xtec.cat\/esc-verge-cinta\/wp-content\/uploads\/usu552\/2022\/05\/JAC_PFI_CFGSDietetica220518_07.jpg\"><img loading=\"lazy\" decoding=\"async\" class=\"alignnone wp-image-8503\" src=\"https:\/\/agora.xtec.cat\/esc-verge-cinta\/wp-content\/uploads\/usu552\/2022\/05\/JAC_PFI_CFGSDietetica220518_07-1024x728.jpg\" alt=\"\" width=\"412\" height=\"293\" \/><\/a><\/p>\n<p><a href=\"https:\/\/agora.xtec.cat\/esc-verge-cinta\/wp-content\/uploads\/usu552\/2022\/05\/proposta3.jpg\"><img loading=\"lazy\" decoding=\"async\" class=\"alignnone size-full wp-image-8491\" src=\"https:\/\/agora.xtec.cat\/esc-verge-cinta\/wp-content\/uploads\/usu552\/2022\/05\/proposta3.jpg\" alt=\"\" width=\"567\" height=\"168\" \/><\/a><\/td>\n<\/tr>\n<\/tbody>\n<\/table>\n<p>En un parell d&#8217;hores ens vam con\u00e8ixer, vam dir la nostra, vam escoltar i ens vam sentir escoltats, vam opinar, vam votar i vam gaudir del que suposa aprendre junts. I si alguna cosa ens va quedar clara \u00e9s que amb generositat, bona voluntat i ganes de millorar, cap barrera es pot qualificar d&#8217;insuperable. El cam\u00ed cap a la plena inclusi\u00f3 \u00e9s llarg i, ara com ara, passa per anar &#8220;vivint l&#8217;institut&#8221;.<\/p>\n","protected":false},"excerpt":{"rendered":"<p>El dimecres 18 de maig, el PFI d&#8217;auxiliar d&#8217;hoteleria: cuina i c\u00e0tering del CEE Verge de la Cinta de Tortosa (Fundaci\u00f3 Merc\u00e8 Pla) vam desenvolupar, conjuntament amb el CFGS de Diet\u00e8tica de l&#8217;Institut de l&#8217;Ebre de Tortosa, la I Jornada d&#8217;aprenentatge compartit de Diet\u00e8tica, cuina i c\u00e0tering. Aqu\u00ed us passen la cr\u00f2nica d&#8217;aquest esdeveniment.&hellip;  <a href=\"https:\/\/projectes.xtec.cat\/pfi\/general\/jornada-daprenentatge-compartit-de-dietetica-cuina-i-catering\/\" title=\"Read Jornada d&#8217;aprenentatge compartit de Diet\u00e8tica, Cuina i C\u00e0tering\">Llegeix m\u00e9s\u00bb<\/a><\/p>\n","protected":false},"author":75,"featured_media":14541,"comment_status":"open","ping_status":"closed","sticky":false,"template":"","format":"standard","meta":{"_bbp_topic_count":0,"_bbp_reply_count":0,"_bbp_total_topic_count":0,"_bbp_total_reply_count":0,"_bbp_voice_count":0,"_bbp_anonymous_reply_count":0,"_bbp_topic_count_hidden":0,"_bbp_reply_count_hidden":0,"_bbp_forum_subforum_count":0,"footnotes":""},"categories":[1,29],"tags":[289,420,372,314,427],"class_list":["post-14538","post","type-post","status-publish","format-standard","has-post-thumbnail","hentry","category-general","category-portada","tag-alumnes-pfi","tag-catering","tag-compartir-experiencies","tag-cuina","tag-inclusio"],"post_mailing_queue_ids":[],"_links":{"self":[{"href":"https:\/\/projectes.xtec.cat\/pfi\/wp-json\/wp\/v2\/posts\/14538","targetHints":{"allow":["GET"]}}],"collection":[{"href":"https:\/\/projectes.xtec.cat\/pfi\/wp-json\/wp\/v2\/posts"}],"about":[{"href":"https:\/\/projectes.xtec.cat\/pfi\/wp-json\/wp\/v2\/types\/post"}],"author":[{"embeddable":true,"href":"https:\/\/projectes.xtec.cat\/pfi\/wp-json\/wp\/v2\/users\/75"}],"replies":[{"embeddable":true,"href":"https:\/\/projectes.xtec.cat\/pfi\/wp-json\/wp\/v2\/comments?post=14538"}],"version-history":[{"count":3,"href":"https:\/\/projectes.xtec.cat\/pfi\/wp-json\/wp\/v2\/posts\/14538\/revisions"}],"predecessor-version":[{"id":14557,"href":"https:\/\/projectes.xtec.cat\/pfi\/wp-json\/wp\/v2\/posts\/14538\/revisions\/14557"}],"wp:featuredmedia":[{"embeddable":true,"href":"https:\/\/projectes.xtec.cat\/pfi\/wp-json\/wp\/v2\/media\/14541"}],"wp:attachment":[{"href":"https:\/\/projectes.xtec.cat\/pfi\/wp-json\/wp\/v2\/media?parent=14538"}],"wp:term":[{"taxonomy":"category","embeddable":true,"href":"https:\/\/projectes.xtec.cat\/pfi\/wp-json\/wp\/v2\/categories?post=14538"},{"taxonomy":"post_tag","embeddable":true,"href":"https:\/\/projectes.xtec.cat\/pfi\/wp-json\/wp\/v2\/tags?post=14538"}],"curies":[{"name":"wp","href":"https:\/\/api.w.org\/{rel}","templated":true}]}}