{"id":14620,"date":"2022-06-07T13:36:42","date_gmt":"2022-06-07T11:36:42","guid":{"rendered":"https:\/\/projectes.xtec.cat\/pfi\/?p=14620"},"modified":"2022-06-07T13:36:56","modified_gmt":"2022-06-07T11:36:56","slug":"ultimes-places-formacio-estiu-professorat-pfi","status":"publish","type":"post","link":"https:\/\/projectes.xtec.cat\/pfi\/portada\/ultimes-places-formacio-estiu-professorat-pfi\/","title":{"rendered":"\u00daLTIMES PLACES formaci\u00f3 estiu professorat PFI"},"content":{"rendered":"<p><strong>*La m\u00fasica com a recurs a l&#8217;aula (qCampusFP#2022)<\/strong><br \/>\nTaller presencial 07\/07\/2022, de 9.00 a 14.00h.<\/p>\n<p><strong>*Introducci\u00f3 a les pr\u00e0ctiques restauratives (qCampusFP#2022)<\/strong><br \/>\nTaller presencial 01\/07\/2022, de 9.00 a 14.00h.<\/p>\n<p><strong>*Transformant l&#8217;educaci\u00f3 a trav\u00e9s del joc. Lego (qCampusFP#2022)<\/strong><br \/>\nTaller presencial 06\/07\/2022, de 9.00 a 14.00h.<\/p>\n<p>Per a m\u00e9s informaci\u00f3 i inscripcions\u00a0<a href=\"https:\/\/aplicacions.gestioeducativa.gencat.cat\/pls\/soloas\/pk_for_mod_ins.p_for_cons_activitats?p_any=&amp;p_tipus_act=EGOO,LSP,PEE,PGC,AULC,SSKP,PGFP,PRO,SSKA,PODS,EGM,SM,PCC,PRO,QCPR,QCSM,QCLG,QCMU&amp;p_totes=N\">clica aqu\u00ed<\/a><\/p>\n<p>Les places s\u2019adjudicaran per ordre d\u2019inscripci\u00f3.<\/p>\n<p>#pfiCAT #impulsFP #SomFP<\/p>\n","protected":false},"excerpt":{"rendered":"<p>*La m\u00fasica com a recurs a l&#8217;aula (qCampusFP#2022)<br \/>\nTaller presencial 07\/07\/2022, de 9.00 a 14.00h.<br \/>\n*Introducci\u00f3 a les pr\u00e0ctiques restauratives (qCampusFP#2022)<br \/>\nTaller presencial 01\/07\/2022, de 9.00 a 14.00h.<br \/>\n*Transformant l&#8217;educaci\u00f3 a trav\u00e9s del joc. Lego (qCampusFP#2022)<br \/>\nTaller presencial 06\/07\/2022, de 9.00 a 14.00h.<br \/>\nPer a m\u00e9s informaci\u00f3 i inscripcions\u00a0<a href=\"https:\/\/aplicacions.gestioeducativa.gencat.cat\/pls\/soloas\/pk_for_mod_ins.p_for_cons_activitats?p_any=&amp;p_tipus_act=EGOO,LSP,PEE,PGC,AULC,SSKP,PGFP,PRO,SSKA,PODS,EGM,SM,PCC,PRO,QCPR,QCSM,QCLG,QCMU&amp;p_totes=N\">clica aqu\u00ed<\/a><br \/>\nLes&hellip;  <a href=\"https:\/\/projectes.xtec.cat\/pfi\/portada\/ultimes-places-formacio-estiu-professorat-pfi\/\" title=\"Read \u00daLTIMES PLACES formaci\u00f3 estiu professorat PFI\">Llegeix m\u00e9s\u00bb<\/a><\/p>\n","protected":false},"author":1,"featured_media":14533,"comment_status":"open","ping_status":"closed","sticky":false,"template":"","format":"standard","meta":{"_bbp_topic_count":0,"_bbp_reply_count":0,"_bbp_total_topic_count":0,"_bbp_total_reply_count":0,"_bbp_voice_count":0,"_bbp_anonymous_reply_count":0,"_bbp_topic_count_hidden":0,"_bbp_reply_count_hidden":0,"_bbp_forum_subforum_count":0,"footnotes":""},"categories":[154,29],"tags":[],"class_list":["post-14620","post","type-post","status-publish","format-standard","has-post-thumbnail","hentry","category-formacio","category-portada"],"post_mailing_queue_ids":[],"_links":{"self":[{"href":"https:\/\/projectes.xtec.cat\/pfi\/wp-json\/wp\/v2\/posts\/14620","targetHints":{"allow":["GET"]}}],"collection":[{"href":"https:\/\/projectes.xtec.cat\/pfi\/wp-json\/wp\/v2\/posts"}],"about":[{"href":"https:\/\/projectes.xtec.cat\/pfi\/wp-json\/wp\/v2\/types\/post"}],"author":[{"embeddable":true,"href":"https:\/\/projectes.xtec.cat\/pfi\/wp-json\/wp\/v2\/users\/1"}],"replies":[{"embeddable":true,"href":"https:\/\/projectes.xtec.cat\/pfi\/wp-json\/wp\/v2\/comments?post=14620"}],"version-history":[{"count":1,"href":"https:\/\/projectes.xtec.cat\/pfi\/wp-json\/wp\/v2\/posts\/14620\/revisions"}],"predecessor-version":[{"id":14621,"href":"https:\/\/projectes.xtec.cat\/pfi\/wp-json\/wp\/v2\/posts\/14620\/revisions\/14621"}],"wp:featuredmedia":[{"embeddable":true,"href":"https:\/\/projectes.xtec.cat\/pfi\/wp-json\/wp\/v2\/media\/14533"}],"wp:attachment":[{"href":"https:\/\/projectes.xtec.cat\/pfi\/wp-json\/wp\/v2\/media?parent=14620"}],"wp:term":[{"taxonomy":"category","embeddable":true,"href":"https:\/\/projectes.xtec.cat\/pfi\/wp-json\/wp\/v2\/categories?post=14620"},{"taxonomy":"post_tag","embeddable":true,"href":"https:\/\/projectes.xtec.cat\/pfi\/wp-json\/wp\/v2\/tags?post=14620"}],"curies":[{"name":"wp","href":"https:\/\/api.w.org\/{rel}","templated":true}]}}