{"id":14698,"date":"2022-06-15T11:46:21","date_gmt":"2022-06-15T09:46:21","guid":{"rendered":"https:\/\/projectes.xtec.cat\/pfi\/?p=14698"},"modified":"2022-06-15T08:50:33","modified_gmt":"2022-06-15T06:50:33","slug":"acte-de-cloenda-del-pfi-ptt-mollerussa-i-tarrega","status":"publish","type":"post","link":"https:\/\/projectes.xtec.cat\/pfi\/general\/acte-de-cloenda-del-pfi-ptt-mollerussa-i-tarrega\/","title":{"rendered":"Acte de cloenda del PFI PTT Mollerussa i T\u00e0rrega"},"content":{"rendered":"<p>El divendres 9 de juny vam celebrar l&#8217;acte de cloenda del PFI PTT Auxiliar de vendes, oficina i atenci\u00f3 al p\u00fablic de Mollerussa i T\u00e0rrega.<\/p>\n<p>L&#8217;acte de cloenda forma part del nostre projecte integrat. L&#8217;alumnat va ser el protagonista de l&#8217;acte. Ells s\u00f3n qui l&#8217;organitza i prepara des de les invitacions, la decoraci\u00f3, la difusi\u00f3, el gui\u00f3, s\u00f3n els presentadors o tamb\u00e9 els encarregats de fer el pressupost per a l&#8217;aperitiu.<\/p>\n<p>Un total de 21 nois i noies es graduen i la majoria seguiran estudiant un cicle formatiu el curs vinent.<\/p>\n<p>Bon estiu!<\/p>\n<p>#pfiCAT #impulsFP #SomFP<\/p>\n<p><a href=\"https:\/\/projectes.xtec.cat\/pfi\/wp-content\/uploads\/usu1781\/2022\/06\/IMG-20220614-WA0001.jpg\"><img loading=\"lazy\" decoding=\"async\" class=\"aligncenter size-full wp-image-14699\" src=\"https:\/\/projectes.xtec.cat\/pfi\/wp-content\/uploads\/usu1781\/2022\/06\/IMG-20220614-WA0001.jpg\" alt=\"Cloenda 21-22\" width=\"2000\" height=\"1500\" srcset=\"https:\/\/projectes.xtec.cat\/pfi\/wp-content\/uploads\/usu1781\/2022\/06\/IMG-20220614-WA0001.jpg 2000w, https:\/\/projectes.xtec.cat\/pfi\/wp-content\/uploads\/usu1781\/2022\/06\/IMG-20220614-WA0001-300x225.jpg 300w, https:\/\/projectes.xtec.cat\/pfi\/wp-content\/uploads\/usu1781\/2022\/06\/IMG-20220614-WA0001-1024x768.jpg 1024w, https:\/\/projectes.xtec.cat\/pfi\/wp-content\/uploads\/usu1781\/2022\/06\/IMG-20220614-WA0001-768x576.jpg 768w, https:\/\/projectes.xtec.cat\/pfi\/wp-content\/uploads\/usu1781\/2022\/06\/IMG-20220614-WA0001-1536x1152.jpg 1536w, https:\/\/projectes.xtec.cat\/pfi\/wp-content\/uploads\/usu1781\/2022\/06\/IMG-20220614-WA0001-200x150.jpg 200w\" sizes=\"auto, (max-width: 2000px) 100vw, 2000px\" \/><\/a><\/p>\n<p>&nbsp;<\/p>\n","protected":false},"excerpt":{"rendered":"<p>El divendres 9 de juny vam celebrar l&#8217;acte de cloenda del PFI PTT Auxiliar de vendes, oficina i atenci\u00f3 al p\u00fablic de Mollerussa i T\u00e0rrega.<br \/>\nL&#8217;acte de cloenda forma part del nostre projecte integrat. L&#8217;alumnat va ser el protagonista de l&#8217;acte. Ells s\u00f3n qui l&#8217;organitza i&hellip;  <a href=\"https:\/\/projectes.xtec.cat\/pfi\/general\/acte-de-cloenda-del-pfi-ptt-mollerussa-i-tarrega\/\" title=\"Read Acte de cloenda del PFI PTT Mollerussa i T\u00e0rrega\">Llegeix m\u00e9s\u00bb<\/a><\/p>\n","protected":false},"author":147,"featured_media":14699,"comment_status":"open","ping_status":"closed","sticky":false,"template":"","format":"standard","meta":{"_bbp_topic_count":0,"_bbp_reply_count":0,"_bbp_total_topic_count":0,"_bbp_total_reply_count":0,"_bbp_voice_count":0,"_bbp_anonymous_reply_count":0,"_bbp_topic_count_hidden":0,"_bbp_reply_count_hidden":0,"_bbp_forum_subforum_count":0,"footnotes":""},"categories":[1,29],"tags":[],"class_list":["post-14698","post","type-post","status-publish","format-standard","has-post-thumbnail","hentry","category-general","category-portada"],"post_mailing_queue_ids":[],"_links":{"self":[{"href":"https:\/\/projectes.xtec.cat\/pfi\/wp-json\/wp\/v2\/posts\/14698","targetHints":{"allow":["GET"]}}],"collection":[{"href":"https:\/\/projectes.xtec.cat\/pfi\/wp-json\/wp\/v2\/posts"}],"about":[{"href":"https:\/\/projectes.xtec.cat\/pfi\/wp-json\/wp\/v2\/types\/post"}],"author":[{"embeddable":true,"href":"https:\/\/projectes.xtec.cat\/pfi\/wp-json\/wp\/v2\/users\/147"}],"replies":[{"embeddable":true,"href":"https:\/\/projectes.xtec.cat\/pfi\/wp-json\/wp\/v2\/comments?post=14698"}],"version-history":[{"count":3,"href":"https:\/\/projectes.xtec.cat\/pfi\/wp-json\/wp\/v2\/posts\/14698\/revisions"}],"predecessor-version":[{"id":14707,"href":"https:\/\/projectes.xtec.cat\/pfi\/wp-json\/wp\/v2\/posts\/14698\/revisions\/14707"}],"wp:featuredmedia":[{"embeddable":true,"href":"https:\/\/projectes.xtec.cat\/pfi\/wp-json\/wp\/v2\/media\/14699"}],"wp:attachment":[{"href":"https:\/\/projectes.xtec.cat\/pfi\/wp-json\/wp\/v2\/media?parent=14698"}],"wp:term":[{"taxonomy":"category","embeddable":true,"href":"https:\/\/projectes.xtec.cat\/pfi\/wp-json\/wp\/v2\/categories?post=14698"},{"taxonomy":"post_tag","embeddable":true,"href":"https:\/\/projectes.xtec.cat\/pfi\/wp-json\/wp\/v2\/tags?post=14698"}],"curies":[{"name":"wp","href":"https:\/\/api.w.org\/{rel}","templated":true}]}}