{"id":14728,"date":"2022-06-21T13:08:55","date_gmt":"2022-06-21T11:08:55","guid":{"rendered":"https:\/\/projectes.xtec.cat\/pfi\/?p=14728"},"modified":"2022-06-20T13:09:51","modified_gmt":"2022-06-20T11:09:51","slug":"detall-dagraiment","status":"publish","type":"post","link":"https:\/\/projectes.xtec.cat\/pfi\/general\/detall-dagraiment\/","title":{"rendered":"DETALL D&#8217;AGRA\u00cfMENT"},"content":{"rendered":"<p>A finals del segon trimestre el nostre alumnat ha de realitzar pr\u00e0ctiques en diferents empreses de la nostra ciutat i dels pobles d&#8217;envoltant. No sempre resulta f\u00e0cil aconseguir empresaris que vulguin col\u00b7laborar en la formaci\u00f3 del nostre alumnat. Sovint ens trobem davant un alumnat desmotivat, sense h\u00e0bits d&#8217;esfor\u00e7 i superaci\u00f3 ni amb perspectives de futur&#8230;<\/p>\n<p>Per\u00f2 gr\u00e0cies al nostre esfor\u00e7 com a professors, tutors i professionals de diferents especialitats juntament amb els empresaris col\u00b7laboradors, aquest alumnat canvia la seva manera de veure la vida i el futur.<\/p>\n<p>\u00c9s per aquest esfor\u00e7 fet pels empresaris any rere any, que <strong>l&#8217;Institut Castell dels Templers de Lleida<\/strong> cada any agraeix aquesta col\u00b7laboraci\u00f3 amb un petit detall dut a terme pel nostre alumnat. Aquest any concretament \u00e9s un detall per deixar un llapis i un bloc de notes per tenir sempre a m\u00e0 i poder fer les anotacions oportunes.<\/p>\n<p>El detall ha estat realitzat per l&#8217;alumnat dels <strong>PFI Auxiliar de Paleta i Construcci\u00f3<\/strong> i el <strong>PFI Auxiliar en treballs de fusteria i instal\u00b7laci\u00f3 de mobles.<\/strong><\/p>\n<p>Desitgem que tamb\u00e9 us agradi a tots vosaltres.<\/p>\n<p><a href=\"https:\/\/projectes.xtec.cat\/pfi\/wp-content\/uploads\/usu1781\/2022\/06\/collage-detall-empresaris_REDUIT-scaled.jpg\"><img loading=\"lazy\" decoding=\"async\" class=\"alignnone size-large wp-image-14729\" src=\"https:\/\/projectes.xtec.cat\/pfi\/wp-content\/uploads\/usu1781\/2022\/06\/collage-detall-empresaris_REDUIT-1024x1024.jpg\" alt=\"\" width=\"1024\" height=\"1024\" srcset=\"https:\/\/projectes.xtec.cat\/pfi\/wp-content\/uploads\/usu1781\/2022\/06\/collage-detall-empresaris_REDUIT-1024x1024.jpg 1024w, https:\/\/projectes.xtec.cat\/pfi\/wp-content\/uploads\/usu1781\/2022\/06\/collage-detall-empresaris_REDUIT-300x300.jpg 300w, https:\/\/projectes.xtec.cat\/pfi\/wp-content\/uploads\/usu1781\/2022\/06\/collage-detall-empresaris_REDUIT-150x150.jpg 150w, https:\/\/projectes.xtec.cat\/pfi\/wp-content\/uploads\/usu1781\/2022\/06\/collage-detall-empresaris_REDUIT-768x768.jpg 768w, https:\/\/projectes.xtec.cat\/pfi\/wp-content\/uploads\/usu1781\/2022\/06\/collage-detall-empresaris_REDUIT-1536x1536.jpg 1536w, https:\/\/projectes.xtec.cat\/pfi\/wp-content\/uploads\/usu1781\/2022\/06\/collage-detall-empresaris_REDUIT-2048x2048.jpg 2048w\" sizes=\"auto, (max-width: 1024px) 100vw, 1024px\" \/><\/a><\/p>\n<p>#pfiCAT #impulsFP #SomFP<\/p>\n","protected":false},"excerpt":{"rendered":"<p>A finals del segon trimestre el nostre alumnat ha de realitzar pr\u00e0ctiques en diferents empreses de la nostra ciutat i dels pobles d&#8217;envoltant. No sempre resulta f\u00e0cil aconseguir empresaris que vulguin col\u00b7laborar en la formaci\u00f3 del nostre alumnat. Sovint ens trobem davant un alumnat desmotivat,&hellip;  <a href=\"https:\/\/projectes.xtec.cat\/pfi\/general\/detall-dagraiment\/\" title=\"Read DETALL D&#8217;AGRA\u00cfMENT\">Llegeix m\u00e9s\u00bb<\/a><\/p>\n","protected":false},"author":227,"featured_media":14729,"comment_status":"open","ping_status":"closed","sticky":false,"template":"","format":"standard","meta":{"_bbp_topic_count":0,"_bbp_reply_count":0,"_bbp_total_topic_count":0,"_bbp_total_reply_count":0,"_bbp_voice_count":0,"_bbp_anonymous_reply_count":0,"_bbp_topic_count_hidden":0,"_bbp_reply_count_hidden":0,"_bbp_forum_subforum_count":0,"footnotes":""},"categories":[1,382,29],"tags":[319,501,289,348,463,305,334,300],"class_list":["post-14728","post","type-post","status-publish","format-standard","has-post-thumbnail","hentry","category-general","category-microprojectes","category-portada","tag-activitat","tag-microprojecte","tag-alumnes-pfi","tag-compartir","tag-microprojectes","tag-moduls-professionals","tag-pfi","tag-recursos"],"post_mailing_queue_ids":[],"_links":{"self":[{"href":"https:\/\/projectes.xtec.cat\/pfi\/wp-json\/wp\/v2\/posts\/14728","targetHints":{"allow":["GET"]}}],"collection":[{"href":"https:\/\/projectes.xtec.cat\/pfi\/wp-json\/wp\/v2\/posts"}],"about":[{"href":"https:\/\/projectes.xtec.cat\/pfi\/wp-json\/wp\/v2\/types\/post"}],"author":[{"embeddable":true,"href":"https:\/\/projectes.xtec.cat\/pfi\/wp-json\/wp\/v2\/users\/227"}],"replies":[{"embeddable":true,"href":"https:\/\/projectes.xtec.cat\/pfi\/wp-json\/wp\/v2\/comments?post=14728"}],"version-history":[{"count":2,"href":"https:\/\/projectes.xtec.cat\/pfi\/wp-json\/wp\/v2\/posts\/14728\/revisions"}],"predecessor-version":[{"id":14786,"href":"https:\/\/projectes.xtec.cat\/pfi\/wp-json\/wp\/v2\/posts\/14728\/revisions\/14786"}],"wp:featuredmedia":[{"embeddable":true,"href":"https:\/\/projectes.xtec.cat\/pfi\/wp-json\/wp\/v2\/media\/14729"}],"wp:attachment":[{"href":"https:\/\/projectes.xtec.cat\/pfi\/wp-json\/wp\/v2\/media?parent=14728"}],"wp:term":[{"taxonomy":"category","embeddable":true,"href":"https:\/\/projectes.xtec.cat\/pfi\/wp-json\/wp\/v2\/categories?post=14728"},{"taxonomy":"post_tag","embeddable":true,"href":"https:\/\/projectes.xtec.cat\/pfi\/wp-json\/wp\/v2\/tags?post=14728"}],"curies":[{"name":"wp","href":"https:\/\/api.w.org\/{rel}","templated":true}]}}