{"id":14830,"date":"2022-06-21T13:15:33","date_gmt":"2022-06-21T11:15:33","guid":{"rendered":"https:\/\/projectes.xtec.cat\/pfi\/?p=14830"},"modified":"2022-06-21T21:40:30","modified_gmt":"2022-06-21T19:40:30","slug":"el-grup-de-treball-de-manteniment-i-reparacio-de-vmp-acaba-el-curs","status":"publish","type":"post","link":"https:\/\/projectes.xtec.cat\/pfi\/general\/el-grup-de-treball-de-manteniment-i-reparacio-de-vmp-acaba-el-curs\/","title":{"rendered":"El Grup de Treball de manteniment i reparaci\u00f3 de VMP acaba el curs"},"content":{"rendered":"<p>Arribem al final del curs i el Grup de Treball del perfil d&#8217;Auxiliar de manteniment i reparaci\u00f3 de Vehicles de Mobilitat Personal tamb\u00e9 arriba al seu fi.<\/p>\n<p>Despr\u00e9s d&#8217;aquest primer curs on s&#8217;ha implantat el nou perfil de Vehicles de Mobilitat Personal en quatre centres, aquest GT ens ha perm\u00e8s poder cr\u00e9ixer compartint materials, impressions, experi\u00e8ncies, bones pr\u00e0ctiques, connexions s\u00edncrones amb t\u00e8cnics especialitzats en el sector i sobretot recolzar-nos per afrontar aquest nou perfil professional.<\/p>\n<p>Agrair a tots els docents que han participat en el Grup de Treball per la seva paci\u00e8ncia, predisposici\u00f3 i sobretot per la seva implicaci\u00f3.<\/p>\n<p>Esperem seguir creixent junts el curs vinent i complementar el banc de recursos, que de ben cert, enguany hem aconseguit els objectius marcats.<\/p>\n<p>Que gaudiu d&#8217;un molt bon estiu!!!<\/p>\n<p>#pfiCAT #impulsFP #SomFP<\/p>\n","protected":false},"excerpt":{"rendered":"<p>Arribem al final del curs i el Grup de Treball del perfil d&#8217;Auxiliar de manteniment i reparaci\u00f3 de Vehicles de Mobilitat Personal tamb\u00e9 arriba al seu fi.<br \/>\nDespr\u00e9s d&#8217;aquest primer curs on s&#8217;ha implantat el nou perfil de Vehicles de Mobilitat Personal en quatre centres, aquest&hellip;  <a href=\"https:\/\/projectes.xtec.cat\/pfi\/general\/el-grup-de-treball-de-manteniment-i-reparacio-de-vmp-acaba-el-curs\/\" title=\"Read El Grup de Treball de manteniment i reparaci\u00f3 de VMP acaba el curs\">Llegeix m\u00e9s\u00bb<\/a><\/p>\n","protected":false},"author":119,"featured_media":0,"comment_status":"open","ping_status":"closed","sticky":false,"template":"","format":"standard","meta":{"_bbp_topic_count":0,"_bbp_reply_count":0,"_bbp_total_topic_count":0,"_bbp_total_reply_count":0,"_bbp_voice_count":0,"_bbp_anonymous_reply_count":0,"_bbp_topic_count_hidden":0,"_bbp_reply_count_hidden":0,"_bbp_forum_subforum_count":0,"footnotes":""},"categories":[1,29],"tags":[],"class_list":["post-14830","post","type-post","status-publish","format-standard","hentry","category-general","category-portada"],"post_mailing_queue_ids":[],"_links":{"self":[{"href":"https:\/\/projectes.xtec.cat\/pfi\/wp-json\/wp\/v2\/posts\/14830","targetHints":{"allow":["GET"]}}],"collection":[{"href":"https:\/\/projectes.xtec.cat\/pfi\/wp-json\/wp\/v2\/posts"}],"about":[{"href":"https:\/\/projectes.xtec.cat\/pfi\/wp-json\/wp\/v2\/types\/post"}],"author":[{"embeddable":true,"href":"https:\/\/projectes.xtec.cat\/pfi\/wp-json\/wp\/v2\/users\/119"}],"replies":[{"embeddable":true,"href":"https:\/\/projectes.xtec.cat\/pfi\/wp-json\/wp\/v2\/comments?post=14830"}],"version-history":[{"count":3,"href":"https:\/\/projectes.xtec.cat\/pfi\/wp-json\/wp\/v2\/posts\/14830\/revisions"}],"predecessor-version":[{"id":14852,"href":"https:\/\/projectes.xtec.cat\/pfi\/wp-json\/wp\/v2\/posts\/14830\/revisions\/14852"}],"wp:attachment":[{"href":"https:\/\/projectes.xtec.cat\/pfi\/wp-json\/wp\/v2\/media?parent=14830"}],"wp:term":[{"taxonomy":"category","embeddable":true,"href":"https:\/\/projectes.xtec.cat\/pfi\/wp-json\/wp\/v2\/categories?post=14830"},{"taxonomy":"post_tag","embeddable":true,"href":"https:\/\/projectes.xtec.cat\/pfi\/wp-json\/wp\/v2\/tags?post=14830"}],"curies":[{"name":"wp","href":"https:\/\/api.w.org\/{rel}","templated":true}]}}