{"id":14873,"date":"2022-06-30T09:30:09","date_gmt":"2022-06-30T07:30:09","guid":{"rendered":"https:\/\/projectes.xtec.cat\/pfi\/?p=14873"},"modified":"2022-06-30T09:30:09","modified_gmt":"2022-06-30T07:30:09","slug":"formacio-per-part-de-lempresa-control-group","status":"publish","type":"post","link":"https:\/\/projectes.xtec.cat\/pfi\/general\/formacio-per-part-de-lempresa-control-group\/","title":{"rendered":"Formaci\u00f3 per part de l&#8217;empresa Control Group"},"content":{"rendered":"<p class=\"western\" align=\"justify\"><span style=\"color: #000000;\"><span style=\"font-family: Open Sans, Helvetica, Arial, sans-serif;\"><span style=\"font-size: medium;\">Els alumnes del PFI-PTT de Manresa, del perfil Auxiliar de Vendes, Oficina i Atenci\u00f3 al P\u00fablic durant el mes de maig i juny han rebut formaci\u00f3 per part de David Quevedo, un dels directors comercials de Control\u00a0<\/span><\/span><\/span><span style=\"color: #000000;\"><span style=\"font-family: Open Sans, Helvetica, Arial, sans-serif;\"><span style=\"font-size: medium;\">Group<\/span><\/span><\/span><span style=\"color: #000000;\"><span style=\"font-family: Open Sans, Helvetica, Arial, sans-serif;\"><span style=\"font-size: medium;\">.<br \/>\n<\/span><\/span><\/span><span style=\"color: #000000;\"><span style=\"font-family: Arial, sans-serif;\"><span style=\"font-size: medium;\"><br \/>\n<\/span><\/span><\/span><span style=\"color: #000000;\"><span style=\"font-family: Open Sans, Helvetica, Arial, sans-serif;\"><span style=\"font-size: medium;\">Control\u00a0<\/span><\/span><\/span><span style=\"color: #000000;\"><span style=\"font-family: Open Sans, Helvetica, Arial, sans-serif;\"><span style=\"font-size: medium;\">Group<\/span><\/span><\/span><span style=\"color: #000000;\"><span style=\"font-family: Arial, sans-serif;\"><span style=\"font-size: medium;\">\u00a0<\/span><\/span><\/span><span style=\"color: #000000;\"><span style=\"font-family: Open Sans, Helvetica, Arial, sans-serif;\"><span style=\"font-size: medium;\">\u00e9s una empresa amb seu a Sant Fruit\u00f3s de Bages i amb filials a Madrid i Barcelona i en cinc punts m\u00e9s de la geografia catalana, amb m\u00e9s de quaranta anys d&#8217;experi\u00e8ncia, que ofereix solucions empresarials relacionades amb programari, impressi\u00f3, gesti\u00f3 i processos documentals, serveis gestionats de llocs de treball, entre d&#8217;altres.<\/span><\/span><\/span><\/p>\n<p class=\"western\" align=\"justify\"><span style=\"color: #000000;\"><span style=\"font-family: Open Sans, Helvetica, Arial, sans-serif;\"><span style=\"font-size: medium;\">Quevedo, utilitzant el m\u00e8tode de la conversa i la identificaci\u00f3 de paraules i processos claus en el proc\u00e9s de la venda, va aportar la seva experi\u00e8ncia, participant en una formaci\u00f3 m\u00e9s pr\u00e0ctica dels joves.<\/span><\/span><\/span><\/p>\n<p class=\"western\" align=\"justify\"><span style=\"color: #000000;\"><span style=\"font-family: Open Sans, Helvetica, Arial, sans-serif;\"><span style=\"font-size: medium;\">Les tres sessions de formaci\u00f3, van ajudar a fer que els joves\u00a0sabessin<\/span><\/span><\/span><span style=\"color: #000000;\"><span style=\"font-family: Arial, sans-serif;\"><span style=\"font-size: medium;\">\u00a0<\/span><\/span><\/span><span style=\"color: #000000;\"><span style=\"font-family: Open Sans, Helvetica, Arial, sans-serif;\"><span style=\"font-size: medium;\">analitzar les seves capacitats, interessos i recursos propis i que coneguessin directament el m\u00f3n laboral, les professions existents i els requeriments i recursos per accedir a un lloc de treball.<br \/>\n<\/span><\/span><\/span><span style=\"font-family: inherit; font-size: 1em; color: #000000;\"><span style=\"font-family: Open Sans, Helvetica, Arial, sans-serif;\"><span style=\"font-size: medium;\"><br \/>\nEn una \u00faltima i quarta sessi\u00f3 els alumnes van poder visitar les instal\u00b7lacions de l&#8217;empresa de Sant Fruit\u00f3s de Bages, per con\u00e8ixer de primera m\u00e0 alguns dels temes que havien<\/span><\/span><\/span><span style=\"font-family: inherit; font-size: 1em; color: #000000;\"><span style=\"font-family: Arial, sans-serif;\"><span style=\"font-size: medium;\">\u00a0<\/span><\/span><\/span><span style=\"font-family: inherit; font-size: 1em; color: #000000;\"><span style=\"font-family: Open Sans, Helvetica, Arial, sans-serif;\"><span style=\"font-size: medium;\">tractat pr\u00e8viament a l&#8217;aula.<\/span><\/span><\/span><span style=\"color: #000000;\"><span style=\"font-family: Open Sans, Helvetica, Arial, sans-serif;\"><span style=\"font-size: medium;\"><br \/>\n<\/span><\/span><\/span><\/p>\n<p class=\"western\" align=\"justify\"><span style=\"color: #000000;\"><span style=\"font-family: Open Sans, Helvetica, Arial, sans-serif;\"><span style=\"font-size: medium;\">David Quevedo, tamb\u00e9 va\u00a0assessorar els<\/span><\/span><\/span><span style=\"color: #000000;\"><span style=\"font-family: Arial, sans-serif;\"><span style=\"font-size: medium;\">\u00a0<\/span><\/span><\/span><span style=\"color: #000000;\"><span style=\"font-family: Open Sans, Helvetica, Arial, sans-serif;\"><span style=\"font-size: medium;\">alumnes en alguns punts del seu Projecte Integrat, que es basava en la creaci\u00f3 d&#8217;una marca i la seva botiga digital, per aix\u00f2 el dia de la presentaci\u00f3 final, va\u00a0assistir<\/span><\/span><\/span><span style=\"color: #000000;\"><span style=\"font-family: Arial, sans-serif;\"><span style=\"font-size: medium;\">\u00a0<\/span><\/span><\/span><span style=\"color: #000000;\"><span style=\"font-family: Open Sans, Helvetica, Arial, sans-serif;\"><span style=\"font-size: medium;\">com a \u00abjurat especial\u00bb per donar una visi\u00f3 empresarial, que va donar un valor afegit extra al Projecte.<\/span><\/span><\/span><\/p>\n<p class=\"western\" align=\"justify\"><span style=\"color: #000000;\"><span style=\"font-family: Arial, sans-serif;\"><span style=\"font-size: medium;\">Ha e<\/span><\/span><\/span><span style=\"color: #000000;\"><span style=\"font-family: Arial, sans-serif;\"><span style=\"font-size: medium;\">stat una e<\/span><\/span><\/span><span style=\"color: #000000;\"><span style=\"font-family: Arial, sans-serif;\"><span style=\"font-size: medium;\">xperi\u00e8ncia enriquidora on e<\/span><\/span><\/span><span style=\"color: #000000;\"><span style=\"font-family: Open Sans, Helvetica, Arial, sans-serif;\"><span style=\"font-size: medium;\">l<\/span><\/span><\/span><span style=\"color: #000000;\"><span style=\"font-family: Open Sans, Helvetica, Arial, sans-serif;\"><span style=\"font-size: medium;\">s alumnes es van endur una impressi\u00f3 molt positiva de tota la formaci\u00f3 amb l&#8217;empresa Control\u00a0<\/span><\/span><\/span><span style=\"color: #000000;\"><span style=\"font-family: Open Sans, Helvetica, Arial, sans-serif;\"><span style=\"font-size: medium;\">Group<\/span><\/span><\/span><span style=\"color: #000000;\"><span style=\"font-family: Open Sans, Helvetica, Arial, sans-serif;\"><span style=\"font-size: medium;\">.<\/span><\/span><\/span><\/p>\n<p align=\"justify\">#pfiCAT #impulsFP #SomFP<\/p>\n<p align=\"justify\"><a href=\"https:\/\/projectes.xtec.cat\/pfi\/wp-content\/uploads\/usu1781\/2022\/06\/collage-reduides.png\"><img loading=\"lazy\" decoding=\"async\" class=\"alignnone size-large wp-image-14874\" src=\"https:\/\/projectes.xtec.cat\/pfi\/wp-content\/uploads\/usu1781\/2022\/06\/collage-reduides-1024x768.png\" alt=\"\" width=\"1024\" height=\"768\" srcset=\"https:\/\/projectes.xtec.cat\/pfi\/wp-content\/uploads\/usu1781\/2022\/06\/collage-reduides-1024x768.png 1024w, https:\/\/projectes.xtec.cat\/pfi\/wp-content\/uploads\/usu1781\/2022\/06\/collage-reduides-300x225.png 300w, https:\/\/projectes.xtec.cat\/pfi\/wp-content\/uploads\/usu1781\/2022\/06\/collage-reduides-768x576.png 768w, https:\/\/projectes.xtec.cat\/pfi\/wp-content\/uploads\/usu1781\/2022\/06\/collage-reduides-200x150.png 200w, https:\/\/projectes.xtec.cat\/pfi\/wp-content\/uploads\/usu1781\/2022\/06\/collage-reduides.png 1409w\" sizes=\"auto, (max-width: 1024px) 100vw, 1024px\" \/><\/a><\/p>\n","protected":false},"excerpt":{"rendered":"<p>Els alumnes del PFI-PTT de Manresa, del perfil Auxiliar de Vendes, Oficina i Atenci\u00f3 al P\u00fablic durant el mes de maig i juny han rebut formaci\u00f3 per part de David Quevedo, un dels directors comercials de Control\u00a0Group.<\/p>\n<p>Control\u00a0Group\u00a0\u00e9s una empresa amb seu a Sant Fruit\u00f3s de&hellip;  <a href=\"https:\/\/projectes.xtec.cat\/pfi\/general\/formacio-per-part-de-lempresa-control-group\/\" title=\"Read Formaci\u00f3 per part de l&#8217;empresa Control Group\">Llegeix m\u00e9s\u00bb<\/a><\/p>\n","protected":false},"author":87,"featured_media":14874,"comment_status":"open","ping_status":"closed","sticky":false,"template":"","format":"standard","meta":{"_bbp_topic_count":0,"_bbp_reply_count":0,"_bbp_total_topic_count":0,"_bbp_total_reply_count":0,"_bbp_voice_count":0,"_bbp_anonymous_reply_count":0,"_bbp_topic_count_hidden":0,"_bbp_reply_count_hidden":0,"_bbp_forum_subforum_count":0,"footnotes":""},"categories":[1,29],"tags":[],"class_list":["post-14873","post","type-post","status-publish","format-standard","has-post-thumbnail","hentry","category-general","category-portada"],"post_mailing_queue_ids":[],"_links":{"self":[{"href":"https:\/\/projectes.xtec.cat\/pfi\/wp-json\/wp\/v2\/posts\/14873","targetHints":{"allow":["GET"]}}],"collection":[{"href":"https:\/\/projectes.xtec.cat\/pfi\/wp-json\/wp\/v2\/posts"}],"about":[{"href":"https:\/\/projectes.xtec.cat\/pfi\/wp-json\/wp\/v2\/types\/post"}],"author":[{"embeddable":true,"href":"https:\/\/projectes.xtec.cat\/pfi\/wp-json\/wp\/v2\/users\/87"}],"replies":[{"embeddable":true,"href":"https:\/\/projectes.xtec.cat\/pfi\/wp-json\/wp\/v2\/comments?post=14873"}],"version-history":[{"count":3,"href":"https:\/\/projectes.xtec.cat\/pfi\/wp-json\/wp\/v2\/posts\/14873\/revisions"}],"predecessor-version":[{"id":14878,"href":"https:\/\/projectes.xtec.cat\/pfi\/wp-json\/wp\/v2\/posts\/14873\/revisions\/14878"}],"wp:featuredmedia":[{"embeddable":true,"href":"https:\/\/projectes.xtec.cat\/pfi\/wp-json\/wp\/v2\/media\/14874"}],"wp:attachment":[{"href":"https:\/\/projectes.xtec.cat\/pfi\/wp-json\/wp\/v2\/media?parent=14873"}],"wp:term":[{"taxonomy":"category","embeddable":true,"href":"https:\/\/projectes.xtec.cat\/pfi\/wp-json\/wp\/v2\/categories?post=14873"},{"taxonomy":"post_tag","embeddable":true,"href":"https:\/\/projectes.xtec.cat\/pfi\/wp-json\/wp\/v2\/tags?post=14873"}],"curies":[{"name":"wp","href":"https:\/\/api.w.org\/{rel}","templated":true}]}}