{"id":14928,"date":"2022-06-30T13:11:54","date_gmt":"2022-06-30T11:11:54","guid":{"rendered":"https:\/\/projectes.xtec.cat\/pfi\/?p=14928"},"modified":"2022-06-30T13:11:54","modified_gmt":"2022-06-30T11:11:54","slug":"vii-jornada-intercanvi-dexperiencies-territori-girona-maresme-i-valles-oriental","status":"publish","type":"post","link":"https:\/\/projectes.xtec.cat\/pfi\/general\/vii-jornada-intercanvi-dexperiencies-territori-girona-maresme-i-valles-oriental\/","title":{"rendered":"VII Jornada Intercanvi d&#8217;Experi\u00e8ncies: territori Girona, Maresme i Vall\u00e8s Oriental"},"content":{"rendered":"<p><a href=\"https:\/\/projectes.xtec.cat\/pfi\/wp-content\/uploads\/usu1781\/2022\/06\/Foto16-1.heic\"><img loading=\"lazy\" decoding=\"async\" class=\"alignnone size-large wp-image-14931\" src=\"https:\/\/projectes.xtec.cat\/pfi\/wp-content\/uploads\/usu1781\/2022\/06\/Foto16-1.heic\" alt=\"\" width=\"1\" height=\"1\" \/><\/a>Dimecres 29 de juny ser\u00e0 una data que recordarem molts de nosaltres per haver gaudit d&#8217;una bona vetllada compartint: projectes, experi\u00e8ncies, materials, an\u00e8cdotes, metodologies, activitats,&#8230; entre diferents territoris, en definitiva poder estar una estona entre tots plegats presencialment i telem\u00e0ticament per con\u00e8ixer-nos m\u00e9s i anar ampliant el nostre treball en xarxa PFIs.<\/p>\n<p>Gr\u00e0cies a la vostra participaci\u00f3 i col\u00b7laboraci\u00f3 a la Jornada i la bona valoraci\u00f3 que hem recollit fa que aix\u00f2 ens animi anar fent altres edicions amb noves sorpreses!!!<\/p>\n<p>#pfiCAT #impulsFP #SomFP<\/p>\n<table style=\"border-collapse: collapse; width: 100%;\">\n<tbody>\n<tr>\n<td style=\"width: 33.3333%;\"><a href=\"https:\/\/projectes.xtec.cat\/pfi\/wp-content\/uploads\/usu1781\/2022\/06\/Foto0-3.jpg\"><img loading=\"lazy\" decoding=\"async\" class=\"alignnone wp-image-14930\" src=\"https:\/\/projectes.xtec.cat\/pfi\/wp-content\/uploads\/usu1781\/2022\/06\/Foto0-3-1024x764.jpg\" alt=\"\" width=\"294\" height=\"220\" srcset=\"https:\/\/projectes.xtec.cat\/pfi\/wp-content\/uploads\/usu1781\/2022\/06\/Foto0-3-1024x764.jpg 1024w, https:\/\/projectes.xtec.cat\/pfi\/wp-content\/uploads\/usu1781\/2022\/06\/Foto0-3-300x224.jpg 300w, https:\/\/projectes.xtec.cat\/pfi\/wp-content\/uploads\/usu1781\/2022\/06\/Foto0-3-768x573.jpg 768w, https:\/\/projectes.xtec.cat\/pfi\/wp-content\/uploads\/usu1781\/2022\/06\/Foto0-3-1536x1145.jpg 1536w, https:\/\/projectes.xtec.cat\/pfi\/wp-content\/uploads\/usu1781\/2022\/06\/Foto0-3-200x150.jpg 200w, https:\/\/projectes.xtec.cat\/pfi\/wp-content\/uploads\/usu1781\/2022\/06\/Foto0-3.jpg 2048w\" sizes=\"auto, (max-width: 294px) 100vw, 294px\" \/><\/a><\/td>\n<td style=\"width: 33.3333%;\"><a href=\"https:\/\/projectes.xtec.cat\/pfi\/wp-content\/uploads\/usu1781\/2022\/06\/Foto39.jpg\"><img loading=\"lazy\" decoding=\"async\" class=\"alignnone wp-image-14925\" src=\"https:\/\/projectes.xtec.cat\/pfi\/wp-content\/uploads\/usu1781\/2022\/06\/Foto39-1024x768.jpg\" alt=\"\" width=\"346\" height=\"259\" srcset=\"https:\/\/projectes.xtec.cat\/pfi\/wp-content\/uploads\/usu1781\/2022\/06\/Foto39-1024x768.jpg 1024w, https:\/\/projectes.xtec.cat\/pfi\/wp-content\/uploads\/usu1781\/2022\/06\/Foto39-300x225.jpg 300w, https:\/\/projectes.xtec.cat\/pfi\/wp-content\/uploads\/usu1781\/2022\/06\/Foto39-768x576.jpg 768w, https:\/\/projectes.xtec.cat\/pfi\/wp-content\/uploads\/usu1781\/2022\/06\/Foto39-1536x1152.jpg 1536w, https:\/\/projectes.xtec.cat\/pfi\/wp-content\/uploads\/usu1781\/2022\/06\/Foto39-200x150.jpg 200w, https:\/\/projectes.xtec.cat\/pfi\/wp-content\/uploads\/usu1781\/2022\/06\/Foto39.jpg 2048w\" sizes=\"auto, (max-width: 346px) 100vw, 346px\" \/><\/a><\/td>\n<td style=\"width: 33.3333%;\"><a href=\"https:\/\/projectes.xtec.cat\/pfi\/wp-content\/uploads\/usu1781\/2022\/06\/Foto41.jpg\"><img loading=\"lazy\" decoding=\"async\" class=\"alignnone wp-image-14927\" src=\"https:\/\/projectes.xtec.cat\/pfi\/wp-content\/uploads\/usu1781\/2022\/06\/Foto41-1024x768.jpg\" alt=\"\" width=\"312\" height=\"233\" srcset=\"https:\/\/projectes.xtec.cat\/pfi\/wp-content\/uploads\/usu1781\/2022\/06\/Foto41-1024x768.jpg 1024w, https:\/\/projectes.xtec.cat\/pfi\/wp-content\/uploads\/usu1781\/2022\/06\/Foto41-300x225.jpg 300w, https:\/\/projectes.xtec.cat\/pfi\/wp-content\/uploads\/usu1781\/2022\/06\/Foto41-768x576.jpg 768w, https:\/\/projectes.xtec.cat\/pfi\/wp-content\/uploads\/usu1781\/2022\/06\/Foto41-1536x1152.jpg 1536w, https:\/\/projectes.xtec.cat\/pfi\/wp-content\/uploads\/usu1781\/2022\/06\/Foto41-200x150.jpg 200w, https:\/\/projectes.xtec.cat\/pfi\/wp-content\/uploads\/usu1781\/2022\/06\/Foto41.jpg 2048w\" sizes=\"auto, (max-width: 312px) 100vw, 312px\" \/><\/a><\/td>\n<\/tr>\n<tr>\n<td style=\"width: 33.3333%;\"><a href=\"https:\/\/projectes.xtec.cat\/pfi\/wp-content\/uploads\/usu1781\/2022\/06\/Foto31.jpg\"><img loading=\"lazy\" decoding=\"async\" class=\"alignnone wp-image-14917\" src=\"https:\/\/projectes.xtec.cat\/pfi\/wp-content\/uploads\/usu1781\/2022\/06\/Foto31.jpg\" alt=\"\" width=\"304\" height=\"228\" srcset=\"https:\/\/projectes.xtec.cat\/pfi\/wp-content\/uploads\/usu1781\/2022\/06\/Foto31.jpg 1024w, https:\/\/projectes.xtec.cat\/pfi\/wp-content\/uploads\/usu1781\/2022\/06\/Foto31-300x225.jpg 300w, https:\/\/projectes.xtec.cat\/pfi\/wp-content\/uploads\/usu1781\/2022\/06\/Foto31-768x576.jpg 768w, https:\/\/projectes.xtec.cat\/pfi\/wp-content\/uploads\/usu1781\/2022\/06\/Foto31-200x150.jpg 200w\" sizes=\"auto, (max-width: 304px) 100vw, 304px\" \/><\/a><\/td>\n<td style=\"width: 33.3333%;\"><a href=\"https:\/\/projectes.xtec.cat\/pfi\/wp-content\/uploads\/usu1781\/2022\/06\/Foto20.jpg\"><img loading=\"lazy\" decoding=\"async\" class=\"alignnone wp-image-14906\" src=\"https:\/\/projectes.xtec.cat\/pfi\/wp-content\/uploads\/usu1781\/2022\/06\/Foto20-1024x603.jpg\" alt=\"\" width=\"355\" height=\"209\" srcset=\"https:\/\/projectes.xtec.cat\/pfi\/wp-content\/uploads\/usu1781\/2022\/06\/Foto20-1024x603.jpg 1024w, https:\/\/projectes.xtec.cat\/pfi\/wp-content\/uploads\/usu1781\/2022\/06\/Foto20-300x177.jpg 300w, https:\/\/projectes.xtec.cat\/pfi\/wp-content\/uploads\/usu1781\/2022\/06\/Foto20-768x452.jpg 768w, https:\/\/projectes.xtec.cat\/pfi\/wp-content\/uploads\/usu1781\/2022\/06\/Foto20-1536x904.jpg 1536w, https:\/\/projectes.xtec.cat\/pfi\/wp-content\/uploads\/usu1781\/2022\/06\/Foto20.jpg 2048w\" sizes=\"auto, (max-width: 355px) 100vw, 355px\" \/><\/a><\/td>\n<td style=\"width: 33.3333%;\"><a href=\"https:\/\/projectes.xtec.cat\/pfi\/wp-content\/uploads\/usu1781\/2022\/06\/Foto40.jpg\"><img loading=\"lazy\" decoding=\"async\" class=\"alignnone wp-image-14926\" src=\"https:\/\/projectes.xtec.cat\/pfi\/wp-content\/uploads\/usu1781\/2022\/06\/Foto40-1024x768.jpg\" alt=\"\" width=\"308\" height=\"231\" srcset=\"https:\/\/projectes.xtec.cat\/pfi\/wp-content\/uploads\/usu1781\/2022\/06\/Foto40-1024x768.jpg 1024w, https:\/\/projectes.xtec.cat\/pfi\/wp-content\/uploads\/usu1781\/2022\/06\/Foto40-300x225.jpg 300w, https:\/\/projectes.xtec.cat\/pfi\/wp-content\/uploads\/usu1781\/2022\/06\/Foto40-768x576.jpg 768w, https:\/\/projectes.xtec.cat\/pfi\/wp-content\/uploads\/usu1781\/2022\/06\/Foto40-1536x1152.jpg 1536w, https:\/\/projectes.xtec.cat\/pfi\/wp-content\/uploads\/usu1781\/2022\/06\/Foto40-200x150.jpg 200w, https:\/\/projectes.xtec.cat\/pfi\/wp-content\/uploads\/usu1781\/2022\/06\/Foto40.jpg 2048w\" sizes=\"auto, (max-width: 308px) 100vw, 308px\" \/><\/a><\/td>\n<\/tr>\n<\/tbody>\n<\/table>\n<p><a href=\"https:\/\/projectes.xtec.cat\/pfi\/wp-content\/uploads\/usu1781\/2022\/06\/Foto20.jpg\"> \u00a0\u00a0\u00a0\u00a0\u00a0 <\/a><a href=\"https:\/\/projectes.xtec.cat\/pfi\/wp-content\/uploads\/usu1781\/2022\/06\/Foto28.jpg\"> \u00a0 \u00a0 \u00a0<\/a><a href=\"https:\/\/projectes.xtec.cat\/pfi\/wp-content\/uploads\/usu1781\/2022\/06\/Foto28.jpg\">\u00a0 \u00a0 \u00a0 \u00a0\u00a0<\/a><a href=\"https:\/\/projectes.xtec.cat\/pfi\/wp-content\/uploads\/usu1781\/2022\/06\/Foto40.jpg\"> \u00a0\u00a0\u00a0\u00a0\u00a0\u00a0\u00a0\u00a0 <\/a><\/p>\n<p><a href=\"https:\/\/projectes.xtec.cat\/pfi\/wp-content\/uploads\/usu1781\/2022\/06\/Foto40.jpg\"> \u00a0\u00a0\u00a0 \u00a0 \u00a0 \u00a0 \u00a0 \u00a0 \u00a0 \u00a0 \u00a0 \u00a0 \u00a0 \u00a0 \u00a0 \u00a0 \u00a0 \u00a0 \u00a0 \u00a0 \u00a0 \u00a0 \u00a0 \u00a0\u00a0 \u00a0\u00a0\u00a0 <\/a><\/p>\n<p>&nbsp;<\/p>\n<p>&nbsp;<\/p>\n<p><a href=\"https:\/\/projectes.xtec.cat\/pfi\/wp-content\/uploads\/usu1781\/2022\/06\/Foto4.jpeg\">\u00a0\u00a0\u00a0\u00a0\u00a0\u00a0\u00a0\u00a0\u00a0 <\/a><\/p>\n","protected":false},"excerpt":{"rendered":"<p><a href=\"https:\/\/projectes.xtec.cat\/pfi\/wp-content\/uploads\/usu1781\/2022\/06\/Foto16-1.heic\"><\/a>Dimecres 29 de juny ser\u00e0 una data que recordarem molts de nosaltres per haver gaudit d&#8217;una bona vetllada compartint: projectes, experi\u00e8ncies, materials, an\u00e8cdotes, metodologies, activitats,&#8230; entre diferents territoris, en definitiva poder estar una estona entre tots plegats presencialment i telem\u00e0ticament per con\u00e8ixer-nos m\u00e9s i&hellip;  <a href=\"https:\/\/projectes.xtec.cat\/pfi\/general\/vii-jornada-intercanvi-dexperiencies-territori-girona-maresme-i-valles-oriental\/\" title=\"Read VII Jornada Intercanvi d&#8217;Experi\u00e8ncies: territori Girona, Maresme i Vall\u00e8s Oriental\">Llegeix m\u00e9s\u00bb<\/a><\/p>\n","protected":false},"author":200,"featured_media":14890,"comment_status":"open","ping_status":"closed","sticky":false,"template":"","format":"standard","meta":{"_bbp_topic_count":0,"_bbp_reply_count":0,"_bbp_total_topic_count":0,"_bbp_total_reply_count":0,"_bbp_voice_count":0,"_bbp_anonymous_reply_count":0,"_bbp_topic_count_hidden":0,"_bbp_reply_count_hidden":0,"_bbp_forum_subforum_count":0,"footnotes":""},"categories":[1,436,29],"tags":[],"class_list":["post-14928","post","type-post","status-publish","format-standard","has-post-thumbnail","hentry","category-general","category-intercanvi-experiencies","category-portada"],"post_mailing_queue_ids":[],"_links":{"self":[{"href":"https:\/\/projectes.xtec.cat\/pfi\/wp-json\/wp\/v2\/posts\/14928","targetHints":{"allow":["GET"]}}],"collection":[{"href":"https:\/\/projectes.xtec.cat\/pfi\/wp-json\/wp\/v2\/posts"}],"about":[{"href":"https:\/\/projectes.xtec.cat\/pfi\/wp-json\/wp\/v2\/types\/post"}],"author":[{"embeddable":true,"href":"https:\/\/projectes.xtec.cat\/pfi\/wp-json\/wp\/v2\/users\/200"}],"replies":[{"embeddable":true,"href":"https:\/\/projectes.xtec.cat\/pfi\/wp-json\/wp\/v2\/comments?post=14928"}],"version-history":[{"count":3,"href":"https:\/\/projectes.xtec.cat\/pfi\/wp-json\/wp\/v2\/posts\/14928\/revisions"}],"predecessor-version":[{"id":14939,"href":"https:\/\/projectes.xtec.cat\/pfi\/wp-json\/wp\/v2\/posts\/14928\/revisions\/14939"}],"wp:featuredmedia":[{"embeddable":true,"href":"https:\/\/projectes.xtec.cat\/pfi\/wp-json\/wp\/v2\/media\/14890"}],"wp:attachment":[{"href":"https:\/\/projectes.xtec.cat\/pfi\/wp-json\/wp\/v2\/media?parent=14928"}],"wp:term":[{"taxonomy":"category","embeddable":true,"href":"https:\/\/projectes.xtec.cat\/pfi\/wp-json\/wp\/v2\/categories?post=14928"},{"taxonomy":"post_tag","embeddable":true,"href":"https:\/\/projectes.xtec.cat\/pfi\/wp-json\/wp\/v2\/tags?post=14928"}],"curies":[{"name":"wp","href":"https:\/\/api.w.org\/{rel}","templated":true}]}}