{"id":14952,"date":"2022-07-06T11:35:07","date_gmt":"2022-07-06T09:35:07","guid":{"rendered":"https:\/\/projectes.xtec.cat\/pfi\/?p=14952"},"modified":"2022-07-05T11:36:26","modified_gmt":"2022-07-05T09:36:26","slug":"restaurem-la-mitica-volkswagen-lt28-de-lany-1978","status":"publish","type":"post","link":"https:\/\/projectes.xtec.cat\/pfi\/general\/restaurem-la-mitica-volkswagen-lt28-de-lany-1978\/","title":{"rendered":"Restaurem la m\u00edtica VOLKSWAGEN LT28 de l&#8217;any 1978"},"content":{"rendered":"<p><strong>COM HEM GAUDIT<\/strong>!! En el <strong>PIP del Pedraforca Garatge<\/strong> de <em>l&#8217;institut Pedraforca,<\/em> ens hem engrescat en un projecte molt ambici\u00f3s al mateix temps que interessant per a despertar i potenciar la motivaci\u00f3 de l&#8217;alumnat per a continuar descobrint i aprenent. Es tracta de la restauraci\u00f3 de la m\u00edtica <strong>Volkswagen LT28 de l&#8217;any 1978<\/strong> amb l&#8217;ajuda, \u00e9s clar, del CFGS d&#8217;Automoci\u00f3 i el CFGM d&#8217;EMV on s&#8217;ha creat un ambient de germanor entre tot l&#8217;alumnat, afavorint aix\u00ed la projecci\u00f3 de l&#8217;alumnat PFI en el gra\u00f3 seg\u00fcent&#8230;&#8230;.. el CFGM d&#8217;EMV i Carrosseria.<\/p>\n<p>#pfibcncomarques #jornadaintercanviexperienciespfi #pfiCAT #institutpedraforca #pedraforcagaratge #hospitaletdellobregat<\/p>\n<p><a href=\"https:\/\/projectes.xtec.cat\/pfi\/wp-content\/uploads\/usu1781\/2022\/06\/PEDRAFORCA-GARATGE.jpeg\"><img loading=\"lazy\" decoding=\"async\" class=\"alignnone size-large wp-image-14953\" src=\"https:\/\/projectes.xtec.cat\/pfi\/wp-content\/uploads\/usu1781\/2022\/06\/PEDRAFORCA-GARATGE-1024x721.jpeg\" alt=\"https:\/\/drive.google.com\/file\/d\/1Ky7Xv63w7ElgbQv46LZcRA9qRlXjVJ5R\/view?usp=drivesdk\" width=\"1024\" height=\"721\" srcset=\"https:\/\/projectes.xtec.cat\/pfi\/wp-content\/uploads\/usu1781\/2022\/06\/PEDRAFORCA-GARATGE-1024x721.jpeg 1024w, https:\/\/projectes.xtec.cat\/pfi\/wp-content\/uploads\/usu1781\/2022\/06\/PEDRAFORCA-GARATGE-300x211.jpeg 300w, https:\/\/projectes.xtec.cat\/pfi\/wp-content\/uploads\/usu1781\/2022\/06\/PEDRAFORCA-GARATGE-768x541.jpeg 768w, https:\/\/projectes.xtec.cat\/pfi\/wp-content\/uploads\/usu1781\/2022\/06\/PEDRAFORCA-GARATGE-1536x1082.jpeg 1536w, https:\/\/projectes.xtec.cat\/pfi\/wp-content\/uploads\/usu1781\/2022\/06\/PEDRAFORCA-GARATGE.jpeg 1600w\" sizes=\"auto, (max-width: 1024px) 100vw, 1024px\" \/><\/a><\/p>\n<p><a href=\"https:\/\/drive.google.com\/file\/d\/1Ky7Xv63w7ElgbQv46LZcRA9qRlXjVJ5R\/view?usp=drivesdk\">No et perdis el v\u00eddeo, fes clic!!!<\/a><\/p>\n","protected":false},"excerpt":{"rendered":"<p>COM HEM GAUDIT!! En el PIP del Pedraforca Garatge de l&#8217;institut Pedraforca, ens hem engrescat en un projecte molt ambici\u00f3s al mateix temps que interessant per a despertar i potenciar la motivaci\u00f3 de l&#8217;alumnat per a continuar descobrint i aprenent. Es tracta de la restauraci\u00f3&hellip;  <a href=\"https:\/\/projectes.xtec.cat\/pfi\/general\/restaurem-la-mitica-volkswagen-lt28-de-lany-1978\/\" title=\"Read Restaurem la m\u00edtica VOLKSWAGEN LT28 de l&#8217;any 1978\">Llegeix m\u00e9s\u00bb<\/a><\/p>\n","protected":false},"author":240,"featured_media":14953,"comment_status":"open","ping_status":"closed","sticky":false,"template":"","format":"standard","meta":{"_bbp_topic_count":0,"_bbp_reply_count":0,"_bbp_total_topic_count":0,"_bbp_total_reply_count":0,"_bbp_voice_count":0,"_bbp_anonymous_reply_count":0,"_bbp_topic_count_hidden":0,"_bbp_reply_count_hidden":0,"_bbp_forum_subforum_count":0,"footnotes":""},"categories":[1,29],"tags":[289,372,415,294,427,315,309,307],"class_list":["post-14952","post","type-post","status-publish","format-standard","has-post-thumbnail","hentry","category-general","category-portada","tag-alumnes-pfi","tag-compartir-experiencies","tag-formacio-professional","tag-impulsfp","tag-inclusio","tag-motivacio","tag-oportunitat","tag-projecte-integrat"],"post_mailing_queue_ids":[],"_links":{"self":[{"href":"https:\/\/projectes.xtec.cat\/pfi\/wp-json\/wp\/v2\/posts\/14952","targetHints":{"allow":["GET"]}}],"collection":[{"href":"https:\/\/projectes.xtec.cat\/pfi\/wp-json\/wp\/v2\/posts"}],"about":[{"href":"https:\/\/projectes.xtec.cat\/pfi\/wp-json\/wp\/v2\/types\/post"}],"author":[{"embeddable":true,"href":"https:\/\/projectes.xtec.cat\/pfi\/wp-json\/wp\/v2\/users\/240"}],"replies":[{"embeddable":true,"href":"https:\/\/projectes.xtec.cat\/pfi\/wp-json\/wp\/v2\/comments?post=14952"}],"version-history":[{"count":3,"href":"https:\/\/projectes.xtec.cat\/pfi\/wp-json\/wp\/v2\/posts\/14952\/revisions"}],"predecessor-version":[{"id":14996,"href":"https:\/\/projectes.xtec.cat\/pfi\/wp-json\/wp\/v2\/posts\/14952\/revisions\/14996"}],"wp:featuredmedia":[{"embeddable":true,"href":"https:\/\/projectes.xtec.cat\/pfi\/wp-json\/wp\/v2\/media\/14953"}],"wp:attachment":[{"href":"https:\/\/projectes.xtec.cat\/pfi\/wp-json\/wp\/v2\/media?parent=14952"}],"wp:term":[{"taxonomy":"category","embeddable":true,"href":"https:\/\/projectes.xtec.cat\/pfi\/wp-json\/wp\/v2\/categories?post=14952"},{"taxonomy":"post_tag","embeddable":true,"href":"https:\/\/projectes.xtec.cat\/pfi\/wp-json\/wp\/v2\/tags?post=14952"}],"curies":[{"name":"wp","href":"https:\/\/api.w.org\/{rel}","templated":true}]}}