{"id":14961,"date":"2022-07-04T09:17:21","date_gmt":"2022-07-04T07:17:21","guid":{"rendered":"https:\/\/projectes.xtec.cat\/pfi\/?p=14961"},"modified":"2022-07-01T10:27:40","modified_gmt":"2022-07-01T08:27:40","slug":"dossier-estadistic-2021-sobre-violencies-masclistes-a-catalunya","status":"publish","type":"post","link":"https:\/\/projectes.xtec.cat\/pfi\/portada\/dossier-estadistic-2021-sobre-violencies-masclistes-a-catalunya\/","title":{"rendered":"Dossier estad\u00edstic 2021 sobre viol\u00e8ncies masclistes a Catalunya"},"content":{"rendered":"<p>Us compartim el dossier estad\u00edstic sobre viol\u00e8ncies masclistes a Catalunya. Un any m\u00e9s, l\u2019Observatori de la Igualtat de G\u00e8nere presenta el dossier estad\u00edstic sobre viol\u00e8ncies masclistes a Catalunya, on es recullen dades provinents majorit\u00e0riament dels registres administratius de diferents departaments de la Generalitat de Catalunya i del CGPJ en el desenvolupament de les seves tasques d\u2019abordatge, atenci\u00f3 i reparaci\u00f3 de les viol\u00e8ncies<br \/>\nmasclistes.<\/p>\n<p>Per accedir <a href=\"https:\/\/dones.gencat.cat\/web\/.content\/03_ambits\/Observatori\/03_dossiers_estadistics\/Dossier_estadistic_VM_2021_25N.pdf\">clica aqu\u00ed<\/a><\/p>\n<p>#pfiCAT #impulsFP #SomFP<\/p>\n<p>&nbsp;<\/p>\n","protected":false},"excerpt":{"rendered":"<p>Us compartim el dossier estad\u00edstic sobre viol\u00e8ncies masclistes a Catalunya. Un any m\u00e9s, l\u2019Observatori de la Igualtat de G\u00e8nere presenta el dossier estad\u00edstic sobre viol\u00e8ncies masclistes a Catalunya, on es recullen dades provinents majorit\u00e0riament dels registres administratius de diferents departaments de la Generalitat de Catalunya&hellip;  <a href=\"https:\/\/projectes.xtec.cat\/pfi\/portada\/dossier-estadistic-2021-sobre-violencies-masclistes-a-catalunya\/\" title=\"Read Dossier estad\u00edstic 2021 sobre viol\u00e8ncies masclistes a Catalunya\">Llegeix m\u00e9s\u00bb<\/a><\/p>\n","protected":false},"author":1,"featured_media":14962,"comment_status":"open","ping_status":"closed","sticky":false,"template":"","format":"standard","meta":{"_bbp_topic_count":0,"_bbp_reply_count":0,"_bbp_total_topic_count":0,"_bbp_total_reply_count":0,"_bbp_voice_count":0,"_bbp_anonymous_reply_count":0,"_bbp_topic_count_hidden":0,"_bbp_reply_count_hidden":0,"_bbp_forum_subforum_count":0,"footnotes":""},"categories":[380,29],"tags":[],"class_list":["post-14961","post","type-post","status-publish","format-standard","has-post-thumbnail","hentry","category-coed-i-igualtat","category-portada"],"post_mailing_queue_ids":[],"_links":{"self":[{"href":"https:\/\/projectes.xtec.cat\/pfi\/wp-json\/wp\/v2\/posts\/14961","targetHints":{"allow":["GET"]}}],"collection":[{"href":"https:\/\/projectes.xtec.cat\/pfi\/wp-json\/wp\/v2\/posts"}],"about":[{"href":"https:\/\/projectes.xtec.cat\/pfi\/wp-json\/wp\/v2\/types\/post"}],"author":[{"embeddable":true,"href":"https:\/\/projectes.xtec.cat\/pfi\/wp-json\/wp\/v2\/users\/1"}],"replies":[{"embeddable":true,"href":"https:\/\/projectes.xtec.cat\/pfi\/wp-json\/wp\/v2\/comments?post=14961"}],"version-history":[{"count":1,"href":"https:\/\/projectes.xtec.cat\/pfi\/wp-json\/wp\/v2\/posts\/14961\/revisions"}],"predecessor-version":[{"id":14963,"href":"https:\/\/projectes.xtec.cat\/pfi\/wp-json\/wp\/v2\/posts\/14961\/revisions\/14963"}],"wp:featuredmedia":[{"embeddable":true,"href":"https:\/\/projectes.xtec.cat\/pfi\/wp-json\/wp\/v2\/media\/14962"}],"wp:attachment":[{"href":"https:\/\/projectes.xtec.cat\/pfi\/wp-json\/wp\/v2\/media?parent=14961"}],"wp:term":[{"taxonomy":"category","embeddable":true,"href":"https:\/\/projectes.xtec.cat\/pfi\/wp-json\/wp\/v2\/categories?post=14961"},{"taxonomy":"post_tag","embeddable":true,"href":"https:\/\/projectes.xtec.cat\/pfi\/wp-json\/wp\/v2\/tags?post=14961"}],"curies":[{"name":"wp","href":"https:\/\/api.w.org\/{rel}","templated":true}]}}