{"id":15032,"date":"2022-07-22T10:00:00","date_gmt":"2022-07-22T08:00:00","guid":{"rendered":"https:\/\/projectes.xtec.cat\/pfi\/?p=15032"},"modified":"2022-09-05T08:56:05","modified_gmt":"2022-09-05T06:56:05","slug":"oberta-la-inscripcio-a-la-jornada-pedagogica-pfi","status":"publish","type":"post","link":"https:\/\/projectes.xtec.cat\/pfi\/general\/oberta-la-inscripcio-a-la-jornada-pedagogica-pfi\/","title":{"rendered":"Jornada pedag\u00f2gica PFI &#8211; Inscripci\u00f3 tancada"},"content":{"rendered":"<p>Moltes gr\u00e0cies per la gran rebuda de la jornada pedag\u00f2gica PFI que tindr\u00e0 lloc el 6 de setembre a l&#8217;INEFC (Barcelona).<\/p>\n<p>La Jornada \u00e9s espec\u00edfica per al professorat que imparteix formaci\u00f3 en els Programes de Formaci\u00f3 i Inserci\u00f3 (PFI).<\/p>\n<div class=\"gs\">\n<div class=\"\"><\/div>\n<\/div>\n<p><a href=\"https:\/\/sites.google.com\/xtec.cat\/jornada-pedagogica-pfi\/p%C3%A0gina-dinici?authuser=0\"><strong>Programa<\/strong><\/a><\/p>\n<p><strong><a href=\"https:\/\/sites.google.com\/xtec.cat\/jornada-pedagogica-pfi\/p%C3%A0gina-dinici\">Sites<\/a><\/strong><\/p>\n<div class=\"gs\">\n<div class=\"\"><\/div>\n<\/div>\n<div>\n<div class=\"gs\">\n<div class=\"\">\n<div>Us hi esperem!!<\/div>\n<\/div>\n<\/div>\n<div><\/div>\n<div>#pfiCAT #impulsFP<\/div>\n<\/div>\n","protected":false},"excerpt":{"rendered":"<p>Moltes gr\u00e0cies per la gran rebuda de la jornada pedag\u00f2gica PFI que tindr\u00e0 lloc el 6 de setembre a l&#8217;INEFC (Barcelona).<br \/>\nLa Jornada \u00e9s espec\u00edfica per al professorat que imparteix formaci\u00f3 en els Programes de Formaci\u00f3 i Inserci\u00f3 (PFI).<\/p>\n<p><a href=\"https:\/\/sites.google.com\/xtec.cat\/jornada-pedagogica-pfi\/p%C3%A0gina-dinici?authuser=0\">Programa<\/a><br \/>\n<a href=\"https:\/\/sites.google.com\/xtec.cat\/jornada-pedagogica-pfi\/p%C3%A0gina-dinici\">Sites<\/a><\/p>\n<p>Us hi esperem!!<\/p>\n<p>#pfiCAT #impulsFP<\/p>\n","protected":false},"author":1,"featured_media":15035,"comment_status":"open","ping_status":"closed","sticky":false,"template":"","format":"standard","meta":{"_bbp_topic_count":0,"_bbp_reply_count":0,"_bbp_total_topic_count":0,"_bbp_total_reply_count":0,"_bbp_voice_count":0,"_bbp_anonymous_reply_count":0,"_bbp_topic_count_hidden":0,"_bbp_reply_count_hidden":0,"_bbp_forum_subforum_count":0,"footnotes":""},"categories":[1,374,29],"tags":[311,367],"class_list":["post-15032","post","type-post","status-publish","format-standard","has-post-thumbnail","hentry","category-general","category-jornades-pedagogiques","category-portada","tag-formacio","tag-jornada"],"post_mailing_queue_ids":[],"_links":{"self":[{"href":"https:\/\/projectes.xtec.cat\/pfi\/wp-json\/wp\/v2\/posts\/15032","targetHints":{"allow":["GET"]}}],"collection":[{"href":"https:\/\/projectes.xtec.cat\/pfi\/wp-json\/wp\/v2\/posts"}],"about":[{"href":"https:\/\/projectes.xtec.cat\/pfi\/wp-json\/wp\/v2\/types\/post"}],"author":[{"embeddable":true,"href":"https:\/\/projectes.xtec.cat\/pfi\/wp-json\/wp\/v2\/users\/1"}],"replies":[{"embeddable":true,"href":"https:\/\/projectes.xtec.cat\/pfi\/wp-json\/wp\/v2\/comments?post=15032"}],"version-history":[{"count":3,"href":"https:\/\/projectes.xtec.cat\/pfi\/wp-json\/wp\/v2\/posts\/15032\/revisions"}],"predecessor-version":[{"id":15044,"href":"https:\/\/projectes.xtec.cat\/pfi\/wp-json\/wp\/v2\/posts\/15032\/revisions\/15044"}],"wp:featuredmedia":[{"embeddable":true,"href":"https:\/\/projectes.xtec.cat\/pfi\/wp-json\/wp\/v2\/media\/15035"}],"wp:attachment":[{"href":"https:\/\/projectes.xtec.cat\/pfi\/wp-json\/wp\/v2\/media?parent=15032"}],"wp:term":[{"taxonomy":"category","embeddable":true,"href":"https:\/\/projectes.xtec.cat\/pfi\/wp-json\/wp\/v2\/categories?post=15032"},{"taxonomy":"post_tag","embeddable":true,"href":"https:\/\/projectes.xtec.cat\/pfi\/wp-json\/wp\/v2\/tags?post=15032"}],"curies":[{"name":"wp","href":"https:\/\/api.w.org\/{rel}","templated":true}]}}