{"id":15204,"date":"2022-10-07T11:17:23","date_gmt":"2022-10-07T09:17:23","guid":{"rendered":"https:\/\/projectes.xtec.cat\/pfi\/?p=15204"},"modified":"2022-10-14T10:14:42","modified_gmt":"2022-10-14T08:14:42","slug":"formacio-masculinitats-anti-masclistes","status":"publish","type":"post","link":"https:\/\/projectes.xtec.cat\/pfi\/portada\/formacio-masculinitats-anti-masclistes\/","title":{"rendered":"Formaci\u00f3 Masculinitats anti-masclistes"},"content":{"rendered":"<p>Us compartim un seminari especialitzat: <strong>Masculinitats anti-masclistes i igualit\u00e0ries en \u00e0mbits professionals i de gesti\u00f3 p\u00fablica. Revisant la masculinitat per ser part de la soluci\u00f3.<\/strong><\/p>\n<p>La formaci\u00f3 est\u00e0 adre\u00e7ada al personal de l\u2019administraci\u00f3 de la Generalitat i es desenvolupa sobre tem\u00e0tiques generals sobre g\u00e8nere, les masculinitats, la viol\u00e8ncia masclista i la igualtat.<\/p>\n<p>Es pret\u00e9n desenvolupar la reflexi\u00f3 cr\u00edtica sobre els privilegis d&#8217;aquesta masculinitat a l&#8217;\u00e0mbit laboral i quines accions es poden desenvolupar per canviar-los.<\/p>\n<p>Per m\u00e9s informaci\u00f3 clica a: <strong>https:\/\/dones.gencat.cat\/ca\/ambits\/formacio\/formacions\/<\/strong><\/p>\n<p>&nbsp;<\/p>\n<p>#pfiCAT #impulsFP #SomFP<\/p>\n","protected":false},"excerpt":{"rendered":"<p>Us compartim un seminari especialitzat: Masculinitats anti-masclistes i igualit\u00e0ries en \u00e0mbits professionals i de gesti\u00f3 p\u00fablica. Revisant la masculinitat per ser part de la soluci\u00f3.<br \/>\nLa formaci\u00f3 est\u00e0 adre\u00e7ada al personal de l\u2019administraci\u00f3 de la Generalitat i es desenvolupa sobre tem\u00e0tiques generals sobre g\u00e8nere, les masculinitats,&hellip;  <a href=\"https:\/\/projectes.xtec.cat\/pfi\/portada\/formacio-masculinitats-anti-masclistes\/\" title=\"Read Formaci\u00f3 Masculinitats anti-masclistes\">Llegeix m\u00e9s\u00bb<\/a><\/p>\n","protected":false},"author":1,"featured_media":15205,"comment_status":"open","ping_status":"closed","sticky":false,"template":"","format":"standard","meta":{"_bbp_topic_count":0,"_bbp_reply_count":0,"_bbp_total_topic_count":0,"_bbp_total_reply_count":0,"_bbp_voice_count":0,"_bbp_anonymous_reply_count":0,"_bbp_topic_count_hidden":0,"_bbp_reply_count_hidden":0,"_bbp_forum_subforum_count":0,"footnotes":""},"categories":[380,29],"tags":[],"class_list":["post-15204","post","type-post","status-publish","format-standard","has-post-thumbnail","hentry","category-coed-i-igualtat","category-portada"],"post_mailing_queue_ids":[],"_links":{"self":[{"href":"https:\/\/projectes.xtec.cat\/pfi\/wp-json\/wp\/v2\/posts\/15204","targetHints":{"allow":["GET"]}}],"collection":[{"href":"https:\/\/projectes.xtec.cat\/pfi\/wp-json\/wp\/v2\/posts"}],"about":[{"href":"https:\/\/projectes.xtec.cat\/pfi\/wp-json\/wp\/v2\/types\/post"}],"author":[{"embeddable":true,"href":"https:\/\/projectes.xtec.cat\/pfi\/wp-json\/wp\/v2\/users\/1"}],"replies":[{"embeddable":true,"href":"https:\/\/projectes.xtec.cat\/pfi\/wp-json\/wp\/v2\/comments?post=15204"}],"version-history":[{"count":1,"href":"https:\/\/projectes.xtec.cat\/pfi\/wp-json\/wp\/v2\/posts\/15204\/revisions"}],"predecessor-version":[{"id":15206,"href":"https:\/\/projectes.xtec.cat\/pfi\/wp-json\/wp\/v2\/posts\/15204\/revisions\/15206"}],"wp:featuredmedia":[{"embeddable":true,"href":"https:\/\/projectes.xtec.cat\/pfi\/wp-json\/wp\/v2\/media\/15205"}],"wp:attachment":[{"href":"https:\/\/projectes.xtec.cat\/pfi\/wp-json\/wp\/v2\/media?parent=15204"}],"wp:term":[{"taxonomy":"category","embeddable":true,"href":"https:\/\/projectes.xtec.cat\/pfi\/wp-json\/wp\/v2\/categories?post=15204"},{"taxonomy":"post_tag","embeddable":true,"href":"https:\/\/projectes.xtec.cat\/pfi\/wp-json\/wp\/v2\/tags?post=15204"}],"curies":[{"name":"wp","href":"https:\/\/api.w.org\/{rel}","templated":true}]}}