{"id":15319,"date":"2022-11-08T08:30:17","date_gmt":"2022-11-08T07:30:17","guid":{"rendered":"https:\/\/projectes.xtec.cat\/pfi\/?p=15319"},"modified":"2022-11-08T15:08:58","modified_gmt":"2022-11-08T14:08:58","slug":"comencem-una-nova-edicio-de-connectat-a-lempresa","status":"publish","type":"post","link":"https:\/\/projectes.xtec.cat\/pfi\/portada\/comencem-una-nova-edicio-de-connectat-a-lempresa\/","title":{"rendered":"Comencem una nova edici\u00f3 de Connecta&#8217;t a l&#8217;empresa!"},"content":{"rendered":"<p>Engeguem m\u00e0quines amb el\u00a0<b>Connecta&#8217;t a l&#8217;empresa<\/b> d&#8217;aquest curs!<\/p>\n<p>Les connexions en directe s\u00f3n sessions independents que comencen al novembre fins al febrer i amb periodicitat setmanal.<\/p>\n<p>T&#8217;inscrius i el teu grup PFI i tu podreu estar en una sessi\u00f3 participativa a la teva aula en directe tractant temes del m\u00f3n laboral!<\/p>\n<p>Les primeres connexions ser\u00e0n:<\/p>\n<div>\n<ul>\n<li dir=\"ltr\">\n<p dir=\"ltr\" role=\"presentation\">15 de novembre, de 9.30 a 10.30h Hist\u00f2ries d&#8217;\u00c8xit dels PFI amb la Georgina i el Carles.<\/p>\n<\/li>\n<\/ul>\n<ul>\n<li dir=\"ltr\">\n<p dir=\"ltr\" role=\"presentation\">22 de novembre, de 9.30 a 10.30h. &#8220;Per qu\u00e8 la Prevenci\u00f3 de riscos laborals \u00e9s important per a les empreses i per a la societat? Qu\u00e8 haig de saber quan comenci a treballar? \u00a0&#8221; amb l&#8217;Elena Ferre\u00f1o de la Mancomunitat Sanit\u00e0ria de Prevenci\u00f3.<\/p>\n<\/li>\n<\/ul>\n<ul>\n<li dir=\"ltr\">\n<p dir=\"ltr\" role=\"presentation\">30 de novembre, de 10h a 11h. &#8220;Compra&#8217;m la Play Station 5 i l&#8217;Iphone 12&#8221; amb l&#8217;Elisa Mart\u00ednez de Finanpolis. Aprendre finances jugant.<\/p>\n<\/li>\n<li dir=\"ltr\">\n<p dir=\"ltr\" role=\"presentation\">14 de desembre, de 10 a 11h. Coneix els ODS i crea el teu pla sostenible! de la m\u00e0 de la Valeria Olivari.<\/p>\n<\/li>\n<\/ul>\n<\/div>\n<div>\n<div><\/div>\n<div>Per m\u00e9s informaci\u00f3 i inscripcions\u00a0<a href=\"https:\/\/sites.google.com\/xtec.cat\/connectatalempresa\/connectat-a-lempresa\/connexions-en-directe?authuser=3&amp;read_current=1\" target=\"_blank\" rel=\"noopener\" data-saferedirecturl=\"https:\/\/www.google.com\/url?q=https:\/\/sites.google.com\/xtec.cat\/connectatalempresa\/connectat-a-lempresa\/connexions-en-directe?authuser%3D3%26read_current%3D1&amp;source=gmail&amp;ust=1667037030791000&amp;usg=AOvVaw3Rl-Sr11QnWwQC45KxRtSk\">cliqueu aqu\u00ed<\/a><\/div>\n<div><\/div>\n<div><\/div>\n<\/div>\n<div>#pfiCAT #impulsFP #SomFP<\/div>\n","protected":false},"excerpt":{"rendered":"<p>Engeguem m\u00e0quines amb el\u00a0Connecta&#8217;t a l&#8217;empresa d&#8217;aquest curs!<br \/>\nLes connexions en directe s\u00f3n sessions independents que comencen al novembre fins al febrer i amb periodicitat setmanal.<br \/>\nT&#8217;inscrius i el teu grup PFI i tu podreu estar en una sessi\u00f3 participativa a la teva aula en directe tractant&hellip;  <a href=\"https:\/\/projectes.xtec.cat\/pfi\/portada\/comencem-una-nova-edicio-de-connectat-a-lempresa\/\" title=\"Read Comencem una nova edici\u00f3 de Connecta&#8217;t a l&#8217;empresa!\">Llegeix m\u00e9s\u00bb<\/a><\/p>\n","protected":false},"author":1,"featured_media":15320,"comment_status":"open","ping_status":"closed","sticky":false,"template":"","format":"standard","meta":{"_bbp_topic_count":0,"_bbp_reply_count":0,"_bbp_total_topic_count":0,"_bbp_total_reply_count":0,"_bbp_voice_count":0,"_bbp_anonymous_reply_count":0,"_bbp_topic_count_hidden":0,"_bbp_reply_count_hidden":0,"_bbp_forum_subforum_count":0,"footnotes":""},"categories":[565,29],"tags":[],"class_list":["post-15319","post","type-post","status-publish","format-standard","has-post-thumbnail","hentry","category-connectat-a-lempresa","category-portada"],"post_mailing_queue_ids":[],"_links":{"self":[{"href":"https:\/\/projectes.xtec.cat\/pfi\/wp-json\/wp\/v2\/posts\/15319","targetHints":{"allow":["GET"]}}],"collection":[{"href":"https:\/\/projectes.xtec.cat\/pfi\/wp-json\/wp\/v2\/posts"}],"about":[{"href":"https:\/\/projectes.xtec.cat\/pfi\/wp-json\/wp\/v2\/types\/post"}],"author":[{"embeddable":true,"href":"https:\/\/projectes.xtec.cat\/pfi\/wp-json\/wp\/v2\/users\/1"}],"replies":[{"embeddable":true,"href":"https:\/\/projectes.xtec.cat\/pfi\/wp-json\/wp\/v2\/comments?post=15319"}],"version-history":[{"count":2,"href":"https:\/\/projectes.xtec.cat\/pfi\/wp-json\/wp\/v2\/posts\/15319\/revisions"}],"predecessor-version":[{"id":15322,"href":"https:\/\/projectes.xtec.cat\/pfi\/wp-json\/wp\/v2\/posts\/15319\/revisions\/15322"}],"wp:featuredmedia":[{"embeddable":true,"href":"https:\/\/projectes.xtec.cat\/pfi\/wp-json\/wp\/v2\/media\/15320"}],"wp:attachment":[{"href":"https:\/\/projectes.xtec.cat\/pfi\/wp-json\/wp\/v2\/media?parent=15319"}],"wp:term":[{"taxonomy":"category","embeddable":true,"href":"https:\/\/projectes.xtec.cat\/pfi\/wp-json\/wp\/v2\/categories?post=15319"},{"taxonomy":"post_tag","embeddable":true,"href":"https:\/\/projectes.xtec.cat\/pfi\/wp-json\/wp\/v2\/tags?post=15319"}],"curies":[{"name":"wp","href":"https:\/\/api.w.org\/{rel}","templated":true}]}}