{"id":15324,"date":"2022-10-31T08:57:34","date_gmt":"2022-10-31T07:57:34","guid":{"rendered":"https:\/\/projectes.xtec.cat\/pfi\/?p=15324"},"modified":"2022-10-31T09:00:14","modified_gmt":"2022-10-31T08:00:14","slug":"coneixes-els-materials-dautoaprenentatge-del-departament-digualtat-i-feminismes","status":"publish","type":"post","link":"https:\/\/projectes.xtec.cat\/pfi\/portada\/coneixes-els-materials-dautoaprenentatge-del-departament-digualtat-i-feminismes\/","title":{"rendered":"Coneixes els materials d\u2019autoaprenentatge del departament d\u2019Igualtat i Feminismes?"},"content":{"rendered":"<p>Es tracta d&#8217;una oferta formativa adre\u00e7ada principalment a persones interessades en adquirir de forma aut\u00f2noma coneixements clau sobre igualtat en el treball. S\u2019ofereixen p\u00edndoles de curta durada, en suport telem\u00e0tic, sense avaluaci\u00f3 externa, pera ser realitzades de forma individual i sense limitacions hor\u00e0ries.<\/p>\n<p>Hi trobar\u00e0s el MOOC \u201cAla feina, iguals\u201d i les 4 c\u00e0psules del curs \u201cintroduoir la perspectiva de g\u00e8nere als projectes\u201d. Molt interessant i amb molts recursos \u00fatils que podem adaptar al nostre context!<\/p>\n<p>Per accedic <a href=\"https:\/\/igualtat.gencat.cat\/ca\/ambits-dactuacio\/cures-temps-i-treballs\/formacio\/autoaprenentatge-\/\">clica aqu\u00ed<\/a><\/p>\n<p>#pfiCAT #impulsFP #SomFP<\/p>\n","protected":false},"excerpt":{"rendered":"<p>Es tracta d&#8217;una oferta formativa adre\u00e7ada principalment a persones interessades en adquirir de forma aut\u00f2noma coneixements clau sobre igualtat en el treball. S\u2019ofereixen p\u00edndoles de curta durada, en suport telem\u00e0tic, sense avaluaci\u00f3 externa, pera ser realitzades de forma individual i sense limitacions hor\u00e0ries.<br \/>\nHi trobar\u00e0s el&hellip;  <a href=\"https:\/\/projectes.xtec.cat\/pfi\/portada\/coneixes-els-materials-dautoaprenentatge-del-departament-digualtat-i-feminismes\/\" title=\"Read Coneixes els materials d\u2019autoaprenentatge del departament d\u2019Igualtat i Feminismes?\">Llegeix m\u00e9s\u00bb<\/a><\/p>\n","protected":false},"author":1,"featured_media":15326,"comment_status":"open","ping_status":"closed","sticky":false,"template":"","format":"standard","meta":{"_bbp_topic_count":0,"_bbp_reply_count":0,"_bbp_total_topic_count":0,"_bbp_total_reply_count":0,"_bbp_voice_count":0,"_bbp_anonymous_reply_count":0,"_bbp_topic_count_hidden":0,"_bbp_reply_count_hidden":0,"_bbp_forum_subforum_count":0,"footnotes":""},"categories":[380,29,76],"tags":[],"class_list":["post-15324","post","type-post","status-publish","format-standard","has-post-thumbnail","hentry","category-coed-i-igualtat","category-portada","category-recursos"],"post_mailing_queue_ids":[],"_links":{"self":[{"href":"https:\/\/projectes.xtec.cat\/pfi\/wp-json\/wp\/v2\/posts\/15324","targetHints":{"allow":["GET"]}}],"collection":[{"href":"https:\/\/projectes.xtec.cat\/pfi\/wp-json\/wp\/v2\/posts"}],"about":[{"href":"https:\/\/projectes.xtec.cat\/pfi\/wp-json\/wp\/v2\/types\/post"}],"author":[{"embeddable":true,"href":"https:\/\/projectes.xtec.cat\/pfi\/wp-json\/wp\/v2\/users\/1"}],"replies":[{"embeddable":true,"href":"https:\/\/projectes.xtec.cat\/pfi\/wp-json\/wp\/v2\/comments?post=15324"}],"version-history":[{"count":1,"href":"https:\/\/projectes.xtec.cat\/pfi\/wp-json\/wp\/v2\/posts\/15324\/revisions"}],"predecessor-version":[{"id":15327,"href":"https:\/\/projectes.xtec.cat\/pfi\/wp-json\/wp\/v2\/posts\/15324\/revisions\/15327"}],"wp:featuredmedia":[{"embeddable":true,"href":"https:\/\/projectes.xtec.cat\/pfi\/wp-json\/wp\/v2\/media\/15326"}],"wp:attachment":[{"href":"https:\/\/projectes.xtec.cat\/pfi\/wp-json\/wp\/v2\/media?parent=15324"}],"wp:term":[{"taxonomy":"category","embeddable":true,"href":"https:\/\/projectes.xtec.cat\/pfi\/wp-json\/wp\/v2\/categories?post=15324"},{"taxonomy":"post_tag","embeddable":true,"href":"https:\/\/projectes.xtec.cat\/pfi\/wp-json\/wp\/v2\/tags?post=15324"}],"curies":[{"name":"wp","href":"https:\/\/api.w.org\/{rel}","templated":true}]}}