{"id":15422,"date":"2022-11-15T12:13:41","date_gmt":"2022-11-15T11:13:41","guid":{"rendered":"https:\/\/projectes.xtec.cat\/pfi\/?p=15422"},"modified":"2022-11-15T12:35:44","modified_gmt":"2022-11-15T11:35:44","slug":"connectat-a-lempresa-per-que-la-prevencio-de-riscos-laborals-es-important","status":"publish","type":"post","link":"https:\/\/projectes.xtec.cat\/pfi\/general\/connectat-a-lempresa-per-que-la-prevencio-de-riscos-laborals-es-important\/","title":{"rendered":"Connecta&#8217;t a l&#8217;empresa: Per qu\u00e8 la Prevenci\u00f3 de riscos laborals \u00e9s important?"},"content":{"rendered":"<p>El proper dimarts 22 de novembre\u00a0de 9.30 a 10.30h. tindr\u00e0 lloc una nova connexi\u00f3 en directe sobre Prevenci\u00f3 de Riscos Laborals.<\/p>\n<p>L&#8217;Elena Ferre\u00f1o, t\u00e8cnica de prevenci\u00f3 de la Mancomunitat Sanit\u00e0ria de Prevenci\u00f3, tractar\u00e0 el tema de <strong>Per qu\u00e8 la Prevenci\u00f3 de riscos laborals \u00e9s important per les empreses i la societat? Qu\u00e8 haig de saber quan comenci a treballar?<\/strong><\/p>\n<p>Per inscriure&#8217;t <a href=\"https:\/\/docs.google.com\/forms\/d\/e\/1FAIpQLSfuzKQbrRI1giD7eUonC_G5DXdGfJKtnsJZRphsgcdXF39x1Q\/viewform\">clica aqu\u00ed<\/a><\/p>\n<p>Per m\u00e9s informaci\u00f3 has d&#8217;anar al banc de recursos <a href=\"https:\/\/sites.google.com\/xtec.cat\/connectatalempresa\/connectat-a-lempresa\/connexions-en-directe?authuser=0\">Connecta\u2019t a l\u2019empresa<\/a>.<\/p>\n<p>#pfiCAT #impulsFP<\/p>\n","protected":false},"excerpt":{"rendered":"<p>El proper dimarts 22 de novembre\u00a0de 9.30 a 10.30h. tindr\u00e0 lloc una nova connexi\u00f3 en directe sobre Prevenci\u00f3 de Riscos Laborals.<br \/>\nL&#8217;Elena Ferre\u00f1o, t\u00e8cnica de prevenci\u00f3 de la Mancomunitat Sanit\u00e0ria de Prevenci\u00f3, tractar\u00e0 el tema de Per qu\u00e8 la Prevenci\u00f3 de riscos laborals \u00e9s important per&hellip;  <a href=\"https:\/\/projectes.xtec.cat\/pfi\/general\/connectat-a-lempresa-per-que-la-prevencio-de-riscos-laborals-es-important\/\" title=\"Read Connecta&#8217;t a l&#8217;empresa: Per qu\u00e8 la Prevenci\u00f3 de riscos laborals \u00e9s important?\">Llegeix m\u00e9s\u00bb<\/a><\/p>\n","protected":false},"author":1,"featured_media":11514,"comment_status":"open","ping_status":"closed","sticky":false,"template":"","format":"standard","meta":{"_bbp_topic_count":0,"_bbp_reply_count":0,"_bbp_total_topic_count":0,"_bbp_total_reply_count":0,"_bbp_voice_count":0,"_bbp_anonymous_reply_count":0,"_bbp_topic_count_hidden":0,"_bbp_reply_count_hidden":0,"_bbp_forum_subforum_count":0,"footnotes":""},"categories":[565,1,29],"tags":[],"class_list":["post-15422","post","type-post","status-publish","format-standard","has-post-thumbnail","hentry","category-connectat-a-lempresa","category-general","category-portada"],"post_mailing_queue_ids":[],"_links":{"self":[{"href":"https:\/\/projectes.xtec.cat\/pfi\/wp-json\/wp\/v2\/posts\/15422","targetHints":{"allow":["GET"]}}],"collection":[{"href":"https:\/\/projectes.xtec.cat\/pfi\/wp-json\/wp\/v2\/posts"}],"about":[{"href":"https:\/\/projectes.xtec.cat\/pfi\/wp-json\/wp\/v2\/types\/post"}],"author":[{"embeddable":true,"href":"https:\/\/projectes.xtec.cat\/pfi\/wp-json\/wp\/v2\/users\/1"}],"replies":[{"embeddable":true,"href":"https:\/\/projectes.xtec.cat\/pfi\/wp-json\/wp\/v2\/comments?post=15422"}],"version-history":[{"count":1,"href":"https:\/\/projectes.xtec.cat\/pfi\/wp-json\/wp\/v2\/posts\/15422\/revisions"}],"predecessor-version":[{"id":15423,"href":"https:\/\/projectes.xtec.cat\/pfi\/wp-json\/wp\/v2\/posts\/15422\/revisions\/15423"}],"wp:featuredmedia":[{"embeddable":true,"href":"https:\/\/projectes.xtec.cat\/pfi\/wp-json\/wp\/v2\/media\/11514"}],"wp:attachment":[{"href":"https:\/\/projectes.xtec.cat\/pfi\/wp-json\/wp\/v2\/media?parent=15422"}],"wp:term":[{"taxonomy":"category","embeddable":true,"href":"https:\/\/projectes.xtec.cat\/pfi\/wp-json\/wp\/v2\/categories?post=15422"},{"taxonomy":"post_tag","embeddable":true,"href":"https:\/\/projectes.xtec.cat\/pfi\/wp-json\/wp\/v2\/tags?post=15422"}],"curies":[{"name":"wp","href":"https:\/\/api.w.org\/{rel}","templated":true}]}}