{"id":15424,"date":"2022-11-15T10:55:10","date_gmt":"2022-11-15T09:55:10","guid":{"rendered":"https:\/\/projectes.xtec.cat\/pfi\/?p=15424"},"modified":"2022-11-15T11:00:01","modified_gmt":"2022-11-15T10:00:01","slug":"els-pfi-al-congres-fpb-en-red-a-madrid","status":"publish","type":"post","link":"https:\/\/projectes.xtec.cat\/pfi\/general\/els-pfi-al-congres-fpb-en-red-a-madrid\/","title":{"rendered":"Els PFI al Congr\u00e9s FPB en Red a Madrid"},"content":{"rendered":"<p><a href=\"https:\/\/projectes.xtec.cat\/pfi\/wp-content\/uploads\/usu1781\/2022\/11\/WhatsApp-Image-2022-11-10-at-09.17.45-1.jpeg\"><img loading=\"lazy\" decoding=\"async\" class=\"size-full wp-image-15425 alignleft\" src=\"https:\/\/projectes.xtec.cat\/pfi\/wp-content\/uploads\/usu1781\/2022\/11\/WhatsApp-Image-2022-11-10-at-09.17.45-1.jpeg\" alt=\"\" width=\"294\" height=\"180\" \/><\/a>El passat divendres 11 de novembre l&#8217;equip dels Programes de Formaci\u00f3 i Inserci\u00f3 va assistir al Congr\u00e9s FPB en Red, que va tenir lloc al Caixa F\u00f2rum de Madrid. Aquest va sorgir fruit de la col\u00b7laboraci\u00f3 de la Fundaci\u00f3 Emipeza por Educar, Dualitza CaixaBank i FP Empresa.<\/p>\n<p>El Congr\u00e9s t\u00e9 com a objectiu crear xarxa entre els professionals que treballen a la Formaci\u00f3 Professional B\u00e0sica (FPB) d&#8217;arreu de l&#8217;estat espanyol.<\/p>\n<p>A la primera part de la jornada, vam comptar amb la intervenci\u00f3 de la Senyora Pilar Alegr\u00eda, ministra d&#8217;Educaci\u00f3 i Formaci\u00f3 Professional, qui va remarcar el paper fonamental de les qualificacions de primer nivell per a l&#8217;alumnat que no ha acreditat l&#8217;ESO i vol continuar el seu itinerari a trav\u00e9s de la Formaci\u00f3 Professional (FP). Seguidament, va tenir lloc dues taules rodones on es van escoltar les reflexions sobre l&#8217;estat de la FPB i els reptes que es generen.<\/p>\n<p>Els Programes de Formaci\u00f3 i Inserci\u00f3 (PFI) van participar explicant el projecte Hist\u00f2ries de Vida. Un projecte d&#8217;orientaci\u00f3 i acompanyament, que en la seva quarta edici\u00f3 va arribar a m\u00e9s de 400 alumnes del territori catal\u00e0. Enguany arribar\u00e0 als 600 alumnes; tot un \u00e8xit de participaci\u00f3. Durant l&#8217;exposici\u00f3, es va contextualitzar els programes en el sistema educatiu catal\u00e0 i es va fer \u00e8mfasis en els punts d&#8217;uni\u00f3 existents entre els dos ensenyaments: tipologia d&#8217;alumnat, metodologies emprades, anys d&#8217;experi\u00e8ncia docent etc&#8230;<\/p>\n<p>Una gran jornada on aprendre els uns dels altres, i compartir bones pr\u00e0ctiques educatives de diverses comunitats aut\u00f2nomes amb l&#8217;alumnat.<\/p>\n<p>#pfiCAT #ImpulsFP #SomFP<\/p>\n<p>&nbsp;<\/p>\n<p><a href=\"https:\/\/projectes.xtec.cat\/pfi\/wp-content\/uploads\/usu1781\/2022\/11\/WhatsApp-Image-2022-11-15-at-10.51.21-1.jpeg\"><img loading=\"lazy\" decoding=\"async\" class=\"aligncenter wp-image-15429\" src=\"https:\/\/projectes.xtec.cat\/pfi\/wp-content\/uploads\/usu1781\/2022\/11\/WhatsApp-Image-2022-11-15-at-10.51.21-1.jpeg\" alt=\"\" width=\"709\" height=\"498\" srcset=\"https:\/\/projectes.xtec.cat\/pfi\/wp-content\/uploads\/usu1781\/2022\/11\/WhatsApp-Image-2022-11-15-at-10.51.21-1.jpeg 2048w, https:\/\/projectes.xtec.cat\/pfi\/wp-content\/uploads\/usu1781\/2022\/11\/WhatsApp-Image-2022-11-15-at-10.51.21-1-300x211.jpeg 300w, https:\/\/projectes.xtec.cat\/pfi\/wp-content\/uploads\/usu1781\/2022\/11\/WhatsApp-Image-2022-11-15-at-10.51.21-1-1024x719.jpeg 1024w, https:\/\/projectes.xtec.cat\/pfi\/wp-content\/uploads\/usu1781\/2022\/11\/WhatsApp-Image-2022-11-15-at-10.51.21-1-768x539.jpeg 768w, https:\/\/projectes.xtec.cat\/pfi\/wp-content\/uploads\/usu1781\/2022\/11\/WhatsApp-Image-2022-11-15-at-10.51.21-1-1536x1079.jpeg 1536w\" sizes=\"auto, (max-width: 709px) 100vw, 709px\" \/><\/a><\/p>\n<p><a href=\"https:\/\/projectes.xtec.cat\/pfi\/wp-content\/uploads\/usu1781\/2022\/11\/WhatsApp-Image-2022-11-11-at-14.15.39.jpeg\"><img loading=\"lazy\" decoding=\"async\" class=\"aligncenter wp-image-15427\" src=\"https:\/\/projectes.xtec.cat\/pfi\/wp-content\/uploads\/usu1781\/2022\/11\/WhatsApp-Image-2022-11-11-at-14.15.39.jpeg\" alt=\"\" width=\"707\" height=\"531\" srcset=\"https:\/\/projectes.xtec.cat\/pfi\/wp-content\/uploads\/usu1781\/2022\/11\/WhatsApp-Image-2022-11-11-at-14.15.39.jpeg 2048w, https:\/\/projectes.xtec.cat\/pfi\/wp-content\/uploads\/usu1781\/2022\/11\/WhatsApp-Image-2022-11-11-at-14.15.39-300x225.jpeg 300w, https:\/\/projectes.xtec.cat\/pfi\/wp-content\/uploads\/usu1781\/2022\/11\/WhatsApp-Image-2022-11-11-at-14.15.39-1024x768.jpeg 1024w, https:\/\/projectes.xtec.cat\/pfi\/wp-content\/uploads\/usu1781\/2022\/11\/WhatsApp-Image-2022-11-11-at-14.15.39-768x576.jpeg 768w, https:\/\/projectes.xtec.cat\/pfi\/wp-content\/uploads\/usu1781\/2022\/11\/WhatsApp-Image-2022-11-11-at-14.15.39-1536x1152.jpeg 1536w, https:\/\/projectes.xtec.cat\/pfi\/wp-content\/uploads\/usu1781\/2022\/11\/WhatsApp-Image-2022-11-11-at-14.15.39-200x150.jpeg 200w\" sizes=\"auto, (max-width: 707px) 100vw, 707px\" \/><\/a><\/p>\n<p>#pfiCAT #ImpulsFP #SomFP<\/p>\n","protected":false},"excerpt":{"rendered":"<p><a href=\"https:\/\/projectes.xtec.cat\/pfi\/wp-content\/uploads\/usu1781\/2022\/11\/WhatsApp-Image-2022-11-10-at-09.17.45-1.jpeg\"><\/a>El passat divendres 11 de novembre l&#8217;equip dels Programes de Formaci\u00f3 i Inserci\u00f3 va assistir al Congr\u00e9s FPB en Red, que va tenir lloc al Caixa F\u00f2rum de Madrid. Aquest va sorgir fruit de la col\u00b7laboraci\u00f3 de la Fundaci\u00f3 Emipeza por Educar, Dualitza CaixaBank&hellip;  <a href=\"https:\/\/projectes.xtec.cat\/pfi\/general\/els-pfi-al-congres-fpb-en-red-a-madrid\/\" title=\"Read Els PFI al Congr\u00e9s FPB en Red a Madrid\">Llegeix m\u00e9s\u00bb<\/a><\/p>\n","protected":false},"author":1,"featured_media":15427,"comment_status":"open","ping_status":"closed","sticky":false,"template":"","format":"standard","meta":{"_bbp_topic_count":0,"_bbp_reply_count":0,"_bbp_total_topic_count":0,"_bbp_total_reply_count":0,"_bbp_voice_count":0,"_bbp_anonymous_reply_count":0,"_bbp_topic_count_hidden":0,"_bbp_reply_count_hidden":0,"_bbp_forum_subforum_count":0,"footnotes":""},"categories":[1,373,29],"tags":[],"class_list":["post-15424","post","type-post","status-publish","format-standard","has-post-thumbnail","hentry","category-general","category-histories-de-vida","category-portada"],"post_mailing_queue_ids":[],"_links":{"self":[{"href":"https:\/\/projectes.xtec.cat\/pfi\/wp-json\/wp\/v2\/posts\/15424","targetHints":{"allow":["GET"]}}],"collection":[{"href":"https:\/\/projectes.xtec.cat\/pfi\/wp-json\/wp\/v2\/posts"}],"about":[{"href":"https:\/\/projectes.xtec.cat\/pfi\/wp-json\/wp\/v2\/types\/post"}],"author":[{"embeddable":true,"href":"https:\/\/projectes.xtec.cat\/pfi\/wp-json\/wp\/v2\/users\/1"}],"replies":[{"embeddable":true,"href":"https:\/\/projectes.xtec.cat\/pfi\/wp-json\/wp\/v2\/comments?post=15424"}],"version-history":[{"count":3,"href":"https:\/\/projectes.xtec.cat\/pfi\/wp-json\/wp\/v2\/posts\/15424\/revisions"}],"predecessor-version":[{"id":15434,"href":"https:\/\/projectes.xtec.cat\/pfi\/wp-json\/wp\/v2\/posts\/15424\/revisions\/15434"}],"wp:featuredmedia":[{"embeddable":true,"href":"https:\/\/projectes.xtec.cat\/pfi\/wp-json\/wp\/v2\/media\/15427"}],"wp:attachment":[{"href":"https:\/\/projectes.xtec.cat\/pfi\/wp-json\/wp\/v2\/media?parent=15424"}],"wp:term":[{"taxonomy":"category","embeddable":true,"href":"https:\/\/projectes.xtec.cat\/pfi\/wp-json\/wp\/v2\/categories?post=15424"},{"taxonomy":"post_tag","embeddable":true,"href":"https:\/\/projectes.xtec.cat\/pfi\/wp-json\/wp\/v2\/tags?post=15424"}],"curies":[{"name":"wp","href":"https:\/\/api.w.org\/{rel}","templated":true}]}}