{"id":15435,"date":"2022-11-17T15:15:04","date_gmt":"2022-11-17T14:15:04","guid":{"rendered":"https:\/\/projectes.xtec.cat\/pfi\/?p=15435"},"modified":"2022-11-17T15:15:22","modified_gmt":"2022-11-17T14:15:22","slug":"lalumnat-del-pfi-vilafranca-visita-el-world-press-photo-2022","status":"publish","type":"post","link":"https:\/\/projectes.xtec.cat\/pfi\/general\/lalumnat-del-pfi-vilafranca-visita-el-world-press-photo-2022\/","title":{"rendered":"L&#8217;alumnat del PFI Vilafranca visita el World Press Photo 2022"},"content":{"rendered":"<p>L\u2019alumnat del PFI Auxiliar de fabricaci\u00f3 mec\u00e0nica i d\u2019ajust i soldadura de Vilafranca va visitar la Mostra Internacional de Fotoperiodisme, World Press Photo 2022, exposada al Centre de Cultura Contempor\u00e0nia de Barcelona. L\u2019exposici\u00f3 mostra treballs escollits per la seva qualitat visual i que ofereixen diversos punts de vista sobre l\u2019actualitat. Les comunitats ind\u00edgenes, les cultures tradicionals, les q\u00fcestions identit\u00e0ries, la crisis mediambiental, els conflictes b\u00e8l\u00b7lics i les protestes ciutadanes han estat les tem\u00e0tiques principals.<\/p>\n<p>A trav\u00e9s de la fotografia documental, els alumnes van poder reflexionar sobre la desforestaci\u00f3 de la selva amaz\u00f2nica al Brasil, les desaparicions for\u00e7ades a Col\u00f2mbia, el genocidi de nens indis al Canad\u00e0, els assassinats de palestins a Gaza, el segrest massiu de noies a Nig\u00e8ria, el conflicte b\u00e8l\u00b7lic a Eti\u00f2pia, \u00a0les protestes a Birm\u00e0nia o l\u2019assalt al Capitoli als EEUU entre d\u2019altres.<\/p>\n<p>El Programa de Formaci\u00f3 i Inserci\u00f3 (PFI) &#8211;\u00a0 Pla de Transici\u00f3 al Treball (PTT) es duu a terme mitjan\u00e7ant la cooperaci\u00f3 entre el Departament d&#8217;Educaci\u00f3 de la Generalitat de Catalunya i l&#8217;Ajuntament de Vilafranca del Pened\u00e8s.<\/p>\n<p>&nbsp;<\/p>\n<p><a href=\"https:\/\/projectes.xtec.cat\/pfi\/wp-content\/uploads\/usu1781\/2022\/11\/World_Press_Photo_grup.jpg\"><img loading=\"lazy\" decoding=\"async\" class=\"alignnone wp-image-15437\" src=\"https:\/\/projectes.xtec.cat\/pfi\/wp-content\/uploads\/usu1781\/2022\/11\/World_Press_Photo_grup-1024x768.jpg\" alt=\"\" width=\"474\" height=\"355\" srcset=\"https:\/\/projectes.xtec.cat\/pfi\/wp-content\/uploads\/usu1781\/2022\/11\/World_Press_Photo_grup-1024x768.jpg 1024w, https:\/\/projectes.xtec.cat\/pfi\/wp-content\/uploads\/usu1781\/2022\/11\/World_Press_Photo_grup-300x225.jpg 300w, https:\/\/projectes.xtec.cat\/pfi\/wp-content\/uploads\/usu1781\/2022\/11\/World_Press_Photo_grup-768x576.jpg 768w, https:\/\/projectes.xtec.cat\/pfi\/wp-content\/uploads\/usu1781\/2022\/11\/World_Press_Photo_grup-1536x1151.jpg 1536w, https:\/\/projectes.xtec.cat\/pfi\/wp-content\/uploads\/usu1781\/2022\/11\/World_Press_Photo_grup-200x150.jpg 200w, https:\/\/projectes.xtec.cat\/pfi\/wp-content\/uploads\/usu1781\/2022\/11\/World_Press_Photo_grup.jpg 2048w\" sizes=\"auto, (max-width: 474px) 100vw, 474px\" \/><\/a><a href=\"https:\/\/projectes.xtec.cat\/pfi\/wp-content\/uploads\/usu1781\/2022\/11\/World_Press_Photo.jpg\"><img loading=\"lazy\" decoding=\"async\" class=\"alignnone wp-image-15436\" src=\"https:\/\/projectes.xtec.cat\/pfi\/wp-content\/uploads\/usu1781\/2022\/11\/World_Press_Photo-1024x768.jpg\" alt=\"\" width=\"468\" height=\"351\" srcset=\"https:\/\/projectes.xtec.cat\/pfi\/wp-content\/uploads\/usu1781\/2022\/11\/World_Press_Photo-1024x768.jpg 1024w, https:\/\/projectes.xtec.cat\/pfi\/wp-content\/uploads\/usu1781\/2022\/11\/World_Press_Photo-300x225.jpg 300w, https:\/\/projectes.xtec.cat\/pfi\/wp-content\/uploads\/usu1781\/2022\/11\/World_Press_Photo-768x576.jpg 768w, https:\/\/projectes.xtec.cat\/pfi\/wp-content\/uploads\/usu1781\/2022\/11\/World_Press_Photo-1536x1152.jpg 1536w, https:\/\/projectes.xtec.cat\/pfi\/wp-content\/uploads\/usu1781\/2022\/11\/World_Press_Photo-200x150.jpg 200w, https:\/\/projectes.xtec.cat\/pfi\/wp-content\/uploads\/usu1781\/2022\/11\/World_Press_Photo.jpg 1787w\" sizes=\"auto, (max-width: 468px) 100vw, 468px\" \/><\/a><\/p>\n<p>&nbsp;<\/p>\n<p>Vilafranca del Pened\u00e8s,\u00a0 15 de novembre de 2022<\/p>\n<p>#pfiCAT #ImpulsFP #SomFP<\/p>\n","protected":false},"excerpt":{"rendered":"<p>El PFI Mec\u00e0nica de Vilafranca visita la Mostra Internacional de Fotoperiodisme, World Press Photo.&hellip;  <a href=\"https:\/\/projectes.xtec.cat\/pfi\/general\/lalumnat-del-pfi-vilafranca-visita-el-world-press-photo-2022\/\" title=\"Read L&#8217;alumnat del PFI Vilafranca visita el World Press Photo 2022\">Llegeix m\u00e9s\u00bb<\/a><\/p>\n","protected":false},"author":181,"featured_media":15437,"comment_status":"open","ping_status":"closed","sticky":false,"template":"","format":"standard","meta":{"_bbp_topic_count":0,"_bbp_reply_count":0,"_bbp_total_topic_count":0,"_bbp_total_reply_count":0,"_bbp_voice_count":0,"_bbp_anonymous_reply_count":0,"_bbp_topic_count_hidden":0,"_bbp_reply_count_hidden":0,"_bbp_forum_subforum_count":0,"footnotes":""},"categories":[1,29],"tags":[575,482],"class_list":["post-15435","post","type-post","status-publish","format-standard","has-post-thumbnail","hentry","category-general","category-portada","tag-pfi_vilafranca","tag-sortides-pedagogiques"],"post_mailing_queue_ids":[],"_links":{"self":[{"href":"https:\/\/projectes.xtec.cat\/pfi\/wp-json\/wp\/v2\/posts\/15435","targetHints":{"allow":["GET"]}}],"collection":[{"href":"https:\/\/projectes.xtec.cat\/pfi\/wp-json\/wp\/v2\/posts"}],"about":[{"href":"https:\/\/projectes.xtec.cat\/pfi\/wp-json\/wp\/v2\/types\/post"}],"author":[{"embeddable":true,"href":"https:\/\/projectes.xtec.cat\/pfi\/wp-json\/wp\/v2\/users\/181"}],"replies":[{"embeddable":true,"href":"https:\/\/projectes.xtec.cat\/pfi\/wp-json\/wp\/v2\/comments?post=15435"}],"version-history":[{"count":3,"href":"https:\/\/projectes.xtec.cat\/pfi\/wp-json\/wp\/v2\/posts\/15435\/revisions"}],"predecessor-version":[{"id":15452,"href":"https:\/\/projectes.xtec.cat\/pfi\/wp-json\/wp\/v2\/posts\/15435\/revisions\/15452"}],"wp:featuredmedia":[{"embeddable":true,"href":"https:\/\/projectes.xtec.cat\/pfi\/wp-json\/wp\/v2\/media\/15437"}],"wp:attachment":[{"href":"https:\/\/projectes.xtec.cat\/pfi\/wp-json\/wp\/v2\/media?parent=15435"}],"wp:term":[{"taxonomy":"category","embeddable":true,"href":"https:\/\/projectes.xtec.cat\/pfi\/wp-json\/wp\/v2\/categories?post=15435"},{"taxonomy":"post_tag","embeddable":true,"href":"https:\/\/projectes.xtec.cat\/pfi\/wp-json\/wp\/v2\/tags?post=15435"}],"curies":[{"name":"wp","href":"https:\/\/api.w.org\/{rel}","templated":true}]}}