{"id":15482,"date":"2022-12-05T07:54:04","date_gmt":"2022-12-05T06:54:04","guid":{"rendered":"https:\/\/projectes.xtec.cat\/pfi\/?p=15482"},"modified":"2023-04-03T09:02:50","modified_gmt":"2023-04-03T07:02:50","slug":"connectat-a-lempresa-per-a-perfil-imatge-personal","status":"publish","type":"post","link":"https:\/\/projectes.xtec.cat\/pfi\/portada\/connectat-a-lempresa-per-a-perfil-imatge-personal\/","title":{"rendered":"Connecta&#8217;t a l&#8217;empresa per a perfil Imatge personal"},"content":{"rendered":"<p>El divendres 16\/12 de 9.30 a 11.00h tindr\u00e0 lloc una nova Connexi\u00f3 en directe espec\u00edfica per al <strong>perfil professional d&#8217;Imatge personal: perruqueria i est\u00e8tica\u00a0<\/strong>anomenada &#8220;Perruqueria: situaci\u00f3 actual i reptes&#8221;.<\/p>\n<p>El Borja P\u00e9rez, Responsable de projectes de Formaci\u00f3 Professional de L&#8217;Or\u00e9al, tractar\u00e0 el tema sobre la <strong>Incorporaci\u00f3 al m\u00f3n del treball i l&#8217;atenci\u00f3 al client a les perruqueries<\/strong><\/p>\n<p>Per inscriure&#8217;t <a href=\"https:\/\/docs.google.com\/forms\/d\/e\/1FAIpQLSfBNCTtO4GWelT_umP-FOw95Xd0Cn1VPL2ncPh2qoVBkBzdWg\/viewform\">clica aqu\u00ed<\/a><\/p>\n<p>Per a m\u00e9s informaci\u00f3 has d&#8217;anar al banc de recursos <a href=\"https:\/\/sites.google.com\/xtec.cat\/connectatalempresa\/connectat-a-lempresa\/connexions-en-directe?authuser=0\">Connecta\u2019t a l\u2019empresa<\/a>.<\/p>\n<p>#pfiCAT #impulsFP<\/p>\n","protected":false},"excerpt":{"rendered":"<p>El divendres 16\/12 de 9.30 a 11.00h tindr\u00e0 lloc una nova Connexi\u00f3 en directe espec\u00edfica per al perfil professional d&#8217;Imatge personal: perruqueria i est\u00e8tica\u00a0anomenada &#8220;Perruqueria: situaci\u00f3 actual i reptes&#8221;.<br \/>\nEl Borja P\u00e9rez, Responsable de projectes de Formaci\u00f3 Professional de L&#8217;Or\u00e9al, tractar\u00e0 el tema sobre la Incorporaci\u00f3&hellip;  <a href=\"https:\/\/projectes.xtec.cat\/pfi\/portada\/connectat-a-lempresa-per-a-perfil-imatge-personal\/\" title=\"Read Connecta&#8217;t a l&#8217;empresa per a perfil Imatge personal\">Llegeix m\u00e9s\u00bb<\/a><\/p>\n","protected":false},"author":1,"featured_media":16455,"comment_status":"open","ping_status":"closed","sticky":false,"template":"","format":"standard","meta":{"_bbp_topic_count":0,"_bbp_reply_count":0,"_bbp_total_topic_count":0,"_bbp_total_reply_count":0,"_bbp_voice_count":0,"_bbp_anonymous_reply_count":0,"_bbp_topic_count_hidden":0,"_bbp_reply_count_hidden":0,"_bbp_forum_subforum_count":0,"footnotes":""},"categories":[565,29],"tags":[],"class_list":["post-15482","post","type-post","status-publish","format-standard","has-post-thumbnail","hentry","category-connectat-a-lempresa","category-portada"],"post_mailing_queue_ids":[],"_links":{"self":[{"href":"https:\/\/projectes.xtec.cat\/pfi\/wp-json\/wp\/v2\/posts\/15482","targetHints":{"allow":["GET"]}}],"collection":[{"href":"https:\/\/projectes.xtec.cat\/pfi\/wp-json\/wp\/v2\/posts"}],"about":[{"href":"https:\/\/projectes.xtec.cat\/pfi\/wp-json\/wp\/v2\/types\/post"}],"author":[{"embeddable":true,"href":"https:\/\/projectes.xtec.cat\/pfi\/wp-json\/wp\/v2\/users\/1"}],"replies":[{"embeddable":true,"href":"https:\/\/projectes.xtec.cat\/pfi\/wp-json\/wp\/v2\/comments?post=15482"}],"version-history":[{"count":3,"href":"https:\/\/projectes.xtec.cat\/pfi\/wp-json\/wp\/v2\/posts\/15482\/revisions"}],"predecessor-version":[{"id":15490,"href":"https:\/\/projectes.xtec.cat\/pfi\/wp-json\/wp\/v2\/posts\/15482\/revisions\/15490"}],"wp:featuredmedia":[{"embeddable":true,"href":"https:\/\/projectes.xtec.cat\/pfi\/wp-json\/wp\/v2\/media\/16455"}],"wp:attachment":[{"href":"https:\/\/projectes.xtec.cat\/pfi\/wp-json\/wp\/v2\/media?parent=15482"}],"wp:term":[{"taxonomy":"category","embeddable":true,"href":"https:\/\/projectes.xtec.cat\/pfi\/wp-json\/wp\/v2\/categories?post=15482"},{"taxonomy":"post_tag","embeddable":true,"href":"https:\/\/projectes.xtec.cat\/pfi\/wp-json\/wp\/v2\/tags?post=15482"}],"curies":[{"name":"wp","href":"https:\/\/api.w.org\/{rel}","templated":true}]}}