{"id":15493,"date":"2022-11-22T09:57:21","date_gmt":"2022-11-22T08:57:21","guid":{"rendered":"https:\/\/projectes.xtec.cat\/pfi\/?p=15493"},"modified":"2022-11-22T15:10:58","modified_gmt":"2022-11-22T14:10:58","slug":"el-pfi-de-linstitut-provencana-participa-en-el-projecte-deconomia-circular-guardonat-a-les-11es-jornades-sobre-lensenyament-de-la-quimica-a-catalunya","status":"publish","type":"post","link":"https:\/\/projectes.xtec.cat\/pfi\/general\/el-pfi-de-linstitut-provencana-participa-en-el-projecte-deconomia-circular-guardonat-a-les-11es-jornades-sobre-lensenyament-de-la-quimica-a-catalunya\/","title":{"rendered":"El PFI Proven\u00e7ana participa en el projecte d&#8217;Economia Circular de l&#8217;institut"},"content":{"rendered":"<div class=\"oKdM2c ZZyype Kzv0Me\">\n<div id=\"h.3c8de9ea5af7af5a_11\" class=\"hJDwNd-AhqUyc-uQSCkd Ft7HRd-AhqUyc-uQSCkd jXK9ad D2fZ2 zu5uec OjCsFc dmUFtb JYTMs\">\n<div class=\"jXK9ad-SmKAyb\">\n<div class=\"tyJCtd mGzaTb Depvyb baZpAe\">\n<div><\/div>\n<div class=\"CjVfdc\"><\/div>\n<\/div>\n<\/div>\n<\/div>\n<\/div>\n<div class=\"oKdM2c ZZyype\">\n<div id=\"h.3c8de9ea5af7af5a_13\" class=\"hJDwNd-AhqUyc-uQSCkd Ft7HRd-AhqUyc-uQSCkd jXK9ad D2fZ2 zu5uec JYTMs\">\n<div class=\"jXK9ad-SmKAyb\">\n<div class=\"tyJCtd mGzaTb Depvyb baZpAe\">\n<p class=\"CDt4Ke zfr3Q\" dir=\"ltr\" style=\"text-align: justify;\">El projecte <em>&#8220;Economia circular: elaboraci\u00f3, desenvolupament i venda de productes de parafarm\u00e0cia i cosm\u00e8tica&#8221;<\/em>\u00a0de l&#8217;Institut Proven\u00e7ana, ha guanyat el <span class=\" KB0Tx\">1r Premi Projecte m\u00e9s viable CFGM, a<\/span><span class=\" KB0Tx\"> les 11es Jornades sobre l&#8217;Ensenyament de la\u00a0<em>Qu\u00edmica<\/em> a Catalunya (JEQC), organitzades pel Col\u00b7legi de Qu\u00edmics de Catalunya <\/span><span style=\"font-family: inherit; font-size: 1em;\">i la Facultat de Qu\u00edmica de la Universitat de Barcelona. Un projecte interdisciplinar entre diverses fam\u00edlies professionals, i nivells educatius dins de la Formaci\u00f3 Professional.\u00a0<\/span><\/p>\n<p class=\"CDt4Ke zfr3Q\" dir=\"ltr\" style=\"text-align: justify;\">El seu objectiu \u00e9s que els estudiants que participin en el projecte visquin que \u00e9s l&#8217;economia circular i com es pot portar a la pr\u00e0ctica des de les diverses disciplines. A partir de la recollida d&#8217;oli de cuina usat s\u2019ha elaborat un sab\u00f3 utilitzant arrel de saponaria en comptes de hidr\u00f2xid de sodi.<\/p>\n<p class=\"CDt4Ke zfr3Q\" dir=\"ltr\" style=\"text-align: justify;\">Al voltant d\u2019aquest producte, els estudiants de Qu\u00edmica han estat els encarregats de l\u2019elaboraci\u00f3 i el control de qualitat del producte. Els estudiants d\u2019Activitats Comercials han realitzat un estudi de mercat sobre els sabons i dissenyat cartells per dur a terme una campanya de recollida d\u2019oli de cuina usat, mentre que els de Gesti\u00f3 Administrativa han realitzat un pla de m\u00e0rqueting sobre els sabons artesanals tenint com a p\u00fablic joves com ells. L&#8217;alumnat del PFI tamb\u00e9 hi ha participat. El perfil d&#8217;Auxiliar de Vendes, oficina i atenci\u00f3 al p\u00fablic, ha creat un nom comercial, un logotip i un disseny d&#8217;embalatge. I l&#8217;alumnat d\u2019Auxiliar de Muntatge i manteniment d\u2019equips inform\u00e0tics ha dissenyat una p\u00e0gina web de difusi\u00f3 del producte.<\/p>\n<p class=\"CDt4Ke zfr3Q\" dir=\"ltr\" style=\"text-align: justify;\">Un saber compartit i un aprenentatge transferit que ha implicat a 100 alumnes i 11 docents. En aquest projecte tamb\u00e9 ha col\u00b7laborat Institut Narc\u00eds Montoriol, i ha rebut la subvenci\u00f3 de la Fundaci\u00f3 BCN Formaci\u00f3 Professional en el seu Pla de Mesures Innovaci\u00f3 a l\u2019FP pel curs 2021-22.<\/p>\n<p dir=\"ltr\">Al seu <a href=\"https:\/\/sites.google.com\/xtec.cat\/economia-circular-en-accion\/presentaci%C3%B3?authuser=0\">web<\/a> podreu consultar les diverses tasques i especificitats realitzades per l&#8217;alumnat en aquest projecte de formaci\u00f3 professional. No us ho perdeu!<\/p>\n<p dir=\"ltr\">#pfiCAT #ImpulsFP #SomFP<\/p>\n<p dir=\"ltr\">\n<p id=\"h.aiotr0b8p943\" class=\"CDt4Ke zfr3Q\" dir=\"ltr\"><a href=\"https:\/\/projectes.xtec.cat\/pfi\/wp-content\/uploads\/usu1781\/2022\/11\/AF5281F8-52AE-4D8C-87FC-482D2202AFBA.jpeg\"><img loading=\"lazy\" decoding=\"async\" class=\"wp-image-15517 aligncenter\" src=\"https:\/\/projectes.xtec.cat\/pfi\/wp-content\/uploads\/usu1781\/2022\/11\/AF5281F8-52AE-4D8C-87FC-482D2202AFBA-1024x768.jpeg\" alt=\"\" width=\"501\" height=\"376\" srcset=\"https:\/\/projectes.xtec.cat\/pfi\/wp-content\/uploads\/usu1781\/2022\/11\/AF5281F8-52AE-4D8C-87FC-482D2202AFBA-1024x768.jpeg 1024w, https:\/\/projectes.xtec.cat\/pfi\/wp-content\/uploads\/usu1781\/2022\/11\/AF5281F8-52AE-4D8C-87FC-482D2202AFBA-300x225.jpeg 300w, https:\/\/projectes.xtec.cat\/pfi\/wp-content\/uploads\/usu1781\/2022\/11\/AF5281F8-52AE-4D8C-87FC-482D2202AFBA-768x576.jpeg 768w, https:\/\/projectes.xtec.cat\/pfi\/wp-content\/uploads\/usu1781\/2022\/11\/AF5281F8-52AE-4D8C-87FC-482D2202AFBA-200x150.jpeg 200w, https:\/\/projectes.xtec.cat\/pfi\/wp-content\/uploads\/usu1781\/2022\/11\/AF5281F8-52AE-4D8C-87FC-482D2202AFBA.jpeg 1440w\" sizes=\"auto, (max-width: 501px) 100vw, 501px\" \/><\/a><\/p>\n<p class=\"CDt4Ke zfr3Q\" dir=\"ltr\"><a href=\"https:\/\/projectes.xtec.cat\/pfi\/wp-content\/uploads\/usu1781\/2022\/11\/02256924-ACAE-4EC2-846B-D6D85C90D2C5.jpeg\"><img loading=\"lazy\" decoding=\"async\" class=\"wp-image-15519 aligncenter\" src=\"https:\/\/projectes.xtec.cat\/pfi\/wp-content\/uploads\/usu1781\/2022\/11\/02256924-ACAE-4EC2-846B-D6D85C90D2C5-1024x768.jpeg\" alt=\"\" width=\"508\" height=\"381\" srcset=\"https:\/\/projectes.xtec.cat\/pfi\/wp-content\/uploads\/usu1781\/2022\/11\/02256924-ACAE-4EC2-846B-D6D85C90D2C5-1024x768.jpeg 1024w, https:\/\/projectes.xtec.cat\/pfi\/wp-content\/uploads\/usu1781\/2022\/11\/02256924-ACAE-4EC2-846B-D6D85C90D2C5-300x225.jpeg 300w, https:\/\/projectes.xtec.cat\/pfi\/wp-content\/uploads\/usu1781\/2022\/11\/02256924-ACAE-4EC2-846B-D6D85C90D2C5-768x576.jpeg 768w, https:\/\/projectes.xtec.cat\/pfi\/wp-content\/uploads\/usu1781\/2022\/11\/02256924-ACAE-4EC2-846B-D6D85C90D2C5-200x150.jpeg 200w, https:\/\/projectes.xtec.cat\/pfi\/wp-content\/uploads\/usu1781\/2022\/11\/02256924-ACAE-4EC2-846B-D6D85C90D2C5.jpeg 1440w\" sizes=\"auto, (max-width: 508px) 100vw, 508px\" \/><\/a><\/p>\n<p class=\"CDt4Ke zfr3Q\" dir=\"ltr\"><a href=\"https:\/\/projectes.xtec.cat\/pfi\/wp-content\/uploads\/usu1781\/2022\/11\/CF9B93C4-F2BA-49C7-BBA2-E784F5298554.jpeg\"><img loading=\"lazy\" decoding=\"async\" class=\"wp-image-15520 aligncenter\" src=\"https:\/\/projectes.xtec.cat\/pfi\/wp-content\/uploads\/usu1781\/2022\/11\/CF9B93C4-F2BA-49C7-BBA2-E784F5298554-1024x768.jpeg\" alt=\"\" width=\"511\" height=\"384\" srcset=\"https:\/\/projectes.xtec.cat\/pfi\/wp-content\/uploads\/usu1781\/2022\/11\/CF9B93C4-F2BA-49C7-BBA2-E784F5298554-1024x768.jpeg 1024w, https:\/\/projectes.xtec.cat\/pfi\/wp-content\/uploads\/usu1781\/2022\/11\/CF9B93C4-F2BA-49C7-BBA2-E784F5298554-300x225.jpeg 300w, https:\/\/projectes.xtec.cat\/pfi\/wp-content\/uploads\/usu1781\/2022\/11\/CF9B93C4-F2BA-49C7-BBA2-E784F5298554-768x576.jpeg 768w, https:\/\/projectes.xtec.cat\/pfi\/wp-content\/uploads\/usu1781\/2022\/11\/CF9B93C4-F2BA-49C7-BBA2-E784F5298554-200x150.jpeg 200w, https:\/\/projectes.xtec.cat\/pfi\/wp-content\/uploads\/usu1781\/2022\/11\/CF9B93C4-F2BA-49C7-BBA2-E784F5298554.jpeg 1440w\" sizes=\"auto, (max-width: 511px) 100vw, 511px\" \/><\/a><\/p>\n<p class=\"CDt4Ke zfr3Q\" dir=\"ltr\"><img loading=\"lazy\" decoding=\"async\" class=\" wp-image-15521 aligncenter\" src=\"https:\/\/projectes.xtec.cat\/pfi\/wp-content\/uploads\/usu1781\/2022\/11\/64FFA7D7-24A3-4C7E-8208-0EB93034460C-1024x768.jpeg\" alt=\"\" width=\"511\" height=\"383\" srcset=\"https:\/\/projectes.xtec.cat\/pfi\/wp-content\/uploads\/usu1781\/2022\/11\/64FFA7D7-24A3-4C7E-8208-0EB93034460C-1024x768.jpeg 1024w, https:\/\/projectes.xtec.cat\/pfi\/wp-content\/uploads\/usu1781\/2022\/11\/64FFA7D7-24A3-4C7E-8208-0EB93034460C-300x225.jpeg 300w, https:\/\/projectes.xtec.cat\/pfi\/wp-content\/uploads\/usu1781\/2022\/11\/64FFA7D7-24A3-4C7E-8208-0EB93034460C-768x576.jpeg 768w, https:\/\/projectes.xtec.cat\/pfi\/wp-content\/uploads\/usu1781\/2022\/11\/64FFA7D7-24A3-4C7E-8208-0EB93034460C-200x150.jpeg 200w, https:\/\/projectes.xtec.cat\/pfi\/wp-content\/uploads\/usu1781\/2022\/11\/64FFA7D7-24A3-4C7E-8208-0EB93034460C.jpeg 1440w\" sizes=\"auto, (max-width: 511px) 100vw, 511px\" \/><\/p>\n<p class=\"CDt4Ke zfr3Q\" dir=\"ltr\"><a href=\"https:\/\/projectes.xtec.cat\/pfi\/wp-content\/uploads\/usu1781\/2022\/11\/F846129F-69CA-4E78-9771-B00DAC176D50.jpeg\"><img loading=\"lazy\" decoding=\"async\" class=\" wp-image-15524 aligncenter\" src=\"https:\/\/projectes.xtec.cat\/pfi\/wp-content\/uploads\/usu1781\/2022\/11\/F846129F-69CA-4E78-9771-B00DAC176D50-1024x772.jpeg\" alt=\"\" width=\"513\" height=\"386\" srcset=\"https:\/\/projectes.xtec.cat\/pfi\/wp-content\/uploads\/usu1781\/2022\/11\/F846129F-69CA-4E78-9771-B00DAC176D50-1024x772.jpeg 1024w, https:\/\/projectes.xtec.cat\/pfi\/wp-content\/uploads\/usu1781\/2022\/11\/F846129F-69CA-4E78-9771-B00DAC176D50-300x226.jpeg 300w, https:\/\/projectes.xtec.cat\/pfi\/wp-content\/uploads\/usu1781\/2022\/11\/F846129F-69CA-4E78-9771-B00DAC176D50-768x579.jpeg 768w, https:\/\/projectes.xtec.cat\/pfi\/wp-content\/uploads\/usu1781\/2022\/11\/F846129F-69CA-4E78-9771-B00DAC176D50-200x150.jpeg 200w, https:\/\/projectes.xtec.cat\/pfi\/wp-content\/uploads\/usu1781\/2022\/11\/F846129F-69CA-4E78-9771-B00DAC176D50.jpeg 1440w\" sizes=\"auto, (max-width: 513px) 100vw, 513px\" \/><\/a><\/p>\n<\/div>\n<\/div>\n<\/div>\n<\/div>\n","protected":false},"excerpt":{"rendered":"<p>El projecte &#8220;Economia circular: elaboraci\u00f3, desenvolupament i venda de productes de parafarm\u00e0cia i cosm\u00e8tica&#8221;\u00a0de l&#8217;Institut Proven\u00e7ana, ha guanyat el 1r Premi Projecte m\u00e9s viable CFGM, a les 11es Jornades sobre l&#8217;Ensenyament de la\u00a0Qu\u00edmica a Catalunya (JEQC), organitzades pel Col\u00b7legi de Qu\u00edmics de Catalunya i la&hellip;  <a href=\"https:\/\/projectes.xtec.cat\/pfi\/general\/el-pfi-de-linstitut-provencana-participa-en-el-projecte-deconomia-circular-guardonat-a-les-11es-jornades-sobre-lensenyament-de-la-quimica-a-catalunya\/\" title=\"Read El PFI Proven\u00e7ana participa en el projecte d&#8217;Economia Circular de l&#8217;institut\">Llegeix m\u00e9s\u00bb<\/a><\/p>\n","protected":false},"author":1,"featured_media":15523,"comment_status":"open","ping_status":"closed","sticky":false,"template":"","format":"standard","meta":{"_bbp_topic_count":0,"_bbp_reply_count":0,"_bbp_total_topic_count":0,"_bbp_total_reply_count":0,"_bbp_voice_count":0,"_bbp_anonymous_reply_count":0,"_bbp_topic_count_hidden":0,"_bbp_reply_count_hidden":0,"_bbp_forum_subforum_count":0,"footnotes":""},"categories":[1,29],"tags":[],"class_list":["post-15493","post","type-post","status-publish","format-standard","has-post-thumbnail","hentry","category-general","category-portada"],"post_mailing_queue_ids":[],"_links":{"self":[{"href":"https:\/\/projectes.xtec.cat\/pfi\/wp-json\/wp\/v2\/posts\/15493","targetHints":{"allow":["GET"]}}],"collection":[{"href":"https:\/\/projectes.xtec.cat\/pfi\/wp-json\/wp\/v2\/posts"}],"about":[{"href":"https:\/\/projectes.xtec.cat\/pfi\/wp-json\/wp\/v2\/types\/post"}],"author":[{"embeddable":true,"href":"https:\/\/projectes.xtec.cat\/pfi\/wp-json\/wp\/v2\/users\/1"}],"replies":[{"embeddable":true,"href":"https:\/\/projectes.xtec.cat\/pfi\/wp-json\/wp\/v2\/comments?post=15493"}],"version-history":[{"count":4,"href":"https:\/\/projectes.xtec.cat\/pfi\/wp-json\/wp\/v2\/posts\/15493\/revisions"}],"predecessor-version":[{"id":15529,"href":"https:\/\/projectes.xtec.cat\/pfi\/wp-json\/wp\/v2\/posts\/15493\/revisions\/15529"}],"wp:featuredmedia":[{"embeddable":true,"href":"https:\/\/projectes.xtec.cat\/pfi\/wp-json\/wp\/v2\/media\/15523"}],"wp:attachment":[{"href":"https:\/\/projectes.xtec.cat\/pfi\/wp-json\/wp\/v2\/media?parent=15493"}],"wp:term":[{"taxonomy":"category","embeddable":true,"href":"https:\/\/projectes.xtec.cat\/pfi\/wp-json\/wp\/v2\/categories?post=15493"},{"taxonomy":"post_tag","embeddable":true,"href":"https:\/\/projectes.xtec.cat\/pfi\/wp-json\/wp\/v2\/tags?post=15493"}],"curies":[{"name":"wp","href":"https:\/\/api.w.org\/{rel}","templated":true}]}}