{"id":15510,"date":"2022-11-28T09:51:55","date_gmt":"2022-11-28T08:51:55","guid":{"rendered":"https:\/\/projectes.xtec.cat\/pfi\/?p=15510"},"modified":"2022-11-25T13:11:58","modified_gmt":"2022-11-25T12:11:58","slug":"pfi-vilafranca-visita-lempresa-rectificats","status":"publish","type":"post","link":"https:\/\/projectes.xtec.cat\/pfi\/general\/pfi-vilafranca-visita-lempresa-rectificats\/","title":{"rendered":"PFI Vilafranca visita l&#8217;empresa Rectificats"},"content":{"rendered":"<p>L\u2019alumnat del PFI Auxiliar de fabricaci\u00f3 mec\u00e0nica i d\u2019ajust i soldadura de Vilafranca va visitar l\u2019empresa Rectificats Alt Pened\u00e8s (MIPSA) dedicada a la fabricaci\u00f3, reparaci\u00f3 i muntatge de components industrials.<\/p>\n<p>Andreu Crespo, gerent de MIPSA, va explicar als joves tot el proc\u00e9s de mecanitzaci\u00f3, des de que el client fa l\u2019enc\u00e0rrec fins que el producte est\u00e0 acabat, passant per la realitzaci\u00f3 dels pl\u00e0nols, la impressi\u00f3 de proves en 3D, l\u2019adaptaci\u00f3 de l\u2019utillatge, la fabricaci\u00f3 als torns i a les fresadores i la soldadura. Tamb\u00e9 va animar als joves a formar-se en l\u2019ofici destacant la manca de m\u00e0 d\u2019obra qualificada en el territori i la forta demanda dels serveis que aquesta ind\u00fastria ofereix.<\/p>\n<p>El Programa de Transici\u00f3 al Treball es duu a terme mitjan\u00e7ant la cooperaci\u00f3 entre el Departament d&#8217;Educaci\u00f3 de la Generalitat de Catalunya i l&#8217;Ajuntament de Vilafranca del Pened\u00e8s.<\/p>\n<p>#pfiCAT #ImpulsFP #SomFP<\/p>\n<p><a href=\"https:\/\/projectes.xtec.cat\/pfi\/wp-content\/uploads\/usu1781\/2022\/11\/MIPSA_Reduit.jpg\"><img loading=\"lazy\" decoding=\"async\" class=\"wp-image-15511 aligncenter\" src=\"https:\/\/projectes.xtec.cat\/pfi\/wp-content\/uploads\/usu1781\/2022\/11\/MIPSA_Reduit-1024x768.jpg\" alt=\"\" width=\"473\" height=\"355\" srcset=\"https:\/\/projectes.xtec.cat\/pfi\/wp-content\/uploads\/usu1781\/2022\/11\/MIPSA_Reduit-1024x768.jpg 1024w, https:\/\/projectes.xtec.cat\/pfi\/wp-content\/uploads\/usu1781\/2022\/11\/MIPSA_Reduit-300x225.jpg 300w, https:\/\/projectes.xtec.cat\/pfi\/wp-content\/uploads\/usu1781\/2022\/11\/MIPSA_Reduit-768x576.jpg 768w, https:\/\/projectes.xtec.cat\/pfi\/wp-content\/uploads\/usu1781\/2022\/11\/MIPSA_Reduit-1536x1152.jpg 1536w, https:\/\/projectes.xtec.cat\/pfi\/wp-content\/uploads\/usu1781\/2022\/11\/MIPSA_Reduit-2048x1536.jpg 2048w, https:\/\/projectes.xtec.cat\/pfi\/wp-content\/uploads\/usu1781\/2022\/11\/MIPSA_Reduit-200x150.jpg 200w\" sizes=\"auto, (max-width: 473px) 100vw, 473px\" \/><\/a><a href=\"https:\/\/projectes.xtec.cat\/pfi\/wp-content\/uploads\/usu1781\/2022\/11\/MIPSA2_red.jpg\"><br \/>\n<img loading=\"lazy\" decoding=\"async\" class=\"wp-image-15512 aligncenter\" src=\"https:\/\/projectes.xtec.cat\/pfi\/wp-content\/uploads\/usu1781\/2022\/11\/MIPSA2_red-1024x768.jpg\" alt=\"\" width=\"472\" height=\"354\" srcset=\"https:\/\/projectes.xtec.cat\/pfi\/wp-content\/uploads\/usu1781\/2022\/11\/MIPSA2_red-1024x768.jpg 1024w, https:\/\/projectes.xtec.cat\/pfi\/wp-content\/uploads\/usu1781\/2022\/11\/MIPSA2_red-300x225.jpg 300w, https:\/\/projectes.xtec.cat\/pfi\/wp-content\/uploads\/usu1781\/2022\/11\/MIPSA2_red-768x576.jpg 768w, https:\/\/projectes.xtec.cat\/pfi\/wp-content\/uploads\/usu1781\/2022\/11\/MIPSA2_red-1536x1152.jpg 1536w, https:\/\/projectes.xtec.cat\/pfi\/wp-content\/uploads\/usu1781\/2022\/11\/MIPSA2_red-200x150.jpg 200w, https:\/\/projectes.xtec.cat\/pfi\/wp-content\/uploads\/usu1781\/2022\/11\/MIPSA2_red.jpg 1672w\" sizes=\"auto, (max-width: 472px) 100vw, 472px\" \/><\/a><\/p>\n<p>#pfiCAT #ImpulsFP #SomFP<\/p>\n","protected":false},"excerpt":{"rendered":"<p>L\u2019alumnat del PFI Auxiliar de fabricaci\u00f3 mec\u00e0nica i d\u2019ajust i soldadura de Vilafranca va visitar l\u2019empresa Rectificats Alt Pened\u00e8s (MIPSA) dedicada a la fabricaci\u00f3, reparaci\u00f3 i muntatge de components industrials.<br \/>\nAndreu Crespo, gerent de MIPSA, va explicar als joves tot el proc\u00e9s de mecanitzaci\u00f3, des de&hellip;  <a href=\"https:\/\/projectes.xtec.cat\/pfi\/general\/pfi-vilafranca-visita-lempresa-rectificats\/\" title=\"Read PFI Vilafranca visita l&#8217;empresa Rectificats\">Llegeix m\u00e9s\u00bb<\/a><\/p>\n","protected":false},"author":181,"featured_media":15512,"comment_status":"open","ping_status":"closed","sticky":false,"template":"","format":"standard","meta":{"_bbp_topic_count":0,"_bbp_reply_count":0,"_bbp_total_topic_count":0,"_bbp_total_reply_count":0,"_bbp_voice_count":0,"_bbp_anonymous_reply_count":0,"_bbp_topic_count_hidden":0,"_bbp_reply_count_hidden":0,"_bbp_forum_subforum_count":0,"footnotes":""},"categories":[1,29],"tags":[538,417],"class_list":["post-15510","post","type-post","status-publish","format-standard","has-post-thumbnail","hentry","category-general","category-portada","tag-empreses","tag-ptt-vilafranca"],"post_mailing_queue_ids":[],"_links":{"self":[{"href":"https:\/\/projectes.xtec.cat\/pfi\/wp-json\/wp\/v2\/posts\/15510","targetHints":{"allow":["GET"]}}],"collection":[{"href":"https:\/\/projectes.xtec.cat\/pfi\/wp-json\/wp\/v2\/posts"}],"about":[{"href":"https:\/\/projectes.xtec.cat\/pfi\/wp-json\/wp\/v2\/types\/post"}],"author":[{"embeddable":true,"href":"https:\/\/projectes.xtec.cat\/pfi\/wp-json\/wp\/v2\/users\/181"}],"replies":[{"embeddable":true,"href":"https:\/\/projectes.xtec.cat\/pfi\/wp-json\/wp\/v2\/comments?post=15510"}],"version-history":[{"count":3,"href":"https:\/\/projectes.xtec.cat\/pfi\/wp-json\/wp\/v2\/posts\/15510\/revisions"}],"predecessor-version":[{"id":15613,"href":"https:\/\/projectes.xtec.cat\/pfi\/wp-json\/wp\/v2\/posts\/15510\/revisions\/15613"}],"wp:featuredmedia":[{"embeddable":true,"href":"https:\/\/projectes.xtec.cat\/pfi\/wp-json\/wp\/v2\/media\/15512"}],"wp:attachment":[{"href":"https:\/\/projectes.xtec.cat\/pfi\/wp-json\/wp\/v2\/media?parent=15510"}],"wp:term":[{"taxonomy":"category","embeddable":true,"href":"https:\/\/projectes.xtec.cat\/pfi\/wp-json\/wp\/v2\/categories?post=15510"},{"taxonomy":"post_tag","embeddable":true,"href":"https:\/\/projectes.xtec.cat\/pfi\/wp-json\/wp\/v2\/tags?post=15510"}],"curies":[{"name":"wp","href":"https:\/\/api.w.org\/{rel}","templated":true}]}}