{"id":15532,"date":"2022-11-25T09:00:11","date_gmt":"2022-11-25T08:00:11","guid":{"rendered":"https:\/\/projectes.xtec.cat\/pfi\/?p=15532"},"modified":"2022-11-24T09:55:45","modified_gmt":"2022-11-24T08:55:45","slug":"el-pfi-dertosa-participa-en-el-dia-internacional-contra-les-violencies-envers-la-dona","status":"publish","type":"post","link":"https:\/\/projectes.xtec.cat\/pfi\/general\/el-pfi-dertosa-participa-en-el-dia-internacional-contra-les-violencies-envers-la-dona\/","title":{"rendered":"El PFI Dertosa participa en el Dia Internacional contra les viol\u00e8ncies envers la dona"},"content":{"rendered":"<p class=\"rtejustify\">Un any m\u00e9s, l&#8217;Ajuntament de Tortosa commemora del Dia Internacional per a l&#8217;Eliminaci\u00f3 de la Viol\u00e8ncia Envers les Dones, amb la lectura del manifest per part de l&#8217;alumnat i diversos actes de ball i el clip teatral &#8220;Pand\u00e8mia&#8221;.<\/p>\n<p class=\"rtejustify\">Aquesta activitat pret\u00e9n ser un espai de reflexi\u00f3 i de visibilitzaci\u00f3 de les viol\u00e8ncies estructurals que sustenten la viol\u00e8ncia contra la dona, i que, de tan naturalitzades que arriben a estar dins la societat, aix\u00ed com de la subtilesa que les caracteritza, no les percebem com a tals, i fins i tot, ens poden semblar inofensives o de vegades, gracioses.<\/p>\n<p>L&#8217;alumnat del PFI PTT de l&#8217;Institut Dertosa ha enc\u00e8s onze espelmes per recordar les deu dones i el menor assassinades a Catalunya.<\/p>\n<p>#pfiCAT #ImpulsFP #SomFP<\/p>\n<p><a href=\"https:\/\/projectes.xtec.cat\/pfi\/wp-content\/uploads\/usu1781\/2022\/11\/IMG_3829-1-scaled.jpg\"><img loading=\"lazy\" decoding=\"async\" class=\"alignnone size-large wp-image-15533\" src=\"https:\/\/projectes.xtec.cat\/pfi\/wp-content\/uploads\/usu1781\/2022\/11\/IMG_3829-1-1024x768.jpg\" alt=\"\" width=\"1024\" height=\"768\" srcset=\"https:\/\/projectes.xtec.cat\/pfi\/wp-content\/uploads\/usu1781\/2022\/11\/IMG_3829-1-1024x768.jpg 1024w, https:\/\/projectes.xtec.cat\/pfi\/wp-content\/uploads\/usu1781\/2022\/11\/IMG_3829-1-300x225.jpg 300w, https:\/\/projectes.xtec.cat\/pfi\/wp-content\/uploads\/usu1781\/2022\/11\/IMG_3829-1-768x576.jpg 768w, https:\/\/projectes.xtec.cat\/pfi\/wp-content\/uploads\/usu1781\/2022\/11\/IMG_3829-1-1536x1152.jpg 1536w, https:\/\/projectes.xtec.cat\/pfi\/wp-content\/uploads\/usu1781\/2022\/11\/IMG_3829-1-2048x1536.jpg 2048w, https:\/\/projectes.xtec.cat\/pfi\/wp-content\/uploads\/usu1781\/2022\/11\/IMG_3829-1-200x150.jpg 200w\" sizes=\"auto, (max-width: 1024px) 100vw, 1024px\" \/><\/a><\/p>\n<p><a href=\"https:\/\/projectes.xtec.cat\/pfi\/wp-content\/uploads\/usu1781\/2022\/11\/IMG_3818-1-scaled.jpg\"><img loading=\"lazy\" decoding=\"async\" class=\"alignnone size-large wp-image-15534\" src=\"https:\/\/projectes.xtec.cat\/pfi\/wp-content\/uploads\/usu1781\/2022\/11\/IMG_3818-1-1024x768.jpg\" alt=\"\" width=\"1024\" height=\"768\" srcset=\"https:\/\/projectes.xtec.cat\/pfi\/wp-content\/uploads\/usu1781\/2022\/11\/IMG_3818-1-1024x768.jpg 1024w, https:\/\/projectes.xtec.cat\/pfi\/wp-content\/uploads\/usu1781\/2022\/11\/IMG_3818-1-300x225.jpg 300w, https:\/\/projectes.xtec.cat\/pfi\/wp-content\/uploads\/usu1781\/2022\/11\/IMG_3818-1-768x576.jpg 768w, https:\/\/projectes.xtec.cat\/pfi\/wp-content\/uploads\/usu1781\/2022\/11\/IMG_3818-1-1536x1152.jpg 1536w, https:\/\/projectes.xtec.cat\/pfi\/wp-content\/uploads\/usu1781\/2022\/11\/IMG_3818-1-2048x1536.jpg 2048w, https:\/\/projectes.xtec.cat\/pfi\/wp-content\/uploads\/usu1781\/2022\/11\/IMG_3818-1-200x150.jpg 200w\" sizes=\"auto, (max-width: 1024px) 100vw, 1024px\" \/><\/a><\/p>\n","protected":false},"excerpt":{"rendered":"<p>Un any m\u00e9s, l&#8217;Ajuntament de Tortosa commemora del Dia Internacional per a l&#8217;Eliminaci\u00f3 de la Viol\u00e8ncia Envers les Dones, amb la lectura del manifest per part de l&#8217;alumnat i diversos actes de ball i el clip teatral &#8220;Pand\u00e8mia&#8221;.<br \/>\nAquesta activitat pret\u00e9n ser un espai de reflexi\u00f3&hellip;  <a href=\"https:\/\/projectes.xtec.cat\/pfi\/general\/el-pfi-dertosa-participa-en-el-dia-internacional-contra-les-violencies-envers-la-dona\/\" title=\"Read El PFI Dertosa participa en el Dia Internacional contra les viol\u00e8ncies envers la dona\">Llegeix m\u00e9s\u00bb<\/a><\/p>\n","protected":false},"author":24,"featured_media":15533,"comment_status":"open","ping_status":"closed","sticky":false,"template":"","format":"standard","meta":{"_bbp_topic_count":0,"_bbp_reply_count":0,"_bbp_total_topic_count":0,"_bbp_total_reply_count":0,"_bbp_voice_count":0,"_bbp_anonymous_reply_count":0,"_bbp_topic_count_hidden":0,"_bbp_reply_count_hidden":0,"_bbp_forum_subforum_count":0,"footnotes":""},"categories":[1,29],"tags":[],"class_list":["post-15532","post","type-post","status-publish","format-standard","has-post-thumbnail","hentry","category-general","category-portada"],"post_mailing_queue_ids":[],"_links":{"self":[{"href":"https:\/\/projectes.xtec.cat\/pfi\/wp-json\/wp\/v2\/posts\/15532","targetHints":{"allow":["GET"]}}],"collection":[{"href":"https:\/\/projectes.xtec.cat\/pfi\/wp-json\/wp\/v2\/posts"}],"about":[{"href":"https:\/\/projectes.xtec.cat\/pfi\/wp-json\/wp\/v2\/types\/post"}],"author":[{"embeddable":true,"href":"https:\/\/projectes.xtec.cat\/pfi\/wp-json\/wp\/v2\/users\/24"}],"replies":[{"embeddable":true,"href":"https:\/\/projectes.xtec.cat\/pfi\/wp-json\/wp\/v2\/comments?post=15532"}],"version-history":[{"count":2,"href":"https:\/\/projectes.xtec.cat\/pfi\/wp-json\/wp\/v2\/posts\/15532\/revisions"}],"predecessor-version":[{"id":15541,"href":"https:\/\/projectes.xtec.cat\/pfi\/wp-json\/wp\/v2\/posts\/15532\/revisions\/15541"}],"wp:featuredmedia":[{"embeddable":true,"href":"https:\/\/projectes.xtec.cat\/pfi\/wp-json\/wp\/v2\/media\/15533"}],"wp:attachment":[{"href":"https:\/\/projectes.xtec.cat\/pfi\/wp-json\/wp\/v2\/media?parent=15532"}],"wp:term":[{"taxonomy":"category","embeddable":true,"href":"https:\/\/projectes.xtec.cat\/pfi\/wp-json\/wp\/v2\/categories?post=15532"},{"taxonomy":"post_tag","embeddable":true,"href":"https:\/\/projectes.xtec.cat\/pfi\/wp-json\/wp\/v2\/tags?post=15532"}],"curies":[{"name":"wp","href":"https:\/\/api.w.org\/{rel}","templated":true}]}}