{"id":15536,"date":"2022-11-25T08:00:46","date_gmt":"2022-11-25T07:00:46","guid":{"rendered":"https:\/\/projectes.xtec.cat\/pfi\/?p=15536"},"modified":"2022-11-24T09:55:17","modified_gmt":"2022-11-24T08:55:17","slug":"els-joves-del-pfi-ptt-de-montornes-del-valles-diuen-no-a-la-violencia-masclista","status":"publish","type":"post","link":"https:\/\/projectes.xtec.cat\/pfi\/general\/els-joves-del-pfi-ptt-de-montornes-del-valles-diuen-no-a-la-violencia-masclista\/","title":{"rendered":"Els joves del PFI-PTT de Montorn\u00e8s del Vall\u00e8s diuen NO a la viol\u00e8ncia masclista"},"content":{"rendered":"<p>Els joves de Fabricaci\u00f3 mec\u00e0nica i d&#8217;ajust i soldadura del PFI-PTT de Montorn\u00e8s del Vall\u00e8s diuen NO a la viol\u00e8ncia masclista.<\/p>\n<p>La imatge gr\u00e0fica de la campanya entorn del Dia Internacional contra la Viol\u00e8ncia Masclista inclou una seixantena de fotos de persones vinculades amb Montorn\u00e8s, tots ells fent un gest de rebuig cap a aquest tipus de viol\u00e8ncia.<\/p>\n<p>En aquesta ocasi\u00f3 la campanya es focalitza en l&#8217;impacte de la viol\u00e8ncia masclista en les dones grans i en les generacions joves. Els alumnes han participat per deixar pal\u00e8s el seu comprom\u00eds amb defensar la NO-viol\u00e8ncia masclista en cap \u00e0mbit ni edat.<\/p>\n<p><a href=\"https:\/\/projectes.xtec.cat\/pfi\/wp-content\/uploads\/usu1781\/2022\/11\/Captura-de-Pantalla-2022-11-23-a-les-16.50.06.png\">#pfiCAT#ImpulsFP#SomFP<img loading=\"lazy\" decoding=\"async\" class=\"size-full wp-image-15537 aligncenter\" src=\"https:\/\/projectes.xtec.cat\/pfi\/wp-content\/uploads\/usu1781\/2022\/11\/Captura-de-Pantalla-2022-11-23-a-les-16.50.06.png\" alt=\"\" width=\"753\" height=\"562\" srcset=\"https:\/\/projectes.xtec.cat\/pfi\/wp-content\/uploads\/usu1781\/2022\/11\/Captura-de-Pantalla-2022-11-23-a-les-16.50.06.png 753w, https:\/\/projectes.xtec.cat\/pfi\/wp-content\/uploads\/usu1781\/2022\/11\/Captura-de-Pantalla-2022-11-23-a-les-16.50.06-300x224.png 300w, https:\/\/projectes.xtec.cat\/pfi\/wp-content\/uploads\/usu1781\/2022\/11\/Captura-de-Pantalla-2022-11-23-a-les-16.50.06-200x150.png 200w\" sizes=\"auto, (max-width: 753px) 100vw, 753px\" \/><\/a><\/p>\n","protected":false},"excerpt":{"rendered":"<p>Els joves de Fabricaci\u00f3 mec\u00e0nica i d&#8217;ajust i soldadura del PFI-PTT de Montorn\u00e8s del Vall\u00e8s diuen NO a la viol\u00e8ncia masclista.<br \/>\nLa imatge gr\u00e0fica de la campanya entorn del Dia Internacional contra la Viol\u00e8ncia Masclista inclou una seixantena de fotos de persones vinculades amb Montorn\u00e8s, tots&hellip;  <a href=\"https:\/\/projectes.xtec.cat\/pfi\/general\/els-joves-del-pfi-ptt-de-montornes-del-valles-diuen-no-a-la-violencia-masclista\/\" title=\"Read Els joves del PFI-PTT de Montorn\u00e8s del Vall\u00e8s diuen NO a la viol\u00e8ncia masclista\">Llegeix m\u00e9s\u00bb<\/a><\/p>\n","protected":false},"author":242,"featured_media":0,"comment_status":"open","ping_status":"closed","sticky":false,"template":"","format":"standard","meta":{"_bbp_topic_count":0,"_bbp_reply_count":0,"_bbp_total_topic_count":0,"_bbp_total_reply_count":0,"_bbp_voice_count":0,"_bbp_anonymous_reply_count":0,"_bbp_topic_count_hidden":0,"_bbp_reply_count_hidden":0,"_bbp_forum_subforum_count":0,"footnotes":""},"categories":[1,29],"tags":[],"class_list":["post-15536","post","type-post","status-publish","format-standard","hentry","category-general","category-portada"],"post_mailing_queue_ids":[],"_links":{"self":[{"href":"https:\/\/projectes.xtec.cat\/pfi\/wp-json\/wp\/v2\/posts\/15536","targetHints":{"allow":["GET"]}}],"collection":[{"href":"https:\/\/projectes.xtec.cat\/pfi\/wp-json\/wp\/v2\/posts"}],"about":[{"href":"https:\/\/projectes.xtec.cat\/pfi\/wp-json\/wp\/v2\/types\/post"}],"author":[{"embeddable":true,"href":"https:\/\/projectes.xtec.cat\/pfi\/wp-json\/wp\/v2\/users\/242"}],"replies":[{"embeddable":true,"href":"https:\/\/projectes.xtec.cat\/pfi\/wp-json\/wp\/v2\/comments?post=15536"}],"version-history":[{"count":2,"href":"https:\/\/projectes.xtec.cat\/pfi\/wp-json\/wp\/v2\/posts\/15536\/revisions"}],"predecessor-version":[{"id":15542,"href":"https:\/\/projectes.xtec.cat\/pfi\/wp-json\/wp\/v2\/posts\/15536\/revisions\/15542"}],"wp:attachment":[{"href":"https:\/\/projectes.xtec.cat\/pfi\/wp-json\/wp\/v2\/media?parent=15536"}],"wp:term":[{"taxonomy":"category","embeddable":true,"href":"https:\/\/projectes.xtec.cat\/pfi\/wp-json\/wp\/v2\/categories?post=15536"},{"taxonomy":"post_tag","embeddable":true,"href":"https:\/\/projectes.xtec.cat\/pfi\/wp-json\/wp\/v2\/tags?post=15536"}],"curies":[{"name":"wp","href":"https:\/\/api.w.org\/{rel}","templated":true}]}}