{"id":15561,"date":"2022-11-28T08:07:12","date_gmt":"2022-11-28T07:07:12","guid":{"rendered":"https:\/\/projectes.xtec.cat\/pfi\/?p=15561"},"modified":"2022-11-25T13:10:50","modified_gmt":"2022-11-25T12:10:50","slug":"el-pfi-nen-deu-visita-el-supercomputador-marenostrum","status":"publish","type":"post","link":"https:\/\/projectes.xtec.cat\/pfi\/general\/el-pfi-nen-deu-visita-el-supercomputador-marenostrum\/","title":{"rendered":"El PFI Nen D\u00e9u visita el Supercomputador MareNostrum"},"content":{"rendered":"<p>&nbsp;<\/p>\n<p><a href=\"https:\/\/projectes.xtec.cat\/pfi\/wp-content\/uploads\/usu1781\/2022\/11\/Foto-supercomputador-pfi.jpg\"><img loading=\"lazy\" decoding=\"async\" class=\"alignnone size-full wp-image-15590\" src=\"https:\/\/projectes.xtec.cat\/pfi\/wp-content\/uploads\/usu1781\/2022\/11\/Foto-supercomputador-pfi.jpg\" alt=\"Visita\" width=\"823\" height=\"691\" srcset=\"https:\/\/projectes.xtec.cat\/pfi\/wp-content\/uploads\/usu1781\/2022\/11\/Foto-supercomputador-pfi.jpg 823w, https:\/\/projectes.xtec.cat\/pfi\/wp-content\/uploads\/usu1781\/2022\/11\/Foto-supercomputador-pfi-300x252.jpg 300w, https:\/\/projectes.xtec.cat\/pfi\/wp-content\/uploads\/usu1781\/2022\/11\/Foto-supercomputador-pfi-768x645.jpg 768w\" sizes=\"auto, (max-width: 823px) 100vw, 823px\" \/><\/a><\/p>\n<p><a href=\"https:\/\/www.canva.com\/design\/DAFS8ekSqlY\/watch?utm_content=DAFS8ekSqlY&amp;utm_campaign=designshare&amp;utm_medium=embeds&amp;utm_source=link\" target=\"_blank\" rel=\"noopener\">PFI NEN D\u00c9U<\/a> de PFI AULA BLANCA<\/p>\n<p>L&#8217;alumnat del Pfi Auxiliar d&#8217;activitats d&#8217;oficina i serveis administratius generals Nen D\u00e9u\u00a0 Barcelona, visiten el supercomputador MareNostrum (Barcelona Computing Center). L&#8217;ordinador m\u00e9s potent d&#8217;Espanya. Situat a la Pla\u00e7a Eusebi G\u00fcell 1-3 Barcelona.<\/p>\n<p>Aquesta visita ens ha donat l&#8217;oportunitat de veure la import\u00e0ncia de les bases de dades i l&#8217;emmagatzematge d&#8217;informaci\u00f3 a gran escala.<\/p>\n<p>#pfiCAT #ImpulsFP #SomFP<\/p>\n","protected":false},"excerpt":{"rendered":"<p>L&#8217;alumnat del PFI Nen D\u00e9u visita el supercomputador MareNostrum&hellip;  <a href=\"https:\/\/projectes.xtec.cat\/pfi\/general\/el-pfi-nen-deu-visita-el-supercomputador-marenostrum\/\" title=\"Read El PFI Nen D\u00e9u visita el Supercomputador MareNostrum\">Llegeix m\u00e9s\u00bb<\/a><\/p>\n","protected":false},"author":260,"featured_media":15590,"comment_status":"closed","ping_status":"closed","sticky":false,"template":"","format":"standard","meta":{"_bbp_topic_count":0,"_bbp_reply_count":0,"_bbp_total_topic_count":0,"_bbp_total_reply_count":0,"_bbp_voice_count":0,"_bbp_anonymous_reply_count":0,"_bbp_topic_count_hidden":0,"_bbp_reply_count_hidden":0,"_bbp_forum_subforum_count":0,"footnotes":""},"categories":[1,29],"tags":[334],"class_list":["post-15561","post","type-post","status-publish","format-standard","has-post-thumbnail","hentry","category-general","category-portada","tag-pfi"],"post_mailing_queue_ids":[],"_links":{"self":[{"href":"https:\/\/projectes.xtec.cat\/pfi\/wp-json\/wp\/v2\/posts\/15561","targetHints":{"allow":["GET"]}}],"collection":[{"href":"https:\/\/projectes.xtec.cat\/pfi\/wp-json\/wp\/v2\/posts"}],"about":[{"href":"https:\/\/projectes.xtec.cat\/pfi\/wp-json\/wp\/v2\/types\/post"}],"author":[{"embeddable":true,"href":"https:\/\/projectes.xtec.cat\/pfi\/wp-json\/wp\/v2\/users\/260"}],"replies":[{"embeddable":true,"href":"https:\/\/projectes.xtec.cat\/pfi\/wp-json\/wp\/v2\/comments?post=15561"}],"version-history":[{"count":3,"href":"https:\/\/projectes.xtec.cat\/pfi\/wp-json\/wp\/v2\/posts\/15561\/revisions"}],"predecessor-version":[{"id":15612,"href":"https:\/\/projectes.xtec.cat\/pfi\/wp-json\/wp\/v2\/posts\/15561\/revisions\/15612"}],"wp:featuredmedia":[{"embeddable":true,"href":"https:\/\/projectes.xtec.cat\/pfi\/wp-json\/wp\/v2\/media\/15590"}],"wp:attachment":[{"href":"https:\/\/projectes.xtec.cat\/pfi\/wp-json\/wp\/v2\/media?parent=15561"}],"wp:term":[{"taxonomy":"category","embeddable":true,"href":"https:\/\/projectes.xtec.cat\/pfi\/wp-json\/wp\/v2\/categories?post=15561"},{"taxonomy":"post_tag","embeddable":true,"href":"https:\/\/projectes.xtec.cat\/pfi\/wp-json\/wp\/v2\/tags?post=15561"}],"curies":[{"name":"wp","href":"https:\/\/api.w.org\/{rel}","templated":true}]}}