{"id":15591,"date":"2022-11-29T09:00:46","date_gmt":"2022-11-29T08:00:46","guid":{"rendered":"https:\/\/projectes.xtec.cat\/pfi\/?p=15591"},"modified":"2022-11-29T12:04:46","modified_gmt":"2022-11-29T11:04:46","slug":"el-pfi-ptt-de-berga-batega-per-la-salut-cardiovascular","status":"publish","type":"post","link":"https:\/\/projectes.xtec.cat\/pfi\/general\/el-pfi-ptt-de-berga-batega-per-la-salut-cardiovascular\/","title":{"rendered":"El PFI PTT de Berga batega per la salut cardiovascular"},"content":{"rendered":"<p>L\u2019alumnat comen\u00e7a a bategar amb for\u00e7a concursant al concurs PINTA\u00a0 de la Marat\u00f3. Dins de la \u00a0campanya que ha realitzat la Marat\u00f3 d\u2019enguany, s\u2019organitza el Concurs Pinta La Marat\u00f3.<\/p>\n<p>Els alumnes han fet un treball previ de qu\u00e8 s\u00f3n les malalties cardiovasculars, hem treballat qu\u00e8 s\u00f3n els factors de risc i els &#8216;h\u00e0bits saludables per prevenir les malalties cardiovasculars. A m\u00e9s a m\u00e9s, han visualitzat \u00a0L&#8217;espot de La Marat\u00f3: <em>&#8220;Quan el cor s&#8217;atura&#8230; La Marat\u00f3 sempre batega<\/em>&#8221; i per acabar de conscienciar a l\u2019alumnat, \u00a0des de la Marat\u00f3 de TV3, han vingut a fer una xerrada divulgativa sobre les malalties cardiovasculars.<\/p>\n<p>&nbsp;<\/p>\n<p>A continuaci\u00f3 presentem el cartell que la classe ha escollit per a presentar-lo al concurs pinta de la Marat\u00f3 de TV3.<\/p>\n<p><a href=\"https:\/\/projectes.xtec.cat\/pfi\/wp-content\/uploads\/usu1781\/2022\/11\/marato_aya-2-scaled.jpg\"><img loading=\"lazy\" decoding=\"async\" class=\"alignnone wp-image-15592\" src=\"https:\/\/projectes.xtec.cat\/pfi\/wp-content\/uploads\/usu1781\/2022\/11\/marato_aya-2-1024x512.jpg\" alt=\"\" width=\"622\" height=\"311\" srcset=\"https:\/\/projectes.xtec.cat\/pfi\/wp-content\/uploads\/usu1781\/2022\/11\/marato_aya-2-1024x512.jpg 1024w, https:\/\/projectes.xtec.cat\/pfi\/wp-content\/uploads\/usu1781\/2022\/11\/marato_aya-2-300x150.jpg 300w, https:\/\/projectes.xtec.cat\/pfi\/wp-content\/uploads\/usu1781\/2022\/11\/marato_aya-2-768x384.jpg 768w, https:\/\/projectes.xtec.cat\/pfi\/wp-content\/uploads\/usu1781\/2022\/11\/marato_aya-2-1536x768.jpg 1536w, https:\/\/projectes.xtec.cat\/pfi\/wp-content\/uploads\/usu1781\/2022\/11\/marato_aya-2-2048x1024.jpg 2048w\" sizes=\"auto, (max-width: 622px) 100vw, 622px\" \/><\/a><\/p>\n<p><strong>Disseny Work in progress: <\/strong>\u00a0Aya Dalouh<\/p>\n<p><strong><a href=\"https:\/\/projectes.xtec.cat\/pfi\/wp-content\/uploads\/usu1781\/2022\/11\/PINTA-LA-MARAT\ufffd_AYA-scaled.jpg\"><img loading=\"lazy\" decoding=\"async\" class=\"alignnone wp-image-15594\" src=\"https:\/\/projectes.xtec.cat\/pfi\/wp-content\/uploads\/usu1781\/2022\/11\/PINTA-LA-MARAT\ufffd_AYA-1024x512.jpg\" alt=\"\" width=\"630\" height=\"315\" srcset=\"https:\/\/projectes.xtec.cat\/pfi\/wp-content\/uploads\/usu1781\/2022\/11\/PINTA-LA-MARAT\ufffd_AYA-1024x512.jpg 1024w, https:\/\/projectes.xtec.cat\/pfi\/wp-content\/uploads\/usu1781\/2022\/11\/PINTA-LA-MARAT\ufffd_AYA-300x150.jpg 300w, https:\/\/projectes.xtec.cat\/pfi\/wp-content\/uploads\/usu1781\/2022\/11\/PINTA-LA-MARAT\ufffd_AYA-768x384.jpg 768w, https:\/\/projectes.xtec.cat\/pfi\/wp-content\/uploads\/usu1781\/2022\/11\/PINTA-LA-MARAT\ufffd_AYA-1536x768.jpg 1536w, https:\/\/projectes.xtec.cat\/pfi\/wp-content\/uploads\/usu1781\/2022\/11\/PINTA-LA-MARAT\ufffd_AYA-2048x1024.jpg 2048w\" sizes=\"auto, (max-width: 630px) 100vw, 630px\" \/><\/a><\/strong><\/p>\n<p><strong>Disseny final<\/strong>: Aya Dalouh<\/p>\n<p>&nbsp;<\/p>\n<p><em>\u201cHe dibuixat aquest cor, ja que \u00e9s l\u2019element vital per a cuidar-se a un mateix i fent esport i tinguent un bon h\u00e0bit alimentari, cuides el teu cor per brillar com a persona per dins i per fora. El cor \u00e9s la imatge m\u00e9s representativa i simple per a representar la salut cardiovasculars.\u00a0 He acompanyat la imatge amb el lema <strong>\u201c Cap bellesa brilla m\u00e9s que un cor sa\u201d, <\/strong><\/em>ja que <em>\u00a0l\u2019ess\u00e8ncia de cada persona brilla i resplendeix nom\u00e9s si tens salut, i el cor \u00e9s el pilar principal de la nostra salut. \u201c<\/em><\/p>\n<p>&nbsp;<\/p>\n<p>Altres dissenys fets pels alumnes PFI de vendes:<\/p>\n<p><a href=\"https:\/\/projectes.xtec.cat\/pfi\/wp-content\/uploads\/usu1781\/2022\/11\/PINTA-LA-MARAT\ufffd_MOHAMED-DALOUH-scaled.jpg\"><img loading=\"lazy\" decoding=\"async\" class=\"alignnone wp-image-15595\" src=\"https:\/\/projectes.xtec.cat\/pfi\/wp-content\/uploads\/usu1781\/2022\/11\/PINTA-LA-MARAT\ufffd_MOHAMED-DALOUH-1024x512.jpg\" alt=\"\" width=\"608\" height=\"304\" srcset=\"https:\/\/projectes.xtec.cat\/pfi\/wp-content\/uploads\/usu1781\/2022\/11\/PINTA-LA-MARAT\ufffd_MOHAMED-DALOUH-1024x512.jpg 1024w, https:\/\/projectes.xtec.cat\/pfi\/wp-content\/uploads\/usu1781\/2022\/11\/PINTA-LA-MARAT\ufffd_MOHAMED-DALOUH-300x150.jpg 300w, https:\/\/projectes.xtec.cat\/pfi\/wp-content\/uploads\/usu1781\/2022\/11\/PINTA-LA-MARAT\ufffd_MOHAMED-DALOUH-768x384.jpg 768w, https:\/\/projectes.xtec.cat\/pfi\/wp-content\/uploads\/usu1781\/2022\/11\/PINTA-LA-MARAT\ufffd_MOHAMED-DALOUH-1536x768.jpg 1536w, https:\/\/projectes.xtec.cat\/pfi\/wp-content\/uploads\/usu1781\/2022\/11\/PINTA-LA-MARAT\ufffd_MOHAMED-DALOUH-2048x1024.jpg 2048w\" sizes=\"auto, (max-width: 608px) 100vw, 608px\" \/><\/a><\/p>\n<p><a href=\"https:\/\/projectes.xtec.cat\/pfi\/wp-content\/uploads\/usu1781\/2022\/11\/PINTA-LA-MARAT\ufffd_Mohamed-Lahssaini.png\"><img loading=\"lazy\" decoding=\"async\" class=\"alignnone wp-image-15596\" src=\"https:\/\/projectes.xtec.cat\/pfi\/wp-content\/uploads\/usu1781\/2022\/11\/PINTA-LA-MARAT\ufffd_Mohamed-Lahssaini-1024x517.png\" alt=\"\" width=\"606\" height=\"306\" srcset=\"https:\/\/projectes.xtec.cat\/pfi\/wp-content\/uploads\/usu1781\/2022\/11\/PINTA-LA-MARAT\ufffd_Mohamed-Lahssaini-1024x517.png 1024w, https:\/\/projectes.xtec.cat\/pfi\/wp-content\/uploads\/usu1781\/2022\/11\/PINTA-LA-MARAT\ufffd_Mohamed-Lahssaini-300x151.png 300w, https:\/\/projectes.xtec.cat\/pfi\/wp-content\/uploads\/usu1781\/2022\/11\/PINTA-LA-MARAT\ufffd_Mohamed-Lahssaini-768x388.png 768w, https:\/\/projectes.xtec.cat\/pfi\/wp-content\/uploads\/usu1781\/2022\/11\/PINTA-LA-MARAT\ufffd_Mohamed-Lahssaini.png 1313w\" sizes=\"auto, (max-width: 606px) 100vw, 606px\" \/><\/a><a href=\"https:\/\/projectes.xtec.cat\/pfi\/wp-content\/uploads\/usu1781\/2022\/11\/PINTA-LA-MARAT\ufffd_souhaib-scaled.jpg\"><img loading=\"lazy\" decoding=\"async\" class=\"alignnone wp-image-15597\" src=\"https:\/\/projectes.xtec.cat\/pfi\/wp-content\/uploads\/usu1781\/2022\/11\/PINTA-LA-MARAT\ufffd_souhaib-1024x512.jpg\" alt=\"\" width=\"606\" height=\"303\" srcset=\"https:\/\/projectes.xtec.cat\/pfi\/wp-content\/uploads\/usu1781\/2022\/11\/PINTA-LA-MARAT\ufffd_souhaib-1024x512.jpg 1024w, https:\/\/projectes.xtec.cat\/pfi\/wp-content\/uploads\/usu1781\/2022\/11\/PINTA-LA-MARAT\ufffd_souhaib-300x150.jpg 300w, https:\/\/projectes.xtec.cat\/pfi\/wp-content\/uploads\/usu1781\/2022\/11\/PINTA-LA-MARAT\ufffd_souhaib-768x384.jpg 768w, https:\/\/projectes.xtec.cat\/pfi\/wp-content\/uploads\/usu1781\/2022\/11\/PINTA-LA-MARAT\ufffd_souhaib-1536x768.jpg 1536w, https:\/\/projectes.xtec.cat\/pfi\/wp-content\/uploads\/usu1781\/2022\/11\/PINTA-LA-MARAT\ufffd_souhaib-2048x1024.jpg 2048w\" sizes=\"auto, (max-width: 606px) 100vw, 606px\" \/><\/a><a href=\"https:\/\/projectes.xtec.cat\/pfi\/wp-content\/uploads\/usu1781\/2022\/11\/PINTA-LA-MARAT\ufffd_SOUKAINA-scaled.jpg\"><img loading=\"lazy\" decoding=\"async\" class=\"alignnone wp-image-15598\" src=\"https:\/\/projectes.xtec.cat\/pfi\/wp-content\/uploads\/usu1781\/2022\/11\/PINTA-LA-MARAT\ufffd_SOUKAINA-1024x711.jpg\" alt=\"\" width=\"601\" height=\"417\" srcset=\"https:\/\/projectes.xtec.cat\/pfi\/wp-content\/uploads\/usu1781\/2022\/11\/PINTA-LA-MARAT\ufffd_SOUKAINA-1024x711.jpg 1024w, https:\/\/projectes.xtec.cat\/pfi\/wp-content\/uploads\/usu1781\/2022\/11\/PINTA-LA-MARAT\ufffd_SOUKAINA-300x208.jpg 300w, https:\/\/projectes.xtec.cat\/pfi\/wp-content\/uploads\/usu1781\/2022\/11\/PINTA-LA-MARAT\ufffd_SOUKAINA-768x534.jpg 768w, https:\/\/projectes.xtec.cat\/pfi\/wp-content\/uploads\/usu1781\/2022\/11\/PINTA-LA-MARAT\ufffd_SOUKAINA-1536x1067.jpg 1536w, https:\/\/projectes.xtec.cat\/pfi\/wp-content\/uploads\/usu1781\/2022\/11\/PINTA-LA-MARAT\ufffd_SOUKAINA-2048x1423.jpg 2048w\" sizes=\"auto, (max-width: 601px) 100vw, 601px\" \/><\/a><a href=\"https:\/\/projectes.xtec.cat\/pfi\/wp-content\/uploads\/usu1781\/2022\/11\/pinta-la-marato-bilal.png\"><img loading=\"lazy\" decoding=\"async\" class=\"alignnone wp-image-15599\" src=\"https:\/\/projectes.xtec.cat\/pfi\/wp-content\/uploads\/usu1781\/2022\/11\/pinta-la-marato-bilal-1024x512.png\" alt=\"\" width=\"600\" height=\"300\" srcset=\"https:\/\/projectes.xtec.cat\/pfi\/wp-content\/uploads\/usu1781\/2022\/11\/pinta-la-marato-bilal-1024x512.png 1024w, https:\/\/projectes.xtec.cat\/pfi\/wp-content\/uploads\/usu1781\/2022\/11\/pinta-la-marato-bilal-300x150.png 300w, https:\/\/projectes.xtec.cat\/pfi\/wp-content\/uploads\/usu1781\/2022\/11\/pinta-la-marato-bilal-768x384.png 768w, https:\/\/projectes.xtec.cat\/pfi\/wp-content\/uploads\/usu1781\/2022\/11\/pinta-la-marato-bilal.png 1473w\" sizes=\"auto, (max-width: 600px) 100vw, 600px\" \/><\/a><a href=\"https:\/\/projectes.xtec.cat\/pfi\/wp-content\/uploads\/usu1781\/2022\/11\/pinta-la-marato-michael.png\"><img loading=\"lazy\" decoding=\"async\" class=\"alignnone wp-image-15600\" src=\"https:\/\/projectes.xtec.cat\/pfi\/wp-content\/uploads\/usu1781\/2022\/11\/pinta-la-marato-michael-1024x511.png\" alt=\"\" width=\"599\" height=\"299\" srcset=\"https:\/\/projectes.xtec.cat\/pfi\/wp-content\/uploads\/usu1781\/2022\/11\/pinta-la-marato-michael-1024x511.png 1024w, https:\/\/projectes.xtec.cat\/pfi\/wp-content\/uploads\/usu1781\/2022\/11\/pinta-la-marato-michael-300x150.png 300w, https:\/\/projectes.xtec.cat\/pfi\/wp-content\/uploads\/usu1781\/2022\/11\/pinta-la-marato-michael-768x383.png 768w, https:\/\/projectes.xtec.cat\/pfi\/wp-content\/uploads\/usu1781\/2022\/11\/pinta-la-marato-michael.png 1472w\" sizes=\"auto, (max-width: 599px) 100vw, 599px\" \/><\/a><\/p>\n<p>&nbsp;<\/p>\n<p>#concurspintamarat\u00f3detv3<\/p>\n<p>#LaMarat\u00f3SempreBatega<\/p>\n<p>#elPFIPTTbatega<\/p>\n<p>#perlasalutcardiovascular<\/p>\n<p>#pfiCAT #impulsFP\u00a0 #somFP<\/p>\n<p>&nbsp;<\/p>\n","protected":false},"excerpt":{"rendered":"<p>L\u2019alumnat del PTT d\u2019auxiliar de vendes, oficina i atenci\u00f3 al p\u00fablic participa al concurs Pinta de la Marat\u00f3 de TV3. &hellip;  <a href=\"https:\/\/projectes.xtec.cat\/pfi\/general\/el-pfi-ptt-de-berga-batega-per-la-salut-cardiovascular\/\" title=\"Read El PFI PTT de Berga batega per la salut cardiovascular\">Llegeix m\u00e9s\u00bb<\/a><\/p>\n","protected":false},"author":217,"featured_media":15594,"comment_status":"open","ping_status":"closed","sticky":false,"template":"","format":"standard","meta":{"_bbp_topic_count":0,"_bbp_reply_count":0,"_bbp_total_topic_count":0,"_bbp_total_reply_count":0,"_bbp_voice_count":0,"_bbp_anonymous_reply_count":0,"_bbp_topic_count_hidden":0,"_bbp_reply_count_hidden":0,"_bbp_forum_subforum_count":0,"footnotes":""},"categories":[1,29],"tags":[577,579,294,578,580,441,442],"class_list":["post-15591","post","type-post","status-publish","format-standard","has-post-thumbnail","hentry","category-general","category-portada","tag-concurspintamaratodetv3","tag-elpfipttbatega","tag-impulsfp","tag-lamaratosemprebatega","tag-perlasalutcardiovascular","tag-pficat","tag-somfp"],"post_mailing_queue_ids":[],"_links":{"self":[{"href":"https:\/\/projectes.xtec.cat\/pfi\/wp-json\/wp\/v2\/posts\/15591","targetHints":{"allow":["GET"]}}],"collection":[{"href":"https:\/\/projectes.xtec.cat\/pfi\/wp-json\/wp\/v2\/posts"}],"about":[{"href":"https:\/\/projectes.xtec.cat\/pfi\/wp-json\/wp\/v2\/types\/post"}],"author":[{"embeddable":true,"href":"https:\/\/projectes.xtec.cat\/pfi\/wp-json\/wp\/v2\/users\/217"}],"replies":[{"embeddable":true,"href":"https:\/\/projectes.xtec.cat\/pfi\/wp-json\/wp\/v2\/comments?post=15591"}],"version-history":[{"count":2,"href":"https:\/\/projectes.xtec.cat\/pfi\/wp-json\/wp\/v2\/posts\/15591\/revisions"}],"predecessor-version":[{"id":15615,"href":"https:\/\/projectes.xtec.cat\/pfi\/wp-json\/wp\/v2\/posts\/15591\/revisions\/15615"}],"wp:featuredmedia":[{"embeddable":true,"href":"https:\/\/projectes.xtec.cat\/pfi\/wp-json\/wp\/v2\/media\/15594"}],"wp:attachment":[{"href":"https:\/\/projectes.xtec.cat\/pfi\/wp-json\/wp\/v2\/media?parent=15591"}],"wp:term":[{"taxonomy":"category","embeddable":true,"href":"https:\/\/projectes.xtec.cat\/pfi\/wp-json\/wp\/v2\/categories?post=15591"},{"taxonomy":"post_tag","embeddable":true,"href":"https:\/\/projectes.xtec.cat\/pfi\/wp-json\/wp\/v2\/tags?post=15591"}],"curies":[{"name":"wp","href":"https:\/\/api.w.org\/{rel}","templated":true}]}}