{"id":15704,"date":"2022-12-15T10:55:50","date_gmt":"2022-12-15T09:55:50","guid":{"rendered":"https:\/\/projectes.xtec.cat\/pfi\/?p=15704"},"modified":"2022-12-15T10:57:50","modified_gmt":"2022-12-15T09:57:50","slug":"dossier-estadistic-sobre-violencies-masclistes-2022","status":"publish","type":"post","link":"https:\/\/projectes.xtec.cat\/pfi\/portada\/dossier-estadistic-sobre-violencies-masclistes-2022\/","title":{"rendered":"Dossier Estad\u00edstic sobre Viol\u00e8ncies Masclistes 2022"},"content":{"rendered":"<p>Us compartim el dossier estad\u00edstic sobre viol\u00e8ncies masclistes a Catalunya 2022. Un any m\u00e9s, l\u2019Observatori de la Igualtat de G\u00e8nere presenta el dossier estad\u00edstic sobre viol\u00e8ncies masclistes a Catalunya i un petit resum amb el que podeu treballar el tema a l&#8217;aula PFI.<\/p>\n<p>Per accedir <a href=\"https:\/\/govern.cat\/salapremsa\/notes-premsa\/460602\/linstitut-catala-dones-publica-dossier-estadistic-sobre-violencies-masclistes-2022\">clica aqu\u00ed\u00a0\u00a0<\/a><\/p>\n<p>#pfiCAT #impulsFP #SomFP<\/p>\n","protected":false},"excerpt":{"rendered":"<p>Us compartim el dossier estad\u00edstic sobre viol\u00e8ncies masclistes a Catalunya 2022. Un any m\u00e9s, l\u2019Observatori de la Igualtat de G\u00e8nere presenta el dossier estad\u00edstic sobre viol\u00e8ncies masclistes a Catalunya i un petit resum amb el que podeu treballar el tema a l&#8217;aula PFI.<br \/>\nPer accedir <a&hellip;  <a href=\"https:\/\/projectes.xtec.cat\/pfi\/portada\/dossier-estadistic-sobre-violencies-masclistes-2022\/\" title=\"Read Dossier Estad\u00edstic sobre Viol\u00e8ncies Masclistes 2022\">Llegeix m\u00e9s\u00bb<\/a><\/p>\n","protected":false},"author":1,"featured_media":0,"comment_status":"open","ping_status":"closed","sticky":false,"template":"","format":"standard","meta":{"_bbp_topic_count":0,"_bbp_reply_count":0,"_bbp_total_topic_count":0,"_bbp_total_reply_count":0,"_bbp_voice_count":0,"_bbp_anonymous_reply_count":0,"_bbp_topic_count_hidden":0,"_bbp_reply_count_hidden":0,"_bbp_forum_subforum_count":0,"footnotes":""},"categories":[380,29],"tags":[],"class_list":["post-15704","post","type-post","status-publish","format-standard","hentry","category-coed-i-igualtat","category-portada"],"post_mailing_queue_ids":[],"_links":{"self":[{"href":"https:\/\/projectes.xtec.cat\/pfi\/wp-json\/wp\/v2\/posts\/15704","targetHints":{"allow":["GET"]}}],"collection":[{"href":"https:\/\/projectes.xtec.cat\/pfi\/wp-json\/wp\/v2\/posts"}],"about":[{"href":"https:\/\/projectes.xtec.cat\/pfi\/wp-json\/wp\/v2\/types\/post"}],"author":[{"embeddable":true,"href":"https:\/\/projectes.xtec.cat\/pfi\/wp-json\/wp\/v2\/users\/1"}],"replies":[{"embeddable":true,"href":"https:\/\/projectes.xtec.cat\/pfi\/wp-json\/wp\/v2\/comments?post=15704"}],"version-history":[{"count":1,"href":"https:\/\/projectes.xtec.cat\/pfi\/wp-json\/wp\/v2\/posts\/15704\/revisions"}],"predecessor-version":[{"id":15705,"href":"https:\/\/projectes.xtec.cat\/pfi\/wp-json\/wp\/v2\/posts\/15704\/revisions\/15705"}],"wp:attachment":[{"href":"https:\/\/projectes.xtec.cat\/pfi\/wp-json\/wp\/v2\/media?parent=15704"}],"wp:term":[{"taxonomy":"category","embeddable":true,"href":"https:\/\/projectes.xtec.cat\/pfi\/wp-json\/wp\/v2\/categories?post=15704"},{"taxonomy":"post_tag","embeddable":true,"href":"https:\/\/projectes.xtec.cat\/pfi\/wp-json\/wp\/v2\/tags?post=15704"}],"curies":[{"name":"wp","href":"https:\/\/api.w.org\/{rel}","templated":true}]}}