{"id":15713,"date":"2022-12-21T16:09:46","date_gmt":"2022-12-21T15:09:46","guid":{"rendered":"https:\/\/projectes.xtec.cat\/pfi\/?p=15713"},"modified":"2023-01-13T13:05:13","modified_gmt":"2023-01-13T12:05:13","slug":"formacio-especifica-per-a-professorat-pfi","status":"publish","type":"post","link":"https:\/\/projectes.xtec.cat\/pfi\/portada\/formacio-especifica-per-a-professorat-pfi\/","title":{"rendered":"Formaci\u00f3 espec\u00edfica per a professorat PFI"},"content":{"rendered":"<div>S&#8217;ha publicat la<a href=\"https:\/\/xtec.gencat.cat\/ca\/formacio\/formaciocollectiusespecifics\/pqpi\/\"> formaci\u00f3 espec\u00edfica per al professorat PFI<\/a> planificada de gener a juny de 2023. Les inscripcions s\u00f3n de 7 al 17 de gener.<\/div>\n<div>Us adjuntem informaci\u00f3 dels cursos i enlla\u00e7os d&#8217;inscripci\u00f3:<\/div>\n<div><\/div>\n<div><span style=\"font-family: arial, helvetica, geneva; font-size: small;\"><b><a href=\"https:\/\/aplicacions.gestioeducativa.gencat.cat\/pls\/soloas\/pk_for_mod_ins.p_for_detall_activitat?p_header=Llista%20d%27activitats%5Epk_for_mod_ins.p_for_cons_activitats?p_tipus_act=PFIE,DCV,EGE,TDR,EGP,TPP,CRT,TAP,EGOO,LSP,PEE,PGC,AULC,SSKP,PGFP,PRO,SSKA,PODS,EGM,SM,PCC,QCPR,QCSM,QCLG,QCMU,CIM,JPP,ASP%26p_totes=N%26p_inici=1%26p_excloure_crp_rec=F&amp;p_codi=9000210867&amp;p_curs=2022-2023&amp;p_excloure_crp_rec=F\" target=\"_blank\" rel=\"noopener\" data-saferedirecturl=\"https:\/\/www.google.com\/url?q=https:\/\/aplicacions.gestioeducativa.gencat.cat\/pls\/soloas\/pk_for_mod_ins.p_for_detall_activitat?p_header%3DLlista%2520d%2527activitats%255Epk_for_mod_ins.p_for_cons_activitats?p_tipus_act%3DPFIE,DCV,EGE,TDR,EGP,TPP,CRT,TAP,EGOO,LSP,PEE,PGC,AULC,SSKP,PGFP,PRO,SSKA,PODS,EGM,SM,PCC,QCPR,QCSM,QCLG,QCMU,CIM,JPP,ASP%2526p_totes%3DN%2526p_inici%3D1%2526p_excloure_crp_rec%3DF%26p_codi%3D9000210867%26p_curs%3D2022-2023%26p_excloure_crp_rec%3DF&amp;source=gmail&amp;ust=1671268014656000&amp;usg=AOvVaw2F6k5jCuR94j-uiAPJyOdV\">Recursos i estrat\u00e8gies per als PFI de necessitats educatives especials<\/a><\/b><\/span><\/div>\n<div><span style=\"font-family: arial, helvetica, geneva; font-size: xx-small;\">Curs. VT Curs a dist\u00e0ncia (A dist\u00e0ncia). Del dijous 2\/3\/2023 al 30\/3\/2023 de 16:30 a 19.00<\/span><\/div>\n<div><\/div>\n<div><span style=\"font-family: arial, helvetica, geneva; font-size: small;\"><b><a href=\"https:\/\/aplicacions.gestioeducativa.gencat.cat\/pls\/soloas\/pk_for_mod_ins.p_for_detall_activitat?p_header=Llista%20d%27activitats%5Epk_for_mod_ins.p_for_cons_activitats?p_tipus_act=PFIE,DCV,EGE,TDR,EGP,TPP,CRT,TAP,EGOO,LSP,PEE,PGC,AULC,SSKP,PGFP,PRO,SSKA,PODS,EGM,SM,PCC,QCPR,QCSM,QCLG,QCMU,CIM,JPP,ASP%26p_totes=N%26p_inici=1%26p_excloure_crp_rec=F&amp;p_codi=9000230867&amp;p_curs=2022-2023&amp;p_excloure_crp_rec=F\" target=\"_blank\" rel=\"noopener\" data-saferedirecturl=\"https:\/\/www.google.com\/url?q=https:\/\/aplicacions.gestioeducativa.gencat.cat\/pls\/soloas\/pk_for_mod_ins.p_for_detall_activitat?p_header%3DLlista%2520d%2527activitats%255Epk_for_mod_ins.p_for_cons_activitats?p_tipus_act%3DPFIE,DCV,EGE,TDR,EGP,TPP,CRT,TAP,EGOO,LSP,PEE,PGC,AULC,SSKP,PGFP,PRO,SSKA,PODS,EGM,SM,PCC,QCPR,QCSM,QCLG,QCMU,CIM,JPP,ASP%2526p_totes%3DN%2526p_inici%3D1%2526p_excloure_crp_rec%3DF%26p_codi%3D9000230867%26p_curs%3D2022-2023%26p_excloure_crp_rec%3DF&amp;source=gmail&amp;ust=1671268014656000&amp;usg=AOvVaw33HWJUkFjKt946idwLbkl6\">Acompanyem la sexualitat des dels programes d&#8217;FP<\/a><\/b><\/span><\/div>\n<div><span style=\"font-family: arial, helvetica, geneva; font-size: xx-small;\">Taller. VT Curs a dist\u00e0ncia (A dist\u00e0ncia). Del dimarts 17\/1\/2023 al 7\/2\/2023<\/span><\/div>\n<div><\/div>\n<div><b style=\"font-family: arial, helvetica, geneva; font-size: small;\"><a style=\"color: #2795b6;\" href=\"https:\/\/aplicacions.gestioeducativa.gencat.cat\/pls\/soloas\/pk_for_mod_ins.p_for_detall_activitat?p_header=Llista%20d%27activitats%5Epk_for_mod_ins.p_for_cons_activitats?p_tipus_act=PFIE,DCV,EGE,TDR,EGP,TPP,CRT,TAP,EGOO,LSP,PEE,PGC,AULC,SSKP,PGFP,PRO,SSKA,PODS,EGM,SM,PCC,QCPR,QCSM,QCLG,QCMU,CIM,JPP,ASP%26p_totes=N%26p_inici=1%26p_excloure_crp_rec=F&amp;p_codi=9000430867&amp;p_curs=2022-2023&amp;p_excloure_crp_rec=F\" target=\"_blank\" rel=\"noopener\" data-saferedirecturl=\"https:\/\/www.google.com\/url?q=https:\/\/aplicacions.gestioeducativa.gencat.cat\/pls\/soloas\/pk_for_mod_ins.p_for_detall_activitat?p_header%3DLlista%2520d%2527activitats%255Epk_for_mod_ins.p_for_cons_activitats?p_tipus_act%3DPFIE,DCV,EGE,TDR,EGP,TPP,CRT,TAP,EGOO,LSP,PEE,PGC,AULC,SSKP,PGFP,PRO,SSKA,PODS,EGM,SM,PCC,QCPR,QCSM,QCLG,QCMU,CIM,JPP,ASP%2526p_totes%3DN%2526p_inici%3D1%2526p_excloure_crp_rec%3DF%26p_codi%3D9000430867%26p_curs%3D2022-2023%26p_excloure_crp_rec%3DF&amp;source=gmail&amp;ust=1671268014656000&amp;usg=AOvVaw3Wxgjt3yi9_gHwUXSbPB86\">Tutoria als PFI: acompanyar per aprendre<\/a><\/b><\/div>\n<div><span style=\"font-family: arial, helvetica, geneva; font-size: xx-small;\">Curs. VT Curs a dist\u00e0ncia (A dist\u00e0ncia). Del dilluns 6\/2\/2023 al 26\/3\/2023<\/span><\/div>\n<div><\/div>\n<div><span style=\"font-family: arial, helvetica, geneva; font-size: small;\"><b><a href=\"https:\/\/aplicacions.gestioeducativa.gencat.cat\/pls\/soloas\/pk_for_mod_ins.p_for_detall_activitat?p_header=Llista%20d%27activitats%5Epk_for_mod_ins.p_for_cons_activitats?p_tipus_act=PFIE,DCV,EGE,TDR,EGP,TPP,CRT,TAP,EGOO,LSP,PEE,PGC,AULC,SSKP,PGFP,PRO,SSKA,PODS,EGM,SM,PCC,QCPR,QCSM,QCLG,QCMU,CIM,JPP,ASP%26p_totes=N%26p_inici=1%26p_excloure_crp_rec=F&amp;p_codi=9000440867&amp;p_curs=2022-2023&amp;p_excloure_crp_rec=F\" target=\"_blank\" rel=\"noopener\" data-saferedirecturl=\"https:\/\/www.google.com\/url?q=https:\/\/aplicacions.gestioeducativa.gencat.cat\/pls\/soloas\/pk_for_mod_ins.p_for_detall_activitat?p_header%3DLlista%2520d%2527activitats%255Epk_for_mod_ins.p_for_cons_activitats?p_tipus_act%3DPFIE,DCV,EGE,TDR,EGP,TPP,CRT,TAP,EGOO,LSP,PEE,PGC,AULC,SSKP,PGFP,PRO,SSKA,PODS,EGM,SM,PCC,QCPR,QCSM,QCLG,QCMU,CIM,JPP,ASP%2526p_totes%3DN%2526p_inici%3D1%2526p_excloure_crp_rec%3DF%26p_codi%3D9000440867%26p_curs%3D2022-2023%26p_excloure_crp_rec%3DF&amp;source=gmail&amp;ust=1671268014656000&amp;usg=AOvVaw1_XxQT2HuTAGBB7DmBgTlI\">Programaci\u00f3 a l&#8217;aula PFI<\/a><\/b><\/span><\/div>\n<div><span style=\"font-family: arial, helvetica, geneva; font-size: xx-small;\">Curs telem\u00e0tic (en l\u00ednia as\u00edncron). VT Curs a dist\u00e0ncia (A dist\u00e0ncia). Del dilluns 6\/2\/2023 al 26\/3\/2023<\/span><\/div>\n<div><\/div>\n<div><span style=\"font-family: arial, helvetica, geneva; font-size: small;\"><b><a href=\"https:\/\/aplicacions.gestioeducativa.gencat.cat\/pls\/soloas\/pk_for_mod_ins.p_for_detall_activitat?p_header=Llista%20d%27activitats%5Epk_for_mod_ins.p_for_cons_activitats?p_tipus_act=PFIE,DCV,EGE,TDR,EGP,TPP,CRT,TAP,EGOO,LSP,PEE,PGC,AULC,SSKP,PGFP,PRO,SSKA,PODS,EGM,SM,PCC,QCPR,QCSM,QCLG,QCMU,CIM,JPP,ASP%26p_totes=N%26p_inici=1%26p_excloure_crp_rec=F&amp;p_codi=9000450867&amp;p_curs=2022-2023&amp;p_excloure_crp_rec=F\" target=\"_blank\" rel=\"noopener\" data-saferedirecturl=\"https:\/\/www.google.com\/url?q=https:\/\/aplicacions.gestioeducativa.gencat.cat\/pls\/soloas\/pk_for_mod_ins.p_for_detall_activitat?p_header%3DLlista%2520d%2527activitats%255Epk_for_mod_ins.p_for_cons_activitats?p_tipus_act%3DPFIE,DCV,EGE,TDR,EGP,TPP,CRT,TAP,EGOO,LSP,PEE,PGC,AULC,SSKP,PGFP,PRO,SSKA,PODS,EGM,SM,PCC,QCPR,QCSM,QCLG,QCMU,CIM,JPP,ASP%2526p_totes%3DN%2526p_inici%3D1%2526p_excloure_crp_rec%3DF%26p_codi%3D9000450867%26p_curs%3D2022-2023%26p_excloure_crp_rec%3DF&amp;source=gmail&amp;ust=1671268014656000&amp;usg=AOvVaw1JyDCrmvvGx653z-1N5zo9\">Acompanyament de la salut mental de l&#8217;alumnat PFI<\/a><\/b><\/span><\/div>\n<div><span style=\"font-family: arial, helvetica, geneva; font-size: xx-small;\">Curs telem\u00e0tic (en l\u00ednia as\u00edncron). VT Curs a dist\u00e0ncia (A dist\u00e0ncia). Del dilluns 6\/2\/2023 al 26\/3\/2023<\/span><\/div>\n<div><\/div>\n<div><span style=\"font-family: arial, helvetica, geneva; font-size: small;\"><b><a href=\"https:\/\/aplicacions.gestioeducativa.gencat.cat\/pls\/soloas\/pk_for_mod_ins.p_for_detall_activitat?p_header=Llista%20d%27activitats%5Epk_for_mod_ins.p_for_cons_activitats?p_tipus_act=PFIE,DCV,EGE,TDR,EGP,TPP,CRT,TAP,EGOO,LSP,PEE,PGC,AULC,SSKP,PGFP,PRO,SSKA,PODS,EGM,SM,PCC,QCPR,QCSM,QCLG,QCMU,CIM,JPP,ASP%26p_totes=N%26p_inici=1%26p_excloure_crp_rec=F&amp;p_codi=9000460867&amp;p_curs=2022-2023&amp;p_excloure_crp_rec=F\" target=\"_blank\" rel=\"noopener\" data-saferedirecturl=\"https:\/\/www.google.com\/url?q=https:\/\/aplicacions.gestioeducativa.gencat.cat\/pls\/soloas\/pk_for_mod_ins.p_for_detall_activitat?p_header%3DLlista%2520d%2527activitats%255Epk_for_mod_ins.p_for_cons_activitats?p_tipus_act%3DPFIE,DCV,EGE,TDR,EGP,TPP,CRT,TAP,EGOO,LSP,PEE,PGC,AULC,SSKP,PGFP,PRO,SSKA,PODS,EGM,SM,PCC,QCPR,QCSM,QCLG,QCMU,CIM,JPP,ASP%2526p_totes%3DN%2526p_inici%3D1%2526p_excloure_crp_rec%3DF%26p_codi%3D9000460867%26p_curs%3D2022-2023%26p_excloure_crp_rec%3DF&amp;source=gmail&amp;ust=1671268014656000&amp;usg=AOvVaw1eYn8QnKXwARZX2gXY-LjR\">Metodologies creatives a l&#8217;aula PFI<\/a><\/b><\/span><\/div>\n<div><span style=\"font-family: arial, helvetica, geneva; font-size: xx-small;\">Curs telem\u00e0tic (en l\u00ednia as\u00edncron). VT Curs a dist\u00e0ncia (A dist\u00e0ncia). Del dilluns 17\/4\/2023 al 11\/6\/2023<\/span><\/div>\n<div><\/div>\n<div><span style=\"font-family: arial, helvetica, geneva; font-size: small;\"><b><a href=\"https:\/\/aplicacions.gestioeducativa.gencat.cat\/pls\/soloas\/pk_for_mod_ins.p_for_detall_activitat?p_header=Llista%20d%27activitats%5Epk_for_mod_ins.p_for_cons_activitats?p_tipus_act=PFIE,DCV,EGE,TDR,EGP,TPP,CRT,TAP,EGOO,LSP,PEE,PGC,AULC,SSKP,PGFP,PRO,SSKA,PODS,EGM,SM,PCC,QCPR,QCSM,QCLG,QCMU,CIM,JPP,ASP%26p_totes=N%26p_inici=1%26p_excloure_crp_rec=F&amp;p_codi=9000470867&amp;p_curs=2022-2023&amp;p_excloure_crp_rec=F\" target=\"_blank\" rel=\"noopener\" data-saferedirecturl=\"https:\/\/www.google.com\/url?q=https:\/\/aplicacions.gestioeducativa.gencat.cat\/pls\/soloas\/pk_for_mod_ins.p_for_detall_activitat?p_header%3DLlista%2520d%2527activitats%255Epk_for_mod_ins.p_for_cons_activitats?p_tipus_act%3DPFIE,DCV,EGE,TDR,EGP,TPP,CRT,TAP,EGOO,LSP,PEE,PGC,AULC,SSKP,PGFP,PRO,SSKA,PODS,EGM,SM,PCC,QCPR,QCSM,QCLG,QCMU,CIM,JPP,ASP%2526p_totes%3DN%2526p_inici%3D1%2526p_excloure_crp_rec%3DF%26p_codi%3D9000470867%26p_curs%3D2022-2023%26p_excloure_crp_rec%3DF&amp;source=gmail&amp;ust=1671268014656000&amp;usg=AOvVaw3B11QRyhkcPPr6CvEwhgZV\">Treball per projectes i programaci\u00f3 al PFI alineats amb els ODS<\/a><\/b><\/span><\/div>\n<div><span style=\"font-family: arial, helvetica, geneva; font-size: xx-small;\">Curs telem\u00e0tic (en l\u00ednia as\u00edncron). VT Curs a dist\u00e0ncia (A dist\u00e0ncia). Del dilluns 6\/2\/2023 al 26\/3\/2023<\/span><\/div>\n<div><\/div>\n<div><span style=\"font-family: arial, helvetica, geneva; font-size: small;\"><b><a href=\"https:\/\/aplicacions.gestioeducativa.gencat.cat\/pls\/soloas\/pk_for_mod_ins.p_for_detall_activitat?p_header=Llista%20d%27activitats%5Epk_for_mod_ins.p_for_cons_activitats?p_tipus_act=PFIE,DCV,EGE,TDR,EGP,TPP,CRT,TAP,EGOO,LSP,PEE,PGC,AULC,SSKP,PGFP,PRO,SSKA,PODS,EGM,SM,PCC,QCPR,QCSM,QCLG,QCMU,CIM,JPP,ASP%26p_totes=N%26p_inici=1%26p_excloure_crp_rec=F&amp;p_codi=9000480867&amp;p_curs=2022-2023&amp;p_excloure_crp_rec=F\" target=\"_blank\" rel=\"noopener\" data-saferedirecturl=\"https:\/\/www.google.com\/url?q=https:\/\/aplicacions.gestioeducativa.gencat.cat\/pls\/soloas\/pk_for_mod_ins.p_for_detall_activitat?p_header%3DLlista%2520d%2527activitats%255Epk_for_mod_ins.p_for_cons_activitats?p_tipus_act%3DPFIE,DCV,EGE,TDR,EGP,TPP,CRT,TAP,EGOO,LSP,PEE,PGC,AULC,SSKP,PGFP,PRO,SSKA,PODS,EGM,SM,PCC,QCPR,QCSM,QCLG,QCMU,CIM,JPP,ASP%2526p_totes%3DN%2526p_inici%3D1%2526p_excloure_crp_rec%3DF%26p_codi%3D9000480867%26p_curs%3D2022-2023%26p_excloure_crp_rec%3DF&amp;source=gmail&amp;ust=1671268014656000&amp;usg=AOvVaw22KwkKkV5f1EGEIpf_xMkm\">Eines google per a professorat PFI<\/a><\/b><\/span><\/div>\n<div><span style=\"font-family: arial, helvetica, geneva; font-size: xx-small;\">Curs telem\u00e0tic (en l\u00ednia as\u00edncron). VT Curs a dist\u00e0ncia (A dist\u00e0ncia). Del dilluns 17\/4\/2023 al 11\/6\/2023<\/span><\/div>\n<div><\/div>\n<div><span style=\"font-family: arial, helvetica, geneva; font-size: small;\"><b><a href=\"https:\/\/aplicacions.gestioeducativa.gencat.cat\/pls\/soloas\/pk_for_mod_ins.p_for_detall_activitat?p_header=Llista%20d%27activitats%5Epk_for_mod_ins.p_for_cons_activitats?p_tipus_act=PFIE,DCV,EGE,TDR,EGP,TPP,CRT,TAP,EGOO,LSP,PEE,PGC,AULC,SSKP,PGFP,PRO,SSKA,PODS,EGM,SM,PCC,QCPR,QCSM,QCLG,QCMU,CIM,JPP,ASP%26p_totes=N%26p_inici=1%26p_excloure_crp_rec=F&amp;p_codi=9000490867&amp;p_curs=2022-2023&amp;p_excloure_crp_rec=F\" target=\"_blank\" rel=\"noopener\" data-saferedirecturl=\"https:\/\/www.google.com\/url?q=https:\/\/aplicacions.gestioeducativa.gencat.cat\/pls\/soloas\/pk_for_mod_ins.p_for_detall_activitat?p_header%3DLlista%2520d%2527activitats%255Epk_for_mod_ins.p_for_cons_activitats?p_tipus_act%3DPFIE,DCV,EGE,TDR,EGP,TPP,CRT,TAP,EGOO,LSP,PEE,PGC,AULC,SSKP,PGFP,PRO,SSKA,PODS,EGM,SM,PCC,QCPR,QCSM,QCLG,QCMU,CIM,JPP,ASP%2526p_totes%3DN%2526p_inici%3D1%2526p_excloure_crp_rec%3DF%26p_codi%3D9000490867%26p_curs%3D2022-2023%26p_excloure_crp_rec%3DF&amp;source=gmail&amp;ust=1671268014656000&amp;usg=AOvVaw09qsrKFZPtQHY6yevbhVnm\">Transformaci\u00f3 digital en la recerca de feina<\/a><\/b><\/span><\/div>\n<div><span style=\"font-family: arial, helvetica, geneva; font-size: xx-small;\">Curs telem\u00e0tic (en l\u00ednia as\u00edncron) VT Curs a dist\u00e0ncia (A dist\u00e0ncia). Del dilluns 17\/4\/2023 al 11\/6\/2023<\/span><\/div>\n<div><\/div>\n<div><span style=\"font-family: arial, helvetica, geneva; font-size: small;\"><b><a href=\"https:\/\/aplicacions.gestioeducativa.gencat.cat\/pls\/soloas\/pk_for_mod_ins.p_for_detall_activitat?p_header=Llista%20d%27activitats%5Epk_for_mod_ins.p_for_cons_activitats?p_tipus_act=PFIE,DCV,EGE,TDR,EGP,TPP,CRT,TAP,EGOO,LSP,PEE,PGC,AULC,SSKP,PGFP,PRO,SSKA,PODS,EGM,SM,PCC,QCPR,QCSM,QCLG,QCMU,CIM,JPP,ASP%26p_totes=N%26p_inici=1%26p_excloure_crp_rec=F&amp;p_codi=9000500867&amp;p_curs=2022-2023&amp;p_excloure_crp_rec=F\" target=\"_blank\" rel=\"noopener\" data-saferedirecturl=\"https:\/\/www.google.com\/url?q=https:\/\/aplicacions.gestioeducativa.gencat.cat\/pls\/soloas\/pk_for_mod_ins.p_for_detall_activitat?p_header%3DLlista%2520d%2527activitats%255Epk_for_mod_ins.p_for_cons_activitats?p_tipus_act%3DPFIE,DCV,EGE,TDR,EGP,TPP,CRT,TAP,EGOO,LSP,PEE,PGC,AULC,SSKP,PGFP,PRO,SSKA,PODS,EGM,SM,PCC,QCPR,QCSM,QCLG,QCMU,CIM,JPP,ASP%2526p_totes%3DN%2526p_inici%3D1%2526p_excloure_crp_rec%3DF%26p_codi%3D9000500867%26p_curs%3D2022-2023%26p_excloure_crp_rec%3DF&amp;source=gmail&amp;ust=1671268014656000&amp;usg=AOvVaw3KGJUrRJAwp9kOIYy2cik2\">Estrat\u00e8gies de regulaci\u00f3 emocional a l&#8217;aula PFI<\/a><\/b><\/span><\/div>\n<div><\/div>\n<div><b><span style=\"color: #008080; font-family: arial, helvetica, geneva; font-size: small;\"><a href=\"https:\/\/aplicacions.gestioeducativa.gencat.cat\/pls\/soloas\/pk_for_mod_ins.p_for_detall_activitat?p_header=Llista%20d%27activitats%5Epk_for_mod_ins.p_for_cons_activitats?p_tipus_act=PFIE,DCV,EGE,TDR,EGP,TPP,CRT,TAP,EGOO,LSP,PEE,PGC,AULC,SSKP,PGFP,PRO,SSKA,PODS,EGM,SM,PCC,QCPR,QCSM,QCLG,QCMU,CIM,JPP,ASP%26p_totes=N%26p_inici=1%26p_excloure_crp_rec=F&amp;p_codi=9000510867&amp;p_curs=2022-2023&amp;p_excloure_crp_rec=F\" target=\"_blank\" rel=\"noopener\" data-saferedirecturl=\"https:\/\/www.google.com\/url?q=https:\/\/aplicacions.gestioeducativa.gencat.cat\/pls\/soloas\/pk_for_mod_ins.p_for_detall_activitat?p_header%3DLlista%2520d%2527activitats%255Epk_for_mod_ins.p_for_cons_activitats?p_tipus_act%3DPFIE,DCV,EGE,TDR,EGP,TPP,CRT,TAP,EGOO,LSP,PEE,PGC,AULC,SSKP,PGFP,PRO,SSKA,PODS,EGM,SM,PCC,QCPR,QCSM,QCLG,QCMU,CIM,JPP,ASP%2526p_totes%3DN%2526p_inici%3D1%2526p_excloure_crp_rec%3DF%26p_codi%3D9000510867%26p_curs%3D2022-2023%26p_excloure_crp_rec%3DF&amp;source=gmail&amp;ust=1671268014656000&amp;usg=AOvVaw1AdYkBZkCTVLFNfrXs3Mr4\">Desenvolupament de compet\u00e8ncies transversals a trav\u00e9s dels v\u00eddeojocs a l&#8217;aula PFI<\/a><\/span><\/b><\/div>\n<div><span style=\"font-family: arial, helvetica, geneva; font-size: xx-small;\">Grup de treball. VT Curs a dist\u00e0ncia (A dist\u00e0ncia).<\/span><\/div>\n<div><\/div>\n","protected":false},"excerpt":{"rendered":"<p>S&#8217;ha publicat la<a href=\"https:\/\/xtec.gencat.cat\/ca\/formacio\/formaciocollectiusespecifics\/pqpi\/\"> formaci\u00f3 espec\u00edfica per al professorat PFI<\/a> planificada de gener a juny de 2023. Les inscripcions s\u00f3n de 7 al 17 de gener.<br \/>\nUs adjuntem informaci\u00f3 dels cursos i enlla\u00e7os d&#8217;inscripci\u00f3:<\/p>\n<p><a href=\"https:\/\/aplicacions.gestioeducativa.gencat.cat\/pls\/soloas\/pk_for_mod_ins.p_for_detall_activitat?p_header=Llista%20d%27activitats%5Epk_for_mod_ins.p_for_cons_activitats?p_tipus_act=PFIE,DCV,EGE,TDR,EGP,TPP,CRT,TAP,EGOO,LSP,PEE,PGC,AULC,SSKP,PGFP,PRO,SSKA,PODS,EGM,SM,PCC,QCPR,QCSM,QCLG,QCMU,CIM,JPP,ASP%26p_totes=N%26p_inici=1%26p_excloure_crp_rec=F&amp;p_codi=9000210867&amp;p_curs=2022-2023&amp;p_excloure_crp_rec=F\" target=\"_blank\" rel=\"noopener\" data-saferedirecturl=\"https:\/\/www.google.com\/url?q=https:\/\/aplicacions.gestioeducativa.gencat.cat\/pls\/soloas\/pk_for_mod_ins.p_for_detall_activitat?p_header%3DLlista%2520d%2527activitats%255Epk_for_mod_ins.p_for_cons_activitats?p_tipus_act%3DPFIE,DCV,EGE,TDR,EGP,TPP,CRT,TAP,EGOO,LSP,PEE,PGC,AULC,SSKP,PGFP,PRO,SSKA,PODS,EGM,SM,PCC,QCPR,QCSM,QCLG,QCMU,CIM,JPP,ASP%2526p_totes%3DN%2526p_inici%3D1%2526p_excloure_crp_rec%3DF%26p_codi%3D9000210867%26p_curs%3D2022-2023%26p_excloure_crp_rec%3DF&amp;source=gmail&amp;ust=1671268014656000&amp;usg=AOvVaw2F6k5jCuR94j-uiAPJyOdV\">Recursos i estrat\u00e8gies per als PFI de necessitats educatives&hellip;  <a href=\"https:\/\/projectes.xtec.cat\/pfi\/portada\/formacio-especifica-per-a-professorat-pfi\/\" title=\"Read Formaci\u00f3 espec\u00edfica per a professorat PFI\">Llegeix m\u00e9s\u00bb<\/a><\/p>\n","protected":false},"author":1,"featured_media":0,"comment_status":"open","ping_status":"closed","sticky":false,"template":"","format":"standard","meta":{"_bbp_topic_count":0,"_bbp_reply_count":0,"_bbp_total_topic_count":0,"_bbp_total_reply_count":0,"_bbp_voice_count":0,"_bbp_anonymous_reply_count":0,"_bbp_topic_count_hidden":0,"_bbp_reply_count_hidden":0,"_bbp_forum_subforum_count":0,"footnotes":""},"categories":[154,29],"tags":[],"class_list":["post-15713","post","type-post","status-publish","format-standard","hentry","category-formacio","category-portada"],"post_mailing_queue_ids":[],"_links":{"self":[{"href":"https:\/\/projectes.xtec.cat\/pfi\/wp-json\/wp\/v2\/posts\/15713","targetHints":{"allow":["GET"]}}],"collection":[{"href":"https:\/\/projectes.xtec.cat\/pfi\/wp-json\/wp\/v2\/posts"}],"about":[{"href":"https:\/\/projectes.xtec.cat\/pfi\/wp-json\/wp\/v2\/types\/post"}],"author":[{"embeddable":true,"href":"https:\/\/projectes.xtec.cat\/pfi\/wp-json\/wp\/v2\/users\/1"}],"replies":[{"embeddable":true,"href":"https:\/\/projectes.xtec.cat\/pfi\/wp-json\/wp\/v2\/comments?post=15713"}],"version-history":[{"count":4,"href":"https:\/\/projectes.xtec.cat\/pfi\/wp-json\/wp\/v2\/posts\/15713\/revisions"}],"predecessor-version":[{"id":15906,"href":"https:\/\/projectes.xtec.cat\/pfi\/wp-json\/wp\/v2\/posts\/15713\/revisions\/15906"}],"wp:attachment":[{"href":"https:\/\/projectes.xtec.cat\/pfi\/wp-json\/wp\/v2\/media?parent=15713"}],"wp:term":[{"taxonomy":"category","embeddable":true,"href":"https:\/\/projectes.xtec.cat\/pfi\/wp-json\/wp\/v2\/categories?post=15713"},{"taxonomy":"post_tag","embeddable":true,"href":"https:\/\/projectes.xtec.cat\/pfi\/wp-json\/wp\/v2\/tags?post=15713"}],"curies":[{"name":"wp","href":"https:\/\/api.w.org\/{rel}","templated":true}]}}