{"id":15778,"date":"2022-12-20T10:54:50","date_gmt":"2022-12-20T09:54:50","guid":{"rendered":"https:\/\/projectes.xtec.cat\/pfi\/?p=15778"},"modified":"2022-12-20T10:55:15","modified_gmt":"2022-12-20T09:55:15","slug":"el-pfi-ptt-de-manlleu-ha-collaborat-en-la-decoracio-nadalenca-de-la-pista-de-gel","status":"publish","type":"post","link":"https:\/\/projectes.xtec.cat\/pfi\/general\/el-pfi-ptt-de-manlleu-ha-collaborat-en-la-decoracio-nadalenca-de-la-pista-de-gel\/","title":{"rendered":"El PFI PTT Manlleu col\u00b7labora en la decoraci\u00f3 nadalenca de la pista de gel"},"content":{"rendered":"<p>Des del PTT de Manlleu s&#8217;ha desenvolupat el microprojecte de col\u00b7laboraci\u00f3 en la decoraci\u00f3 de la pista de gel que s&#8217;instal\u00b7la cada any a la Pla\u00e7a Major de Manlleu.<\/p>\n<p>Els 12 alumnes del Programa de Formaci\u00f3 i Inserci\u00f3 d\u2019Auxiliar en vivers i jardins han col\u00b7laborat amb les pistes de gel del Badanadal decorant les casetes de fusta de la pista de gel amb arbres de Nadal i branques d\u2019avet amb ornaments vermells, per crear una imatge m\u00e9s acollidora i n\u00f2rdica de les pistes de gel, tamb\u00e9 han enjardinat les torratxes circulars situades davant les escales de la pla\u00e7a Fra Bernad\u00ed.<\/p>\n<p>Us convidem a tots a visitar les pistes!<\/p>\n<p>Bones festes!<\/p>\n<p>#pfiCAT #impulsFP #SomFP<\/p>\n\n\t\t<style type=\"text\/css\">\n\t\t\t#gallery-1 {\n\t\t\t\tmargin: auto;\n\t\t\t}\n\t\t\t#gallery-1 .gallery-item {\n\t\t\t\tfloat: left;\n\t\t\t\tmargin-top: 10px;\n\t\t\t\ttext-align: center;\n\t\t\t\twidth: 33%;\n\t\t\t}\n\t\t\t#gallery-1 img {\n\t\t\t\tborder: 2px solid #cfcfcf;\n\t\t\t}\n\t\t\t#gallery-1 .gallery-caption {\n\t\t\t\tmargin-left: 0;\n\t\t\t}\n\t\t\t\/* see gallery_shortcode() in wp-includes\/media.php *\/\n\t\t<\/style>\n\t\t<div id='gallery-1' class='gallery galleryid-15778 gallery-columns-3 gallery-size-medium'><dl class='gallery-item'>\n\t\t\t<dt class='gallery-icon landscape'>\n\t\t\t\t<a href='https:\/\/projectes.xtec.cat\/pfi\/general\/el-pfi-ptt-de-manlleu-ha-collaborat-en-la-decoracio-nadalenca-de-la-pista-de-gel\/attachment\/photo-2022-12-02-14-09-39ret-2\/'><img loading=\"lazy\" decoding=\"async\" width=\"300\" height=\"191\" src=\"https:\/\/projectes.xtec.cat\/pfi\/wp-content\/uploads\/usu1781\/2022\/12\/PHOTO-2022-12-02-14-09-39ret-1-300x191.jpg\" class=\"attachment-medium size-medium\" alt=\"\" srcset=\"https:\/\/projectes.xtec.cat\/pfi\/wp-content\/uploads\/usu1781\/2022\/12\/PHOTO-2022-12-02-14-09-39ret-1-300x191.jpg 300w, https:\/\/projectes.xtec.cat\/pfi\/wp-content\/uploads\/usu1781\/2022\/12\/PHOTO-2022-12-02-14-09-39ret-1-1024x653.jpg 1024w, https:\/\/projectes.xtec.cat\/pfi\/wp-content\/uploads\/usu1781\/2022\/12\/PHOTO-2022-12-02-14-09-39ret-1-768x490.jpg 768w, https:\/\/projectes.xtec.cat\/pfi\/wp-content\/uploads\/usu1781\/2022\/12\/PHOTO-2022-12-02-14-09-39ret-1.jpg 1212w\" sizes=\"auto, (max-width: 300px) 100vw, 300px\" \/><\/a>\n\t\t\t<\/dt><\/dl><dl class='gallery-item'>\n\t\t\t<dt class='gallery-icon landscape'>\n\t\t\t\t<a href='https:\/\/projectes.xtec.cat\/pfi\/general\/el-pfi-ptt-de-manlleu-ha-collaborat-en-la-decoracio-nadalenca-de-la-pista-de-gel\/attachment\/photo-2022-12-02-14-09-39-1\/'><img loading=\"lazy\" decoding=\"async\" width=\"300\" height=\"169\" src=\"https:\/\/projectes.xtec.cat\/pfi\/wp-content\/uploads\/usu1781\/2022\/12\/PHOTO-2022-12-02-14-09-39-1-300x169.jpg\" class=\"attachment-medium size-medium\" alt=\"\" srcset=\"https:\/\/projectes.xtec.cat\/pfi\/wp-content\/uploads\/usu1781\/2022\/12\/PHOTO-2022-12-02-14-09-39-1-300x169.jpg 300w, https:\/\/projectes.xtec.cat\/pfi\/wp-content\/uploads\/usu1781\/2022\/12\/PHOTO-2022-12-02-14-09-39-1-1024x576.jpg 1024w, https:\/\/projectes.xtec.cat\/pfi\/wp-content\/uploads\/usu1781\/2022\/12\/PHOTO-2022-12-02-14-09-39-1-768x432.jpg 768w, https:\/\/projectes.xtec.cat\/pfi\/wp-content\/uploads\/usu1781\/2022\/12\/PHOTO-2022-12-02-14-09-39-1-1536x864.jpg 1536w, https:\/\/projectes.xtec.cat\/pfi\/wp-content\/uploads\/usu1781\/2022\/12\/PHOTO-2022-12-02-14-09-39-1.jpg 1600w\" sizes=\"auto, (max-width: 300px) 100vw, 300px\" \/><\/a>\n\t\t\t<\/dt><\/dl><dl class='gallery-item'>\n\t\t\t<dt class='gallery-icon landscape'>\n\t\t\t\t<a href='https:\/\/projectes.xtec.cat\/pfi\/general\/el-pfi-ptt-de-manlleu-ha-collaborat-en-la-decoracio-nadalenca-de-la-pista-de-gel\/attachment\/foto-participants-2-projecte-pfi-decoracio-pista-gel-b\/'><img loading=\"lazy\" decoding=\"async\" width=\"300\" height=\"291\" src=\"https:\/\/projectes.xtec.cat\/pfi\/wp-content\/uploads\/usu1781\/2022\/12\/foto-participants-2-projecte-pfi-decoracio-pista-gel-b-300x291.jpg\" class=\"attachment-medium size-medium\" alt=\"\" srcset=\"https:\/\/projectes.xtec.cat\/pfi\/wp-content\/uploads\/usu1781\/2022\/12\/foto-participants-2-projecte-pfi-decoracio-pista-gel-b-300x291.jpg 300w, https:\/\/projectes.xtec.cat\/pfi\/wp-content\/uploads\/usu1781\/2022\/12\/foto-participants-2-projecte-pfi-decoracio-pista-gel-b-1024x994.jpg 1024w, https:\/\/projectes.xtec.cat\/pfi\/wp-content\/uploads\/usu1781\/2022\/12\/foto-participants-2-projecte-pfi-decoracio-pista-gel-b-768x746.jpg 768w, https:\/\/projectes.xtec.cat\/pfi\/wp-content\/uploads\/usu1781\/2022\/12\/foto-participants-2-projecte-pfi-decoracio-pista-gel-b-1536x1491.jpg 1536w, https:\/\/projectes.xtec.cat\/pfi\/wp-content\/uploads\/usu1781\/2022\/12\/foto-participants-2-projecte-pfi-decoracio-pista-gel-b-2048x1988.jpg 2048w\" sizes=\"auto, (max-width: 300px) 100vw, 300px\" \/><\/a>\n\t\t\t<\/dt><\/dl><br style=\"clear: both\" \/><dl class='gallery-item'>\n\t\t\t<dt class='gallery-icon landscape'>\n\t\t\t\t<a href='https:\/\/projectes.xtec.cat\/pfi\/general\/el-pfi-ptt-de-manlleu-ha-collaborat-en-la-decoracio-nadalenca-de-la-pista-de-gel\/attachment\/foto-projecte-pfi-decoracio-pista-gel-redim-w350-h350\/'><img loading=\"lazy\" decoding=\"async\" width=\"300\" height=\"169\" src=\"https:\/\/projectes.xtec.cat\/pfi\/wp-content\/uploads\/usu1781\/2022\/12\/foto-projecte-pfi-decoracio-pista-gel-redim-w350-h350-300x169.jpg\" class=\"attachment-medium size-medium\" alt=\"\" srcset=\"https:\/\/projectes.xtec.cat\/pfi\/wp-content\/uploads\/usu1781\/2022\/12\/foto-projecte-pfi-decoracio-pista-gel-redim-w350-h350-300x169.jpg 300w, https:\/\/projectes.xtec.cat\/pfi\/wp-content\/uploads\/usu1781\/2022\/12\/foto-projecte-pfi-decoracio-pista-gel-redim-w350-h350.jpg 350w\" sizes=\"auto, (max-width: 300px) 100vw, 300px\" \/><\/a>\n\t\t\t<\/dt><\/dl><dl class='gallery-item'>\n\t\t\t<dt class='gallery-icon portrait'>\n\t\t\t\t<a href='https:\/\/projectes.xtec.cat\/pfi\/general\/el-pfi-ptt-de-manlleu-ha-collaborat-en-la-decoracio-nadalenca-de-la-pista-de-gel\/attachment\/photo-2022-12-02-14-09-40\/'><img loading=\"lazy\" decoding=\"async\" width=\"260\" height=\"300\" src=\"https:\/\/projectes.xtec.cat\/pfi\/wp-content\/uploads\/usu1781\/2022\/12\/PHOTO-2022-12-02-14-09-40-260x300.jpg\" class=\"attachment-medium size-medium\" alt=\"\" srcset=\"https:\/\/projectes.xtec.cat\/pfi\/wp-content\/uploads\/usu1781\/2022\/12\/PHOTO-2022-12-02-14-09-40-260x300.jpg 260w, https:\/\/projectes.xtec.cat\/pfi\/wp-content\/uploads\/usu1781\/2022\/12\/PHOTO-2022-12-02-14-09-40-768x888.jpg 768w, https:\/\/projectes.xtec.cat\/pfi\/wp-content\/uploads\/usu1781\/2022\/12\/PHOTO-2022-12-02-14-09-40.jpg 848w\" sizes=\"auto, (max-width: 260px) 100vw, 260px\" \/><\/a>\n\t\t\t<\/dt><\/dl><dl class='gallery-item'>\n\t\t\t<dt class='gallery-icon portrait'>\n\t\t\t\t<a href='https:\/\/projectes.xtec.cat\/pfi\/general\/el-pfi-ptt-de-manlleu-ha-collaborat-en-la-decoracio-nadalenca-de-la-pista-de-gel\/attachment\/grup_patinar\/'><img loading=\"lazy\" decoding=\"async\" width=\"225\" height=\"300\" src=\"https:\/\/projectes.xtec.cat\/pfi\/wp-content\/uploads\/usu1781\/2022\/12\/Grup_patinar-225x300.jpeg\" class=\"attachment-medium size-medium\" alt=\"\" srcset=\"https:\/\/projectes.xtec.cat\/pfi\/wp-content\/uploads\/usu1781\/2022\/12\/Grup_patinar-225x300.jpeg 225w, https:\/\/projectes.xtec.cat\/pfi\/wp-content\/uploads\/usu1781\/2022\/12\/Grup_patinar-768x1024.jpeg 768w, https:\/\/projectes.xtec.cat\/pfi\/wp-content\/uploads\/usu1781\/2022\/12\/Grup_patinar-1152x1536.jpeg 1152w, https:\/\/projectes.xtec.cat\/pfi\/wp-content\/uploads\/usu1781\/2022\/12\/Grup_patinar.jpeg 1200w\" sizes=\"auto, (max-width: 225px) 100vw, 225px\" \/><\/a>\n\t\t\t<\/dt><\/dl><br style=\"clear: both\" \/><dl class='gallery-item'>\n\t\t\t<dt class='gallery-icon landscape'>\n\t\t\t\t<a href='https:\/\/projectes.xtec.cat\/pfi\/general\/el-pfi-ptt-de-manlleu-ha-collaborat-en-la-decoracio-nadalenca-de-la-pista-de-gel\/attachment\/patinant_1\/'><img loading=\"lazy\" decoding=\"async\" width=\"300\" height=\"225\" src=\"https:\/\/projectes.xtec.cat\/pfi\/wp-content\/uploads\/usu1781\/2022\/12\/Patinant_1-300x225.jpeg\" class=\"attachment-medium size-medium\" alt=\"\" srcset=\"https:\/\/projectes.xtec.cat\/pfi\/wp-content\/uploads\/usu1781\/2022\/12\/Patinant_1-300x225.jpeg 300w, https:\/\/projectes.xtec.cat\/pfi\/wp-content\/uploads\/usu1781\/2022\/12\/Patinant_1-1024x768.jpeg 1024w, https:\/\/projectes.xtec.cat\/pfi\/wp-content\/uploads\/usu1781\/2022\/12\/Patinant_1-768x576.jpeg 768w, https:\/\/projectes.xtec.cat\/pfi\/wp-content\/uploads\/usu1781\/2022\/12\/Patinant_1-1536x1152.jpeg 1536w, https:\/\/projectes.xtec.cat\/pfi\/wp-content\/uploads\/usu1781\/2022\/12\/Patinant_1-200x150.jpeg 200w, https:\/\/projectes.xtec.cat\/pfi\/wp-content\/uploads\/usu1781\/2022\/12\/Patinant_1.jpeg 1600w\" sizes=\"auto, (max-width: 300px) 100vw, 300px\" \/><\/a>\n\t\t\t<\/dt><\/dl>\n\t\t\t<br style='clear: both' \/>\n\t\t<\/div>\n\n","protected":false},"excerpt":{"rendered":"<p>Des del PTT de Manlleu s&#8217;ha desenvolupat el microprojecte de col\u00b7laboraci\u00f3 en la decoraci\u00f3 de la pista de gel que s&#8217;instal\u00b7la cada any a la Pla\u00e7a Major de Manlleu.<br \/>\nEls 12 alumnes del Programa de Formaci\u00f3 i Inserci\u00f3 d\u2019Auxiliar en vivers i jardins han col\u00b7laborat amb&hellip;  <a href=\"https:\/\/projectes.xtec.cat\/pfi\/general\/el-pfi-ptt-de-manlleu-ha-collaborat-en-la-decoracio-nadalenca-de-la-pista-de-gel\/\" title=\"Read El PFI PTT Manlleu col\u00b7labora en la decoraci\u00f3 nadalenca de la pista de gel\">Llegeix m\u00e9s\u00bb<\/a><\/p>\n","protected":false},"author":266,"featured_media":15788,"comment_status":"open","ping_status":"closed","sticky":false,"template":"","format":"standard","meta":{"_bbp_topic_count":0,"_bbp_reply_count":0,"_bbp_total_topic_count":0,"_bbp_total_reply_count":0,"_bbp_voice_count":0,"_bbp_anonymous_reply_count":0,"_bbp_topic_count_hidden":0,"_bbp_reply_count_hidden":0,"_bbp_forum_subforum_count":0,"footnotes":""},"categories":[1,382,29],"tags":[501,583,289,294,539],"class_list":["post-15778","post","type-post","status-publish","format-standard","has-post-thumbnail","hentry","category-general","category-microprojectes","category-portada","tag-microprojecte","tag-pfimanlleu","tag-alumnes-pfi","tag-impulsfp","tag-jardineria"],"post_mailing_queue_ids":[],"_links":{"self":[{"href":"https:\/\/projectes.xtec.cat\/pfi\/wp-json\/wp\/v2\/posts\/15778","targetHints":{"allow":["GET"]}}],"collection":[{"href":"https:\/\/projectes.xtec.cat\/pfi\/wp-json\/wp\/v2\/posts"}],"about":[{"href":"https:\/\/projectes.xtec.cat\/pfi\/wp-json\/wp\/v2\/types\/post"}],"author":[{"embeddable":true,"href":"https:\/\/projectes.xtec.cat\/pfi\/wp-json\/wp\/v2\/users\/266"}],"replies":[{"embeddable":true,"href":"https:\/\/projectes.xtec.cat\/pfi\/wp-json\/wp\/v2\/comments?post=15778"}],"version-history":[{"count":3,"href":"https:\/\/projectes.xtec.cat\/pfi\/wp-json\/wp\/v2\/posts\/15778\/revisions"}],"predecessor-version":[{"id":15836,"href":"https:\/\/projectes.xtec.cat\/pfi\/wp-json\/wp\/v2\/posts\/15778\/revisions\/15836"}],"wp:featuredmedia":[{"embeddable":true,"href":"https:\/\/projectes.xtec.cat\/pfi\/wp-json\/wp\/v2\/media\/15788"}],"wp:attachment":[{"href":"https:\/\/projectes.xtec.cat\/pfi\/wp-json\/wp\/v2\/media?parent=15778"}],"wp:term":[{"taxonomy":"category","embeddable":true,"href":"https:\/\/projectes.xtec.cat\/pfi\/wp-json\/wp\/v2\/categories?post=15778"},{"taxonomy":"post_tag","embeddable":true,"href":"https:\/\/projectes.xtec.cat\/pfi\/wp-json\/wp\/v2\/tags?post=15778"}],"curies":[{"name":"wp","href":"https:\/\/api.w.org\/{rel}","templated":true}]}}