{"id":15896,"date":"2023-01-13T12:42:06","date_gmt":"2023-01-13T11:42:06","guid":{"rendered":"https:\/\/projectes.xtec.cat\/pfi\/?p=15896"},"modified":"2023-01-13T12:44:15","modified_gmt":"2023-01-13T11:44:15","slug":"jornada-de-reflexio-coeduquem-per-una-societat-mes-igualitaria","status":"publish","type":"post","link":"https:\/\/projectes.xtec.cat\/pfi\/portada\/jornada-de-reflexio-coeduquem-per-una-societat-mes-igualitaria\/","title":{"rendered":"Jornada de reflexi\u00f3 \u201cCoeduquem per una societat m\u00e9s igualit\u00e0ria\u201d"},"content":{"rendered":"<p>Us compartim la\u00a0XXX Jornada de reflexi\u00f3 del Consell Escolar de Catalunya (CEC) est\u00e0 dedicada a la coeducaci\u00f3, amb debats sobre la perspectiva de g\u00e8nere i l\u2019educaci\u00f3 afectivosexual. Tindr\u00e0 lloc al <a href=\"https:\/\/www.google.cat\/maps\/place\/Casal+-+Societat+La+Principal\/@41.3451749,1.6982098,356m\/data=!3m2!1e3!5s0x12a479896203ece1:0xdf3f8ddaf8602821!4m10!1m2!2m1!1sTeatre+CAsal!3m6!1s0x12a4798bd95b17d9:0x66ebbbe7c972c249!8m2!3d41.3451749!4d1.7003985!15sCgxUZWF0cmUgQ0FzYWySARdwZXJmb3JtaW5nX2FydHNfdGhlYXRlcuABAA!16s%2Fg%2F1tsr5737\">Teatre Casal<\/a> de Vilafranca del Pened\u00e8s dissabte 14 de gener de 2023 i es retransmetr\u00e0 en l\u00ednia.<\/p>\n<p>Per a m\u00e9s informaci\u00f3 i inscripci\u00f3 <a href=\"https:\/\/www.ccoo.cat\/educacio\/noticies\/xxx-jornada-de-reflexio-coeduquem-per-una-societat-mes-igualitaria\/?utm_campaign=dxtec-oposicions-destabilitzacio-i-ordinaries-concurs-per-direccions-muface-ilp&amp;utm_medium=email&amp;utm_source=acumbamail\">clica aqu\u00ed<\/a><\/p>\n<p>#pfiCAT #impulsFP<\/p>\n","protected":false},"excerpt":{"rendered":"<p>La XXX Jornada de reflexi\u00f3 del Consell Escolar de Catalunya (CEC) est\u00e0 dedicada a la coeducaci\u00f3, amb debats sobre la perspectiva de g\u00e8nere i l\u2019educaci\u00f3 afectivosexual.&hellip;  <a href=\"https:\/\/projectes.xtec.cat\/pfi\/portada\/jornada-de-reflexio-coeduquem-per-una-societat-mes-igualitaria\/\" title=\"Read Jornada de reflexi\u00f3 \u201cCoeduquem per una societat m\u00e9s igualit\u00e0ria\u201d\">Llegeix m\u00e9s\u00bb<\/a><\/p>\n","protected":false},"author":1,"featured_media":15897,"comment_status":"open","ping_status":"closed","sticky":false,"template":"","format":"standard","meta":{"_bbp_topic_count":0,"_bbp_reply_count":0,"_bbp_total_topic_count":0,"_bbp_total_reply_count":0,"_bbp_voice_count":0,"_bbp_anonymous_reply_count":0,"_bbp_topic_count_hidden":0,"_bbp_reply_count_hidden":0,"_bbp_forum_subforum_count":0,"footnotes":""},"categories":[380,29],"tags":[],"class_list":["post-15896","post","type-post","status-publish","format-standard","has-post-thumbnail","hentry","category-coed-i-igualtat","category-portada"],"post_mailing_queue_ids":[],"_links":{"self":[{"href":"https:\/\/projectes.xtec.cat\/pfi\/wp-json\/wp\/v2\/posts\/15896","targetHints":{"allow":["GET"]}}],"collection":[{"href":"https:\/\/projectes.xtec.cat\/pfi\/wp-json\/wp\/v2\/posts"}],"about":[{"href":"https:\/\/projectes.xtec.cat\/pfi\/wp-json\/wp\/v2\/types\/post"}],"author":[{"embeddable":true,"href":"https:\/\/projectes.xtec.cat\/pfi\/wp-json\/wp\/v2\/users\/1"}],"replies":[{"embeddable":true,"href":"https:\/\/projectes.xtec.cat\/pfi\/wp-json\/wp\/v2\/comments?post=15896"}],"version-history":[{"count":2,"href":"https:\/\/projectes.xtec.cat\/pfi\/wp-json\/wp\/v2\/posts\/15896\/revisions"}],"predecessor-version":[{"id":15899,"href":"https:\/\/projectes.xtec.cat\/pfi\/wp-json\/wp\/v2\/posts\/15896\/revisions\/15899"}],"wp:featuredmedia":[{"embeddable":true,"href":"https:\/\/projectes.xtec.cat\/pfi\/wp-json\/wp\/v2\/media\/15897"}],"wp:attachment":[{"href":"https:\/\/projectes.xtec.cat\/pfi\/wp-json\/wp\/v2\/media?parent=15896"}],"wp:term":[{"taxonomy":"category","embeddable":true,"href":"https:\/\/projectes.xtec.cat\/pfi\/wp-json\/wp\/v2\/categories?post=15896"},{"taxonomy":"post_tag","embeddable":true,"href":"https:\/\/projectes.xtec.cat\/pfi\/wp-json\/wp\/v2\/tags?post=15896"}],"curies":[{"name":"wp","href":"https:\/\/api.w.org\/{rel}","templated":true}]}}