{"id":16057,"date":"2023-02-03T12:36:53","date_gmt":"2023-02-03T11:36:53","guid":{"rendered":"https:\/\/projectes.xtec.cat\/pfi\/?p=16057"},"modified":"2023-02-03T12:37:33","modified_gmt":"2023-02-03T11:37:33","slug":"jornada-esportiva-projecte-esports-dels-pfi-catalunya-central","status":"publish","type":"post","link":"https:\/\/projectes.xtec.cat\/pfi\/general\/jornada-esportiva-projecte-esports-dels-pfi-catalunya-central\/","title":{"rendered":"Jornada esportiva \u201cProjecte Esports\u201d dels PFI Catalunya Central."},"content":{"rendered":"<p>El dia\u00a0 1 de Febrer vam iniciar la primera trobada del projecte esports amb l&#8217;alumnat PFI de Catalunya Central. Hi van participar els PFI de Berga, Puig-reig, Moi\u00e0, Sallent i Sant Vicen\u00e7 de Castellet, en total 5 grups de diferents especialitats professionalitzadores.<\/p>\n<p>Hem cohesionat i creat sinergies amb diferents perfils del pfi i hem pogut gaudir de tres ponents esportistes que ens han explicat la seva traject\u00f2ria esportiva i de superaci\u00f3 personal. En acabar, els alumnes del perfil d&#8217;auxiliar de vivers i jardins han obsequiat els ponents amb un ram de flors fet per ells.<\/p>\n<p>Pon\u00e8ncia 1: Bernat Casals. Equitaci\u00f3<\/p>\n<p><a href=\"https:\/\/projectes.xtec.cat\/pfi\/wp-content\/uploads\/usu1781\/2023\/02\/WhatsApp-Image-2023-02-01-at-14.19.32-1.jpeg\"><img loading=\"lazy\" decoding=\"async\" class=\"alignnone wp-image-16081\" src=\"https:\/\/projectes.xtec.cat\/pfi\/wp-content\/uploads\/usu1781\/2023\/02\/WhatsApp-Image-2023-02-01-at-14.19.32-1-768x1024.jpeg\" alt=\"\" width=\"275\" height=\"366\" srcset=\"https:\/\/projectes.xtec.cat\/pfi\/wp-content\/uploads\/usu1781\/2023\/02\/WhatsApp-Image-2023-02-01-at-14.19.32-1-768x1024.jpeg 768w, https:\/\/projectes.xtec.cat\/pfi\/wp-content\/uploads\/usu1781\/2023\/02\/WhatsApp-Image-2023-02-01-at-14.19.32-1-225x300.jpeg 225w, https:\/\/projectes.xtec.cat\/pfi\/wp-content\/uploads\/usu1781\/2023\/02\/WhatsApp-Image-2023-02-01-at-14.19.32-1-1152x1536.jpeg 1152w, https:\/\/projectes.xtec.cat\/pfi\/wp-content\/uploads\/usu1781\/2023\/02\/WhatsApp-Image-2023-02-01-at-14.19.32-1.jpeg 1200w\" sizes=\"auto, (max-width: 275px) 100vw, 275px\" \/><\/a><\/p>\n<p>Pon\u00e8ncia 2: Meritxell Monteri. Gimnasta<\/p>\n<p><a href=\"https:\/\/projectes.xtec.cat\/pfi\/wp-content\/uploads\/usu1781\/2023\/02\/WhatsApp-Image-2023-02-01-at-14.19.30.jpeg\"><img loading=\"lazy\" decoding=\"async\" class=\"alignnone wp-image-16074\" src=\"https:\/\/projectes.xtec.cat\/pfi\/wp-content\/uploads\/usu1781\/2023\/02\/WhatsApp-Image-2023-02-01-at-14.19.30-768x1024.jpeg\" alt=\"\" width=\"289\" height=\"386\" srcset=\"https:\/\/projectes.xtec.cat\/pfi\/wp-content\/uploads\/usu1781\/2023\/02\/WhatsApp-Image-2023-02-01-at-14.19.30-768x1024.jpeg 768w, https:\/\/projectes.xtec.cat\/pfi\/wp-content\/uploads\/usu1781\/2023\/02\/WhatsApp-Image-2023-02-01-at-14.19.30-225x300.jpeg 225w, https:\/\/projectes.xtec.cat\/pfi\/wp-content\/uploads\/usu1781\/2023\/02\/WhatsApp-Image-2023-02-01-at-14.19.30-1152x1536.jpeg 1152w, https:\/\/projectes.xtec.cat\/pfi\/wp-content\/uploads\/usu1781\/2023\/02\/WhatsApp-Image-2023-02-01-at-14.19.30.jpeg 1200w\" sizes=\"auto, (max-width: 289px) 100vw, 289px\" \/><\/a><\/p>\n<p>Pon\u00e8ncia 3: Xavier Caballol Motorsita i ciclista<\/p>\n<p><a href=\"https:\/\/projectes.xtec.cat\/pfi\/wp-content\/uploads\/usu1781\/2023\/02\/WhatsApp-Image-2023-02-01-at-14.19.27-2.jpeg\"><img loading=\"lazy\" decoding=\"async\" class=\"alignnone wp-image-16065\" src=\"https:\/\/projectes.xtec.cat\/pfi\/wp-content\/uploads\/usu1781\/2023\/02\/WhatsApp-Image-2023-02-01-at-14.19.27-2-768x1024.jpeg\" alt=\"\" width=\"291\" height=\"388\" srcset=\"https:\/\/projectes.xtec.cat\/pfi\/wp-content\/uploads\/usu1781\/2023\/02\/WhatsApp-Image-2023-02-01-at-14.19.27-2-768x1024.jpeg 768w, https:\/\/projectes.xtec.cat\/pfi\/wp-content\/uploads\/usu1781\/2023\/02\/WhatsApp-Image-2023-02-01-at-14.19.27-2-225x300.jpeg 225w, https:\/\/projectes.xtec.cat\/pfi\/wp-content\/uploads\/usu1781\/2023\/02\/WhatsApp-Image-2023-02-01-at-14.19.27-2-1152x1536.jpeg 1152w, https:\/\/projectes.xtec.cat\/pfi\/wp-content\/uploads\/usu1781\/2023\/02\/WhatsApp-Image-2023-02-01-at-14.19.27-2.jpeg 1200w\" sizes=\"auto, (max-width: 291px) 100vw, 291px\" \/><\/a><\/p>\n<p>&nbsp;<\/p>\n<p><strong>Qu\u00e8 hem apr\u00e9s? <\/strong><\/p>\n<p>Els beneficis de l&#8217;esport s\u00f3n sabuts per a tothom. A banda de salut f\u00edsica, sembla que l&#8217;activitat tamb\u00e9 \u00e9s bona per a la salut mental i les habilitats cognitives. I, per descomptat, educa la voluntat, l&#8217;esfor\u00e7, el treball en equip, la toler\u00e0ncia a la frustraci\u00f3, la humilitat. I \u00e9s que gr\u00e0cies a aquesta primera jornada del projecte esports, ens hem omplert de bons valors. Podr\u00edem resumir la jornada amb\u00a0 tres paraules: tenacitat, const\u00e0ncia i sacrifici.<\/p>\n<blockquote><p><strong><em>Si vols\u00a0 realment una cosa, amb esfor\u00e7 i const\u00e0ncia, l&#8217;aconseguir\u00e0s.\u00a0<\/em><\/strong><\/p><\/blockquote>\n<p>Ja tenim ganes de celebrar la \u00a0jornada l\u00fadic esportiva entre tot l&#8217;alumnat participant, que tindr\u00e0 lloc el proper 14 de Febrer.<\/p>\n<blockquote><p>#pfiCAT #ImpulsFP #SomFP<\/p><\/blockquote>\n<p>&nbsp;<\/p>\n","protected":false},"excerpt":{"rendered":"<p>Jornada esportiva \u201cProjecte Esports\u201d dels PFI Catalunya Central.&hellip;  <a href=\"https:\/\/projectes.xtec.cat\/pfi\/general\/jornada-esportiva-projecte-esports-dels-pfi-catalunya-central\/\" title=\"Read Jornada esportiva \u201cProjecte Esports\u201d dels PFI Catalunya Central.\">Llegeix m\u00e9s\u00bb<\/a><\/p>\n","protected":false},"author":226,"featured_media":16091,"comment_status":"open","ping_status":"closed","sticky":false,"template":"","format":"standard","meta":{"_bbp_topic_count":0,"_bbp_reply_count":0,"_bbp_total_topic_count":0,"_bbp_total_reply_count":0,"_bbp_voice_count":0,"_bbp_anonymous_reply_count":0,"_bbp_topic_count_hidden":0,"_bbp_reply_count_hidden":0,"_bbp_forum_subforum_count":0,"footnotes":""},"categories":[1,29],"tags":[],"class_list":["post-16057","post","type-post","status-publish","format-standard","has-post-thumbnail","hentry","category-general","category-portada"],"post_mailing_queue_ids":[],"_links":{"self":[{"href":"https:\/\/projectes.xtec.cat\/pfi\/wp-json\/wp\/v2\/posts\/16057","targetHints":{"allow":["GET"]}}],"collection":[{"href":"https:\/\/projectes.xtec.cat\/pfi\/wp-json\/wp\/v2\/posts"}],"about":[{"href":"https:\/\/projectes.xtec.cat\/pfi\/wp-json\/wp\/v2\/types\/post"}],"author":[{"embeddable":true,"href":"https:\/\/projectes.xtec.cat\/pfi\/wp-json\/wp\/v2\/users\/226"}],"replies":[{"embeddable":true,"href":"https:\/\/projectes.xtec.cat\/pfi\/wp-json\/wp\/v2\/comments?post=16057"}],"version-history":[{"count":3,"href":"https:\/\/projectes.xtec.cat\/pfi\/wp-json\/wp\/v2\/posts\/16057\/revisions"}],"predecessor-version":[{"id":16106,"href":"https:\/\/projectes.xtec.cat\/pfi\/wp-json\/wp\/v2\/posts\/16057\/revisions\/16106"}],"wp:featuredmedia":[{"embeddable":true,"href":"https:\/\/projectes.xtec.cat\/pfi\/wp-json\/wp\/v2\/media\/16091"}],"wp:attachment":[{"href":"https:\/\/projectes.xtec.cat\/pfi\/wp-json\/wp\/v2\/media?parent=16057"}],"wp:term":[{"taxonomy":"category","embeddable":true,"href":"https:\/\/projectes.xtec.cat\/pfi\/wp-json\/wp\/v2\/categories?post=16057"},{"taxonomy":"post_tag","embeddable":true,"href":"https:\/\/projectes.xtec.cat\/pfi\/wp-json\/wp\/v2\/tags?post=16057"}],"curies":[{"name":"wp","href":"https:\/\/api.w.org\/{rel}","templated":true}]}}