{"id":16136,"date":"2023-02-15T08:34:06","date_gmt":"2023-02-15T07:34:06","guid":{"rendered":"https:\/\/projectes.xtec.cat\/pfi\/?p=16136"},"modified":"2023-02-15T12:04:25","modified_gmt":"2023-02-15T11:04:25","slug":"inscripcions-barcelona-woman-week-acceleration-en-linia","status":"publish","type":"post","link":"https:\/\/projectes.xtec.cat\/pfi\/general\/inscripcions-barcelona-woman-week-acceleration-en-linia\/","title":{"rendered":"Inscripcions Barcelona Woman Week Acceleration en l\u00ednia"},"content":{"rendered":"<p>Obertes les inscripcions de l a la<em><strong> Barcelona Woman Week Acceleration<\/strong><\/em> que es cel\u00b7lebrar\u00e0 els propers dies 9 i 10 de mar\u00e7 de 2023. \u00c9s un debat paritari dif\u00f3s en una plataforma digital, refer\u00e8ncia en la projecci\u00f3 d&#8217;activitats de valor afegit per avan\u00e7ar cap a la igualtat de g\u00e8nere.<\/p>\n<p>#pfiCAT #ImpulsFP #SomFP<\/p>\n<div class=\"addtoany_share_save_container addtoany_content addtoany_content_bottom\">\n<div class=\"a2a_kit a2a_kit_size_25 addtoany_list\" data-a2a-url=\"https:\/\/projectes.xtec.cat\/pfi\/general\/inscripcio-oberta-mooc-educar-para-la-igualdad\/\" data-a2a-title=\"Inscripci\u00f3 oberta MOOC \u201cEDUCAR PARA LA IGUALDAD\u201d\"><\/div>\n<\/div>\n","protected":false},"excerpt":{"rendered":"<p>Obertes les inscripcions de l a la Barcelona Woman Week Acceleration que es cel\u00b7lebrar\u00e0 els propers dies 9 i 10 de mar\u00e7 de 2023. \u00c9s un debat paritari dif\u00f3s en una plataforma digital, refer\u00e8ncia en la projecci\u00f3 d&#8217;activitats de valor afegit per avan\u00e7ar cap a&hellip;  <a href=\"https:\/\/projectes.xtec.cat\/pfi\/general\/inscripcions-barcelona-woman-week-acceleration-en-linia\/\" title=\"Read Inscripcions Barcelona Woman Week Acceleration en l\u00ednia\">Llegeix m\u00e9s\u00bb<\/a><\/p>\n","protected":false},"author":1,"featured_media":16152,"comment_status":"open","ping_status":"closed","sticky":false,"template":"","format":"standard","meta":{"_bbp_topic_count":0,"_bbp_reply_count":0,"_bbp_total_topic_count":0,"_bbp_total_reply_count":0,"_bbp_voice_count":0,"_bbp_anonymous_reply_count":0,"_bbp_topic_count_hidden":0,"_bbp_reply_count_hidden":0,"_bbp_forum_subforum_count":0,"footnotes":""},"categories":[380,1,29],"tags":[],"class_list":["post-16136","post","type-post","status-publish","format-standard","has-post-thumbnail","hentry","category-coed-i-igualtat","category-general","category-portada"],"post_mailing_queue_ids":[],"_links":{"self":[{"href":"https:\/\/projectes.xtec.cat\/pfi\/wp-json\/wp\/v2\/posts\/16136","targetHints":{"allow":["GET"]}}],"collection":[{"href":"https:\/\/projectes.xtec.cat\/pfi\/wp-json\/wp\/v2\/posts"}],"about":[{"href":"https:\/\/projectes.xtec.cat\/pfi\/wp-json\/wp\/v2\/types\/post"}],"author":[{"embeddable":true,"href":"https:\/\/projectes.xtec.cat\/pfi\/wp-json\/wp\/v2\/users\/1"}],"replies":[{"embeddable":true,"href":"https:\/\/projectes.xtec.cat\/pfi\/wp-json\/wp\/v2\/comments?post=16136"}],"version-history":[{"count":1,"href":"https:\/\/projectes.xtec.cat\/pfi\/wp-json\/wp\/v2\/posts\/16136\/revisions"}],"predecessor-version":[{"id":16155,"href":"https:\/\/projectes.xtec.cat\/pfi\/wp-json\/wp\/v2\/posts\/16136\/revisions\/16155"}],"wp:featuredmedia":[{"embeddable":true,"href":"https:\/\/projectes.xtec.cat\/pfi\/wp-json\/wp\/v2\/media\/16152"}],"wp:attachment":[{"href":"https:\/\/projectes.xtec.cat\/pfi\/wp-json\/wp\/v2\/media?parent=16136"}],"wp:term":[{"taxonomy":"category","embeddable":true,"href":"https:\/\/projectes.xtec.cat\/pfi\/wp-json\/wp\/v2\/categories?post=16136"},{"taxonomy":"post_tag","embeddable":true,"href":"https:\/\/projectes.xtec.cat\/pfi\/wp-json\/wp\/v2\/tags?post=16136"}],"curies":[{"name":"wp","href":"https:\/\/api.w.org\/{rel}","templated":true}]}}