{"id":16168,"date":"2023-02-13T13:12:39","date_gmt":"2023-02-13T12:12:39","guid":{"rendered":"https:\/\/projectes.xtec.cat\/pfi\/?p=16168"},"modified":"2023-02-13T13:12:39","modified_gmt":"2023-02-13T12:12:39","slug":"pfi-nen-deu-visita-el-parc-de-bombers-de-la-vall-dhebron","status":"publish","type":"post","link":"https:\/\/projectes.xtec.cat\/pfi\/general\/pfi-nen-deu-visita-el-parc-de-bombers-de-la-vall-dhebron\/","title":{"rendered":"PFI Nen D\u00e9u visita el Parc de Bombers de la Vall d&#8217;Hebr\u00f3n"},"content":{"rendered":"<p>La setmana passada\u00a0 els alumnes del PFI Nen D\u00e9u visiten l&#8217;aula de prevenci\u00f3 del Parc de bombers de la Vall d&#8217;Hebr\u00f3n. Saber reaccionar amb seguretat \u00e9s molt important i aix\u00ed ens ho van fet saber els propis bombers.\u00a0 La prevenci\u00f3 de riscos i la necessitat d&#8217;utilitzar EPI&#8217;s que poden salvar les seves vides.<\/p>\n<p>La seguretat per davant de tot! \ud83d\udca5\ud83d\udea8<\/p>\n<p><a href=\"https:\/\/projectes.xtec.cat\/pfi\/wp-content\/uploads\/usu1781\/2023\/02\/Bombers.jpg\"><img loading=\"lazy\" decoding=\"async\" class=\"alignnone size-large wp-image-16174\" src=\"https:\/\/projectes.xtec.cat\/pfi\/wp-content\/uploads\/usu1781\/2023\/02\/Bombers-1024x742.jpg\" alt=\"\" width=\"1024\" height=\"742\" srcset=\"https:\/\/projectes.xtec.cat\/pfi\/wp-content\/uploads\/usu1781\/2023\/02\/Bombers-1024x742.jpg 1024w, https:\/\/projectes.xtec.cat\/pfi\/wp-content\/uploads\/usu1781\/2023\/02\/Bombers-300x217.jpg 300w, https:\/\/projectes.xtec.cat\/pfi\/wp-content\/uploads\/usu1781\/2023\/02\/Bombers-768x557.jpg 768w, https:\/\/projectes.xtec.cat\/pfi\/wp-content\/uploads\/usu1781\/2023\/02\/Bombers.jpg 1123w\" sizes=\"auto, (max-width: 1024px) 100vw, 1024px\" \/><\/a><\/p>\n<p><a href=\"https:\/\/pfinendeu.blogspot.com\/\">https:\/\/pfinendeu.blogspot.com\/<\/a><\/p>\n","protected":false},"excerpt":{"rendered":"<p>La setmana passada\u00a0 els alumnes del PFI Nen D\u00e9u visiten l&#8217;aula de prevenci\u00f3 del Parc de bombers de la Vall d&#8217;Hebr\u00f3n. Saber reaccionar amb seguretat \u00e9s molt important i aix\u00ed ens ho van fet saber els propis bombers.\u00a0 La prevenci\u00f3 de riscos i la necessitat&hellip;  <a href=\"https:\/\/projectes.xtec.cat\/pfi\/general\/pfi-nen-deu-visita-el-parc-de-bombers-de-la-vall-dhebron\/\" title=\"Read PFI Nen D\u00e9u visita el Parc de Bombers de la Vall d&#8217;Hebr\u00f3n\">Llegeix m\u00e9s\u00bb<\/a><\/p>\n","protected":false},"author":260,"featured_media":16170,"comment_status":"closed","ping_status":"closed","sticky":false,"template":"","format":"standard","meta":{"_bbp_topic_count":0,"_bbp_reply_count":0,"_bbp_total_topic_count":0,"_bbp_total_reply_count":0,"_bbp_voice_count":0,"_bbp_anonymous_reply_count":0,"_bbp_topic_count_hidden":0,"_bbp_reply_count_hidden":0,"_bbp_forum_subforum_count":0,"footnotes":""},"categories":[1,29],"tags":[426,288,334],"class_list":["post-16168","post","type-post","status-publish","format-standard","has-post-thumbnail","hentry","category-general","category-portada","tag-alumnat-pfi","tag-noticies","tag-pfi"],"post_mailing_queue_ids":[],"_links":{"self":[{"href":"https:\/\/projectes.xtec.cat\/pfi\/wp-json\/wp\/v2\/posts\/16168","targetHints":{"allow":["GET"]}}],"collection":[{"href":"https:\/\/projectes.xtec.cat\/pfi\/wp-json\/wp\/v2\/posts"}],"about":[{"href":"https:\/\/projectes.xtec.cat\/pfi\/wp-json\/wp\/v2\/types\/post"}],"author":[{"embeddable":true,"href":"https:\/\/projectes.xtec.cat\/pfi\/wp-json\/wp\/v2\/users\/260"}],"replies":[{"embeddable":true,"href":"https:\/\/projectes.xtec.cat\/pfi\/wp-json\/wp\/v2\/comments?post=16168"}],"version-history":[{"count":3,"href":"https:\/\/projectes.xtec.cat\/pfi\/wp-json\/wp\/v2\/posts\/16168\/revisions"}],"predecessor-version":[{"id":16196,"href":"https:\/\/projectes.xtec.cat\/pfi\/wp-json\/wp\/v2\/posts\/16168\/revisions\/16196"}],"wp:featuredmedia":[{"embeddable":true,"href":"https:\/\/projectes.xtec.cat\/pfi\/wp-json\/wp\/v2\/media\/16170"}],"wp:attachment":[{"href":"https:\/\/projectes.xtec.cat\/pfi\/wp-json\/wp\/v2\/media?parent=16168"}],"wp:term":[{"taxonomy":"category","embeddable":true,"href":"https:\/\/projectes.xtec.cat\/pfi\/wp-json\/wp\/v2\/categories?post=16168"},{"taxonomy":"post_tag","embeddable":true,"href":"https:\/\/projectes.xtec.cat\/pfi\/wp-json\/wp\/v2\/tags?post=16168"}],"curies":[{"name":"wp","href":"https:\/\/api.w.org\/{rel}","templated":true}]}}