{"id":16258,"date":"2023-02-20T11:43:31","date_gmt":"2023-02-20T10:43:31","guid":{"rendered":"https:\/\/projectes.xtec.cat\/pfi\/?p=16258"},"modified":"2023-02-20T11:44:21","modified_gmt":"2023-02-20T10:44:21","slug":"participacio-dels-alumnes-del-pfi-ptt-tortosa-2-al-colloqui-en-la-diagnosi-de-les-necessitats-de-salut","status":"publish","type":"post","link":"https:\/\/projectes.xtec.cat\/pfi\/general\/participacio-dels-alumnes-del-pfi-ptt-tortosa-2-al-colloqui-en-la-diagnosi-de-les-necessitats-de-salut\/","title":{"rendered":"Participaci\u00f3 dels alumnes del PFI PTT Tortosa 2 al col\u2022loqui en la diagnosi de les necessitats de salut"},"content":{"rendered":"<p>Els alumnes del PFI-PTT de Fabricaci\u00f3 Mec\u00e0nica de l&#8217;Institut de l&#8217;Ebre, Tortosa han \u00a0col\u00b7laborat el dia 16 de febrer mitjan\u00e7ant una sessi\u00f3 col\u00b7loqui en la diagnosi de les necessitats de salut dels i les adolescents.<\/p>\n<p>Aquesta activitat est\u00e0 dinamitzada per l&#8217;Espai T\u00e8cnic de Salut del Proc\u00e9s Comunitari de Tortosa. L\u2019Espai t\u00e8cnic de salut del Proc\u00e9s Comunitari de Tortosa, juntament amb el Programa Aprenentatge en Servei de la Universitat Rovira i Virgili, realitza una diagnosi de les necessitats de salut dels adolescents.<\/p>\n<p>Aquesta diagnosi inclou sessions col\u00b7loqui amb adolescents, de diversos instituts i recursos socioeducatius, i professionals del territori ebrenc.<\/p>\n<p><span style=\"font-family: inherit; font-size: 1em;\">Les dades extretes de les sessions son an\u00f2nimes i tenen com objectiu elaborar un pla de millora de la seva salut tenint en compte les seves percepcions,\u00a0 <\/span><a style=\"font-family: inherit; font-size: 1em;\" href=\"https:\/\/projectes.xtec.cat\/pfi\/wp-content\/uploads\/usu1781\/2023\/02\/image-X-BLOG.png\"><img loading=\"lazy\" decoding=\"async\" class=\"wp-image-16259 aligncenter\" src=\"https:\/\/projectes.xtec.cat\/pfi\/wp-content\/uploads\/usu1781\/2023\/02\/image-X-BLOG.png\" alt=\"\" width=\"540\" height=\"361\" srcset=\"https:\/\/projectes.xtec.cat\/pfi\/wp-content\/uploads\/usu1781\/2023\/02\/image-X-BLOG.png 352w, https:\/\/projectes.xtec.cat\/pfi\/wp-content\/uploads\/usu1781\/2023\/02\/image-X-BLOG-300x200.png 300w\" sizes=\"auto, (max-width: 540px) 100vw, 540px\" \/><\/a><\/p>\n<p>#pfiCAT #ImpulsFP #SomFP<\/p>\n","protected":false},"excerpt":{"rendered":"<p>Els alumnes del PFI-PTT de Fabricaci\u00f3 Mec\u00e0nica de l&#8217;Institut de l&#8217;Ebre, Tortosa han \u00a0col\u00b7laborat el dia 16 de febrer mitjan\u00e7ant una sessi\u00f3 col\u00b7loqui en la diagnosi de les necessitats de salut dels i les adolescents.<br \/>\nAquesta activitat est\u00e0 dinamitzada per l&#8217;Espai T\u00e8cnic de Salut del Proc\u00e9s&hellip;  <a href=\"https:\/\/projectes.xtec.cat\/pfi\/general\/participacio-dels-alumnes-del-pfi-ptt-tortosa-2-al-colloqui-en-la-diagnosi-de-les-necessitats-de-salut\/\" title=\"Read Participaci\u00f3 dels alumnes del PFI PTT Tortosa 2 al col\u2022loqui en la diagnosi de les necessitats de salut\">Llegeix m\u00e9s\u00bb<\/a><\/p>\n","protected":false},"author":276,"featured_media":16259,"comment_status":"open","ping_status":"closed","sticky":false,"template":"","format":"standard","meta":{"_bbp_topic_count":0,"_bbp_reply_count":0,"_bbp_total_topic_count":0,"_bbp_total_reply_count":0,"_bbp_voice_count":0,"_bbp_anonymous_reply_count":0,"_bbp_topic_count_hidden":0,"_bbp_reply_count_hidden":0,"_bbp_forum_subforum_count":0,"footnotes":""},"categories":[1,29],"tags":[],"class_list":["post-16258","post","type-post","status-publish","format-standard","has-post-thumbnail","hentry","category-general","category-portada"],"post_mailing_queue_ids":[],"_links":{"self":[{"href":"https:\/\/projectes.xtec.cat\/pfi\/wp-json\/wp\/v2\/posts\/16258","targetHints":{"allow":["GET"]}}],"collection":[{"href":"https:\/\/projectes.xtec.cat\/pfi\/wp-json\/wp\/v2\/posts"}],"about":[{"href":"https:\/\/projectes.xtec.cat\/pfi\/wp-json\/wp\/v2\/types\/post"}],"author":[{"embeddable":true,"href":"https:\/\/projectes.xtec.cat\/pfi\/wp-json\/wp\/v2\/users\/276"}],"replies":[{"embeddable":true,"href":"https:\/\/projectes.xtec.cat\/pfi\/wp-json\/wp\/v2\/comments?post=16258"}],"version-history":[{"count":3,"href":"https:\/\/projectes.xtec.cat\/pfi\/wp-json\/wp\/v2\/posts\/16258\/revisions"}],"predecessor-version":[{"id":16265,"href":"https:\/\/projectes.xtec.cat\/pfi\/wp-json\/wp\/v2\/posts\/16258\/revisions\/16265"}],"wp:featuredmedia":[{"embeddable":true,"href":"https:\/\/projectes.xtec.cat\/pfi\/wp-json\/wp\/v2\/media\/16259"}],"wp:attachment":[{"href":"https:\/\/projectes.xtec.cat\/pfi\/wp-json\/wp\/v2\/media?parent=16258"}],"wp:term":[{"taxonomy":"category","embeddable":true,"href":"https:\/\/projectes.xtec.cat\/pfi\/wp-json\/wp\/v2\/categories?post=16258"},{"taxonomy":"post_tag","embeddable":true,"href":"https:\/\/projectes.xtec.cat\/pfi\/wp-json\/wp\/v2\/tags?post=16258"}],"curies":[{"name":"wp","href":"https:\/\/api.w.org\/{rel}","templated":true}]}}