{"id":16266,"date":"2023-02-22T09:23:44","date_gmt":"2023-02-22T08:23:44","guid":{"rendered":"https:\/\/projectes.xtec.cat\/pfi\/?p=16266"},"modified":"2023-02-22T09:49:02","modified_gmt":"2023-02-22T08:49:02","slug":"els-valors-de-lesport-als-pfi-finalitza-a-la-catalunya-central","status":"publish","type":"post","link":"https:\/\/projectes.xtec.cat\/pfi\/general\/els-valors-de-lesport-als-pfi-finalitza-a-la-catalunya-central\/","title":{"rendered":"&#8220;Els Valors de l&#8217;esport als PFI&#8221;, finalitza a la Catalunya Central"},"content":{"rendered":"<p><span style=\"font-weight: 400;\">FINAL I JORNADA ESPORTIVA DE L\u2019ALUMNAT PFI\u00a0 A LA CATALUNYA CENTRAL CURS 22-23<a href=\"https:\/\/projectes.xtec.cat\/pfi\/wp-content\/uploads\/usu1781\/2023\/02\/logo-projecte-esport.jpg\"><img loading=\"lazy\" decoding=\"async\" class=\"wp-image-16268 alignleft\" src=\"https:\/\/projectes.xtec.cat\/pfi\/wp-content\/uploads\/usu1781\/2023\/02\/logo-projecte-esport-1002x1024.jpg\" alt=\"\" width=\"118\" height=\"121\" srcset=\"https:\/\/projectes.xtec.cat\/pfi\/wp-content\/uploads\/usu1781\/2023\/02\/logo-projecte-esport-1002x1024.jpg 1002w, https:\/\/projectes.xtec.cat\/pfi\/wp-content\/uploads\/usu1781\/2023\/02\/logo-projecte-esport-293x300.jpg 293w, https:\/\/projectes.xtec.cat\/pfi\/wp-content\/uploads\/usu1781\/2023\/02\/logo-projecte-esport-768x785.jpg 768w, https:\/\/projectes.xtec.cat\/pfi\/wp-content\/uploads\/usu1781\/2023\/02\/logo-projecte-esport-1502x1536.jpg 1502w, https:\/\/projectes.xtec.cat\/pfi\/wp-content\/uploads\/usu1781\/2023\/02\/logo-projecte-esport.jpg 1565w\" sizes=\"auto, (max-width: 118px) 100vw, 118px\" \/><\/a><\/span><\/p>\n<p><span style=\"font-weight: 400;\">L\u2019alumnat i el professorat dels PFI de Berga, Puig-reig, Sallent, Moi\u00e0 i Sant Vicen\u00e7 de Castellet han participat a la segona jornada del projecte \u201cEls valors en l\u2019esport\u201d, realitzada al Pavell\u00f3 Municipal de Puig-reig. En total 63 alumnes i 8 docents.<\/span><\/p>\n<p><span style=\"font-weight: 400;\">L\u2019activitat per equips formats per l\u2019alumnat de les diferents poblacions i diferents perfils professionals, s\u2019ha iniciat amb el repartiment de les samarretes impreses\u00a0<\/span><\/p>\n<p><span style=\"font-weight: 400;\">amb el logo del projecte. Amb la col\u00b7laboraci\u00f3 de dues monitores de l\u2019Associaci\u00f3 de Discapacitat Visual de Catalunya (ADVC), han pogut practicar el Goalball, esport adaptat per a persones cegues que es caracteritza per jugar dos equips amb una pilota gran i sonora. Tamb\u00e9 han fet una cursa d&#8217;orientaci\u00f3 pels voltants de les instal\u00b7lacions monitoritzada pel Club d\u2019Orientaci\u00f3 del Bergued\u00e0 (COB) i jocs cooperatius a partir del voleibol.<\/span><\/p>\n<p><span style=\"font-weight: 400;\">Per finalitzar s\u2019ha fet l\u2019acte de cloenda amb el lliurament de medalles representatives de 4 valors treballats: l\u2019esfor\u00e7, la diversi\u00f3, la cooperaci\u00f3 i el respecte, impreses en 3D pels alumnes del PFI de la fam\u00edlia d\u2019Inform\u00e0tica i comunicacions i d\u2019unes plaques commemoratives del projecte, tamb\u00e9 impreses en 3D que s\u2019han lliurat a les autoritats presents.\u00a0 Amb la col\u00b7laboraci\u00f3 de l\u2019alumnat del CFGM d\u2019Elaboracions aliment\u00e0ries de l\u2019institut Puig-reig, s\u2019ha gaudit d\u2019un esmorzar saludable i d\u2019un un aperitiu de comiat de productes del Bergued\u00e0. Tot bon\u00edssim!<\/span><\/p>\n<p><span style=\"font-weight: 400;\">Aquest projecte potencia la interacci\u00f3 entre alumnat de diferents perfils professionals i de diferents poblacions properes a trav\u00e9s de l\u2019esport, una eina que serveix al professorat docent per treballar molts aspectes de la vida. Una primera edici\u00f3 molt ben valorada i que ha tingut una molt bona acollida i participaci\u00f3 per part de l\u2019alumnat i totes les persones implicades.\u00a0<\/span><\/p>\n<p><span style=\"font-weight: 400;\">Agrair la pres\u00e8ncia de l\u2019Alcalde de Puig-reig, el Sr. Josep M Altarriba, del Regidor d\u2019Educaci\u00f3 de l\u2019Ajuntament de Berga, Sr. Eloi Esc\u00fatia, de la directora de l\u2019Institut Puig-reig, Sra. Anna G\u00f3mez i del director de l\u2019Institut Guillem de Bergued\u00e0 de Berga, Sr. Ferran Camprub\u00ed, aix\u00ed com la col\u00b7laboraci\u00f3 dels municipis de Puig-reig i de Sallent per la cessi\u00f3 dels espais municipals on hem pogut desplegar el projecte al llarg de les dues trobades amb tots els participants.<\/span><\/p>\n<p><span style=\"font-weight: 400;\">El curs vinent, repetirem!<\/span><\/p>\n<p><a href=\"https:\/\/drive.google.com\/drive\/folders\/16S_T2FrWFGDpkZywF-b1hyhlpXBNexrR\"><span style=\"font-weight: 400;\">Imatges de la jornada.<\/span><\/a><\/p>\n<p>#pfiCAT #ImpulsFP #SomFP<\/p>\n","protected":false},"excerpt":{"rendered":"<p>FINAL I JORNADA ESPORTIVA DE L\u2019ALUMNAT PFI\u00a0 A LA CATALUNYA CENTRAL CURS 22-23<a href=\"https:\/\/projectes.xtec.cat\/pfi\/wp-content\/uploads\/usu1781\/2023\/02\/logo-projecte-esport.jpg\"><\/a><br \/>\nL\u2019alumnat i el professorat dels PFI de Berga, Puig-reig, Sallent, Moi\u00e0 i Sant Vicen\u00e7 de Castellet han participat a la segona jornada del projecte \u201cEls valors en l\u2019esport\u201d, realitzada al Pavell\u00f3 Municipal&hellip;  <a href=\"https:\/\/projectes.xtec.cat\/pfi\/general\/els-valors-de-lesport-als-pfi-finalitza-a-la-catalunya-central\/\" title=\"Read &#8220;Els Valors de l&#8217;esport als PFI&#8221;, finalitza a la Catalunya Central\">Llegeix m\u00e9s\u00bb<\/a><\/p>\n","protected":false},"author":73,"featured_media":16268,"comment_status":"open","ping_status":"closed","sticky":false,"template":"","format":"standard","meta":{"_bbp_topic_count":0,"_bbp_reply_count":0,"_bbp_total_topic_count":0,"_bbp_total_reply_count":0,"_bbp_voice_count":0,"_bbp_anonymous_reply_count":0,"_bbp_topic_count_hidden":0,"_bbp_reply_count_hidden":0,"_bbp_forum_subforum_count":0,"footnotes":""},"categories":[1,29,568],"tags":[584,364,589],"class_list":["post-16266","post","type-post","status-publish","format-standard","has-post-thumbnail","hentry","category-general","category-portada","category-projecte-esports","tag-projecte-esports","tag-projectes","tag-valors-en-lesport"],"post_mailing_queue_ids":[],"_links":{"self":[{"href":"https:\/\/projectes.xtec.cat\/pfi\/wp-json\/wp\/v2\/posts\/16266","targetHints":{"allow":["GET"]}}],"collection":[{"href":"https:\/\/projectes.xtec.cat\/pfi\/wp-json\/wp\/v2\/posts"}],"about":[{"href":"https:\/\/projectes.xtec.cat\/pfi\/wp-json\/wp\/v2\/types\/post"}],"author":[{"embeddable":true,"href":"https:\/\/projectes.xtec.cat\/pfi\/wp-json\/wp\/v2\/users\/73"}],"replies":[{"embeddable":true,"href":"https:\/\/projectes.xtec.cat\/pfi\/wp-json\/wp\/v2\/comments?post=16266"}],"version-history":[{"count":3,"href":"https:\/\/projectes.xtec.cat\/pfi\/wp-json\/wp\/v2\/posts\/16266\/revisions"}],"predecessor-version":[{"id":16282,"href":"https:\/\/projectes.xtec.cat\/pfi\/wp-json\/wp\/v2\/posts\/16266\/revisions\/16282"}],"wp:featuredmedia":[{"embeddable":true,"href":"https:\/\/projectes.xtec.cat\/pfi\/wp-json\/wp\/v2\/media\/16268"}],"wp:attachment":[{"href":"https:\/\/projectes.xtec.cat\/pfi\/wp-json\/wp\/v2\/media?parent=16266"}],"wp:term":[{"taxonomy":"category","embeddable":true,"href":"https:\/\/projectes.xtec.cat\/pfi\/wp-json\/wp\/v2\/categories?post=16266"},{"taxonomy":"post_tag","embeddable":true,"href":"https:\/\/projectes.xtec.cat\/pfi\/wp-json\/wp\/v2\/tags?post=16266"}],"curies":[{"name":"wp","href":"https:\/\/api.w.org\/{rel}","templated":true}]}}