{"id":16343,"date":"2023-03-06T11:13:27","date_gmt":"2023-03-06T10:13:27","guid":{"rendered":"https:\/\/projectes.xtec.cat\/pfi\/?p=16343"},"modified":"2023-03-03T11:15:05","modified_gmt":"2023-03-03T10:15:05","slug":"tu-cara-me-suena-i-el-pfi-de-linstitut-enric-borras","status":"publish","type":"post","link":"https:\/\/projectes.xtec.cat\/pfi\/general\/tu-cara-me-suena-i-el-pfi-de-linstitut-enric-borras\/","title":{"rendered":"\u00a1Tu cara me suena!&#8217; i el PFI de l&#8217;institut Enric Borr\u00e0s"},"content":{"rendered":"<p>El passat dimarts dia 28 de Febrer de 2023, el PFI d&#8217;Imatge Personal de l&#8217;Institut Enric Borr\u00e0s de Badalona vam tenir la sort de poder assistir com a p\u00fablic a la final de la temporada 10 del conegut programa de televisi\u00f3 &#8216;Tu cara me suena&#8217;.<\/p>\n<p>Una experi\u00e8ncia molt enriquidora, en la que vam poder veure de manera aplicada els coneixements dels m\u00f2duls professionals del nostre perfil d&#8217;Imatge Personal:<\/p>\n<ul>\n<li>Preparaci\u00f3 de l&#8217;entorn<\/li>\n<li>Canvis de forma<\/li>\n<li>Canvis de color<\/li>\n<li>Atenci\u00f3 al client<\/li>\n<\/ul>\n<p>Gr\u00e0cies a aquesta experi\u00e8ncia l&#8217;alumnat a pogut observar en primera persona, una de les sortides professionals dintre del m\u00f3n de la caracteritzaci\u00f3.<a href=\"https:\/\/projectes.xtec.cat\/pfi\/wp-content\/uploads\/usu1781\/2023\/03\/6821e677-5034-4fac-a862-cbc67cbef99d.jpg\"><img loading=\"lazy\" decoding=\"async\" class=\"alignnone size-large wp-image-16346\" src=\"https:\/\/projectes.xtec.cat\/pfi\/wp-content\/uploads\/usu1781\/2023\/03\/6821e677-5034-4fac-a862-cbc67cbef99d-1024x768.jpg\" alt=\"\" width=\"1024\" height=\"768\" srcset=\"https:\/\/projectes.xtec.cat\/pfi\/wp-content\/uploads\/usu1781\/2023\/03\/6821e677-5034-4fac-a862-cbc67cbef99d-1024x768.jpg 1024w, https:\/\/projectes.xtec.cat\/pfi\/wp-content\/uploads\/usu1781\/2023\/03\/6821e677-5034-4fac-a862-cbc67cbef99d-300x225.jpg 300w, https:\/\/projectes.xtec.cat\/pfi\/wp-content\/uploads\/usu1781\/2023\/03\/6821e677-5034-4fac-a862-cbc67cbef99d-768x576.jpg 768w, https:\/\/projectes.xtec.cat\/pfi\/wp-content\/uploads\/usu1781\/2023\/03\/6821e677-5034-4fac-a862-cbc67cbef99d-1536x1152.jpg 1536w, https:\/\/projectes.xtec.cat\/pfi\/wp-content\/uploads\/usu1781\/2023\/03\/6821e677-5034-4fac-a862-cbc67cbef99d-200x150.jpg 200w, https:\/\/projectes.xtec.cat\/pfi\/wp-content\/uploads\/usu1781\/2023\/03\/6821e677-5034-4fac-a862-cbc67cbef99d.jpg 2000w\" sizes=\"auto, (max-width: 1024px) 100vw, 1024px\" \/><\/a> <a href=\"https:\/\/projectes.xtec.cat\/pfi\/wp-content\/uploads\/usu1781\/2023\/03\/IMG_1977-1-scaled.jpg\"><img loading=\"lazy\" decoding=\"async\" class=\"alignnone size-large wp-image-16348\" src=\"https:\/\/projectes.xtec.cat\/pfi\/wp-content\/uploads\/usu1781\/2023\/03\/IMG_1977-1-1024x768.jpg\" alt=\"\" width=\"1024\" height=\"768\" srcset=\"https:\/\/projectes.xtec.cat\/pfi\/wp-content\/uploads\/usu1781\/2023\/03\/IMG_1977-1-1024x768.jpg 1024w, https:\/\/projectes.xtec.cat\/pfi\/wp-content\/uploads\/usu1781\/2023\/03\/IMG_1977-1-300x225.jpg 300w, https:\/\/projectes.xtec.cat\/pfi\/wp-content\/uploads\/usu1781\/2023\/03\/IMG_1977-1-768x576.jpg 768w, https:\/\/projectes.xtec.cat\/pfi\/wp-content\/uploads\/usu1781\/2023\/03\/IMG_1977-1-1536x1152.jpg 1536w, https:\/\/projectes.xtec.cat\/pfi\/wp-content\/uploads\/usu1781\/2023\/03\/IMG_1977-1-2048x1536.jpg 2048w, https:\/\/projectes.xtec.cat\/pfi\/wp-content\/uploads\/usu1781\/2023\/03\/IMG_1977-1-200x150.jpg 200w\" sizes=\"auto, (max-width: 1024px) 100vw, 1024px\" \/><\/a><\/p>\n<p>Moltes gr\u00e0cies a tot l&#8217;equip del programa per deixar-nos formar part d&#8217;aquesta aventura!<\/p>\n<p>#pfiCAT #ImpulsFP #SomFP<\/p>\n","protected":false},"excerpt":{"rendered":"<p>El passat dimarts dia 28 de Febrer de 2023, el PFI d&#8217;Imatge Personal de l&#8217;Institut Enric Borr\u00e0s de Badalona vam tenir la sort de poder assistir com a p\u00fablic a la final de la temporada 10 del conegut programa de televisi\u00f3 &#8216;Tu cara me suena&#8217;.<br \/>\nUna&hellip;  <a href=\"https:\/\/projectes.xtec.cat\/pfi\/general\/tu-cara-me-suena-i-el-pfi-de-linstitut-enric-borras\/\" title=\"Read \u00a1Tu cara me suena!&#8217; i el PFI de l&#8217;institut Enric Borr\u00e0s\">Llegeix m\u00e9s\u00bb<\/a><\/p>\n","protected":false},"author":280,"featured_media":16348,"comment_status":"open","ping_status":"closed","sticky":false,"template":"","format":"standard","meta":{"_bbp_topic_count":0,"_bbp_reply_count":0,"_bbp_total_topic_count":0,"_bbp_total_reply_count":0,"_bbp_voice_count":0,"_bbp_anonymous_reply_count":0,"_bbp_topic_count_hidden":0,"_bbp_reply_count_hidden":0,"_bbp_forum_subforum_count":0,"footnotes":""},"categories":[1,29],"tags":[],"class_list":["post-16343","post","type-post","status-publish","format-standard","has-post-thumbnail","hentry","category-general","category-portada"],"post_mailing_queue_ids":[],"_links":{"self":[{"href":"https:\/\/projectes.xtec.cat\/pfi\/wp-json\/wp\/v2\/posts\/16343","targetHints":{"allow":["GET"]}}],"collection":[{"href":"https:\/\/projectes.xtec.cat\/pfi\/wp-json\/wp\/v2\/posts"}],"about":[{"href":"https:\/\/projectes.xtec.cat\/pfi\/wp-json\/wp\/v2\/types\/post"}],"author":[{"embeddable":true,"href":"https:\/\/projectes.xtec.cat\/pfi\/wp-json\/wp\/v2\/users\/280"}],"replies":[{"embeddable":true,"href":"https:\/\/projectes.xtec.cat\/pfi\/wp-json\/wp\/v2\/comments?post=16343"}],"version-history":[{"count":2,"href":"https:\/\/projectes.xtec.cat\/pfi\/wp-json\/wp\/v2\/posts\/16343\/revisions"}],"predecessor-version":[{"id":16353,"href":"https:\/\/projectes.xtec.cat\/pfi\/wp-json\/wp\/v2\/posts\/16343\/revisions\/16353"}],"wp:featuredmedia":[{"embeddable":true,"href":"https:\/\/projectes.xtec.cat\/pfi\/wp-json\/wp\/v2\/media\/16348"}],"wp:attachment":[{"href":"https:\/\/projectes.xtec.cat\/pfi\/wp-json\/wp\/v2\/media?parent=16343"}],"wp:term":[{"taxonomy":"category","embeddable":true,"href":"https:\/\/projectes.xtec.cat\/pfi\/wp-json\/wp\/v2\/categories?post=16343"},{"taxonomy":"post_tag","embeddable":true,"href":"https:\/\/projectes.xtec.cat\/pfi\/wp-json\/wp\/v2\/tags?post=16343"}],"curies":[{"name":"wp","href":"https:\/\/api.w.org\/{rel}","templated":true}]}}