{"id":16474,"date":"2023-04-19T11:40:14","date_gmt":"2023-04-19T09:40:14","guid":{"rendered":"https:\/\/projectes.xtec.cat\/pfi\/?p=16474"},"modified":"2023-04-19T11:40:14","modified_gmt":"2023-04-19T09:40:14","slug":"el-pfi-de-lies-sales-fem-una-jornada-formativa-a-lhospital-de-bellvitge","status":"publish","type":"post","link":"https:\/\/projectes.xtec.cat\/pfi\/general\/el-pfi-de-lies-sales-fem-una-jornada-formativa-a-lhospital-de-bellvitge\/","title":{"rendered":"El PFI de l&#8217;IES Sales fem una Jornada Formativa a l&#8217;Hospital de Bellvitge"},"content":{"rendered":"<p dir=\"ltr\">Dimecres 12 d\u2019abril l\u2019alumnat del PFI d\u2019Auxiliars en centres sanitaris, vam visitar l&#8217;Hospital de Bellvitge per tal de rebre una formaci\u00f3 de la m\u00e0 de l\u2019equip de zeladors\/es del centre.\u00a0Ha estat una jornada formativa pr\u00e8via a les pr\u00e0ctiques molt interessant i profitosa, en la que hem apr\u00e8s molt sobre les funcions del zelador\/a en cadascuna de les \u00e0rees hospital\u00e0ries, i les peculiaritats de cadascuna d&#8217;elles.<\/p>\n<p dir=\"ltr\">A m\u00e9s hem pogut visitar els diferents espais de l\u2019Hospital (Urg\u00e8ncies, UCI, unitats d\u2019hospitalitzaci\u00f3, heli aeroport, etc.) i fins i tot hem pogut practicar.<\/p>\n<p dir=\"ltr\">Hem gaudit i apr\u00e8s molt!! Moltes gr\u00e0cies a l&#8217;equip de Zeladors\/es i doc\u00e8ncia de l\u2019Hospital de Bellvitge per la bona acollida i la formaci\u00f3 rebuda!!!<\/p>\n<p dir=\"ltr\">#pfiCAT #ImpulsFP #SomFP<\/p>\n<p>&nbsp;<\/p>\n","protected":false},"excerpt":{"rendered":"<p>Dimecres 12 d\u2019abril l\u2019alumnat del PFI d\u2019Auxiliars en centres sanitaris, vam visitar l&#8217;Hospital de Bellvitge per tal de rebre una formaci\u00f3 de la m\u00e0 de l\u2019equip de zeladors\/es del centre. &hellip;  <a href=\"https:\/\/projectes.xtec.cat\/pfi\/general\/el-pfi-de-lies-sales-fem-una-jornada-formativa-a-lhospital-de-bellvitge\/\" title=\"Read El PFI de l&#8217;IES Sales fem una Jornada Formativa a l&#8217;Hospital de Bellvitge\">Llegeix m\u00e9s\u00bb<\/a><\/p>\n","protected":false},"author":286,"featured_media":0,"comment_status":"open","ping_status":"closed","sticky":false,"template":"","format":"standard","meta":{"_bbp_topic_count":0,"_bbp_reply_count":0,"_bbp_total_topic_count":0,"_bbp_total_reply_count":0,"_bbp_voice_count":0,"_bbp_anonymous_reply_count":0,"_bbp_topic_count_hidden":0,"_bbp_reply_count_hidden":0,"_bbp_forum_subforum_count":0,"footnotes":""},"categories":[1,29],"tags":[],"class_list":["post-16474","post","type-post","status-publish","format-standard","hentry","category-general","category-portada"],"post_mailing_queue_ids":[],"_links":{"self":[{"href":"https:\/\/projectes.xtec.cat\/pfi\/wp-json\/wp\/v2\/posts\/16474","targetHints":{"allow":["GET"]}}],"collection":[{"href":"https:\/\/projectes.xtec.cat\/pfi\/wp-json\/wp\/v2\/posts"}],"about":[{"href":"https:\/\/projectes.xtec.cat\/pfi\/wp-json\/wp\/v2\/types\/post"}],"author":[{"embeddable":true,"href":"https:\/\/projectes.xtec.cat\/pfi\/wp-json\/wp\/v2\/users\/286"}],"replies":[{"embeddable":true,"href":"https:\/\/projectes.xtec.cat\/pfi\/wp-json\/wp\/v2\/comments?post=16474"}],"version-history":[{"count":3,"href":"https:\/\/projectes.xtec.cat\/pfi\/wp-json\/wp\/v2\/posts\/16474\/revisions"}],"predecessor-version":[{"id":16560,"href":"https:\/\/projectes.xtec.cat\/pfi\/wp-json\/wp\/v2\/posts\/16474\/revisions\/16560"}],"wp:attachment":[{"href":"https:\/\/projectes.xtec.cat\/pfi\/wp-json\/wp\/v2\/media?parent=16474"}],"wp:term":[{"taxonomy":"category","embeddable":true,"href":"https:\/\/projectes.xtec.cat\/pfi\/wp-json\/wp\/v2\/categories?post=16474"},{"taxonomy":"post_tag","embeddable":true,"href":"https:\/\/projectes.xtec.cat\/pfi\/wp-json\/wp\/v2\/tags?post=16474"}],"curies":[{"name":"wp","href":"https:\/\/api.w.org\/{rel}","templated":true}]}}