{"id":16815,"date":"2023-05-03T10:24:23","date_gmt":"2023-05-03T08:24:23","guid":{"rendered":"https:\/\/projectes.xtec.cat\/pfi\/?p=16815"},"modified":"2023-05-03T10:26:06","modified_gmt":"2023-05-03T08:26:06","slug":"taller-qcampus-desigualtat-de-genere-en-locupacio","status":"publish","type":"post","link":"https:\/\/projectes.xtec.cat\/pfi\/general\/taller-qcampus-desigualtat-de-genere-en-locupacio\/","title":{"rendered":"Taller Qcampus: Desigualtat de g\u00e8nere en l&#8217;ocupaci\u00f3"},"content":{"rendered":"<p>Us avancem que el proper dia 3 de juliol es realitzar\u00e0 el taller Qcampus <strong>Desigualtat de g\u00e8nere en l&#8217;ocupaci\u00f3. <\/strong>Ser\u00e0 en connexi\u00f3 telem\u00e0tica i en directe des de les 9.00 a les 14.00h.<\/p>\n<p>Els objectius del taller s\u00f3n con\u00e8ixer la base estructural de les desigualtats de g\u00e8nere i aprendre a identificar-les en l&#8217;\u00e0mbit de l&#8217;ocupaci\u00f3 i els treballs.<\/p>\n<p>En breu obrirem les inscripcions!<\/p>\n<p>#pfiCAT #ImpulsFP #SomFP<\/p>\n","protected":false},"excerpt":{"rendered":"<p>Us avancem que el proper dia 3 de juliol es realitzar\u00e0 el taller Qcampus Desigualtat de g\u00e8nere en l&#8217;ocupaci\u00f3. Ser\u00e0 en connexi\u00f3 telem\u00e0tica i en directe des de les 9.00 a les 14.00h.<br \/>\nEls objectius del taller s\u00f3n con\u00e8ixer la base estructural de les desigualtats de&hellip;  <a href=\"https:\/\/projectes.xtec.cat\/pfi\/general\/taller-qcampus-desigualtat-de-genere-en-locupacio\/\" title=\"Read Taller Qcampus: Desigualtat de g\u00e8nere en l&#8217;ocupaci\u00f3\">Llegeix m\u00e9s\u00bb<\/a><\/p>\n","protected":false},"author":1,"featured_media":16836,"comment_status":"open","ping_status":"closed","sticky":false,"template":"","format":"standard","meta":{"_bbp_topic_count":0,"_bbp_reply_count":0,"_bbp_total_topic_count":0,"_bbp_total_reply_count":0,"_bbp_voice_count":0,"_bbp_anonymous_reply_count":0,"_bbp_topic_count_hidden":0,"_bbp_reply_count_hidden":0,"_bbp_forum_subforum_count":0,"footnotes":""},"categories":[380,1,29],"tags":[],"class_list":["post-16815","post","type-post","status-publish","format-standard","has-post-thumbnail","hentry","category-coed-i-igualtat","category-general","category-portada"],"post_mailing_queue_ids":[],"_links":{"self":[{"href":"https:\/\/projectes.xtec.cat\/pfi\/wp-json\/wp\/v2\/posts\/16815","targetHints":{"allow":["GET"]}}],"collection":[{"href":"https:\/\/projectes.xtec.cat\/pfi\/wp-json\/wp\/v2\/posts"}],"about":[{"href":"https:\/\/projectes.xtec.cat\/pfi\/wp-json\/wp\/v2\/types\/post"}],"author":[{"embeddable":true,"href":"https:\/\/projectes.xtec.cat\/pfi\/wp-json\/wp\/v2\/users\/1"}],"replies":[{"embeddable":true,"href":"https:\/\/projectes.xtec.cat\/pfi\/wp-json\/wp\/v2\/comments?post=16815"}],"version-history":[{"count":3,"href":"https:\/\/projectes.xtec.cat\/pfi\/wp-json\/wp\/v2\/posts\/16815\/revisions"}],"predecessor-version":[{"id":16839,"href":"https:\/\/projectes.xtec.cat\/pfi\/wp-json\/wp\/v2\/posts\/16815\/revisions\/16839"}],"wp:featuredmedia":[{"embeddable":true,"href":"https:\/\/projectes.xtec.cat\/pfi\/wp-json\/wp\/v2\/media\/16836"}],"wp:attachment":[{"href":"https:\/\/projectes.xtec.cat\/pfi\/wp-json\/wp\/v2\/media?parent=16815"}],"wp:term":[{"taxonomy":"category","embeddable":true,"href":"https:\/\/projectes.xtec.cat\/pfi\/wp-json\/wp\/v2\/categories?post=16815"},{"taxonomy":"post_tag","embeddable":true,"href":"https:\/\/projectes.xtec.cat\/pfi\/wp-json\/wp\/v2\/tags?post=16815"}],"curies":[{"name":"wp","href":"https:\/\/api.w.org\/{rel}","templated":true}]}}