{"id":17027,"date":"2023-05-25T13:27:05","date_gmt":"2023-05-25T11:27:05","guid":{"rendered":"https:\/\/projectes.xtec.cat\/pfi\/?p=17027"},"modified":"2023-05-26T08:36:36","modified_gmt":"2023-05-26T06:36:36","slug":"el-ptt-amposta-als-premis-impulsfp","status":"publish","type":"post","link":"https:\/\/projectes.xtec.cat\/pfi\/general\/el-ptt-amposta-als-premis-impulsfp\/","title":{"rendered":"El PTT Amposta als Premis ImpulsFP"},"content":{"rendered":"<p>L&#8217;alumnat del curs de vendes, oficina i atenci\u00f3 al p\u00fablic del PFI PTT d&#8217;Amposta, ha obtingut el primer premi en la categoria PFI dels premis ImpulsFP que es van entregar el passat dia 22 de maig a l&#8217;institut Dertosa. El projecte emprenedor del PTT\u00a0 es centra en un espai comercial de roba i complements de segona m\u00e0. Va sorgir per la necessitat de fer un comer\u00e7 m\u00e9s sostenible i fer un aprofitament dels recursos. Al\u00a0 comer\u00e7 l&#8217;alumnat gestiona roba i complements de segona m\u00e0 , aportats per persones de la comunitat educativa .<\/p>\n<p>Aquests productes s\u00f3n valorats amb moneda simb\u00f2lica i despr\u00e9s , s\u00f3n proposats per la venda, i aix\u00ed els hi donem una segona oportunitat. Es treballa de forma cooperativa : posem a punt els productes, els gestionem mitjan\u00e7ant el programa inform\u00e0tic Dolibarr 16.0, etiquetem i reciclem tots els recursos que tenim per posar a punt l\u2019espai comercial i el nostre aparador , per tal de que tota la comunitat educativa vingui a veure els nostres productes i els puguin adquirir, mitjan\u00e7ant aquesta moneda simb\u00f2lica.<\/p>\n<p>Per dinamitzar aquest projecte de venda, s&#8217;obre al p\u00fablic tots els dimecres al mat\u00ed i l&#8217;alumnat realitza\u00a0 diverses campanyes de difusi\u00f3\u00a0 mitjan\u00e7ant cartelleria i posts en xarxes socials. El professorat del curs donem l&#8217;enhorabona a tot l&#8217;alumnat participant per la feina ben feta i la implicaci\u00f3 que han demostrat.<\/p>\n<p>#pfiCAT #ImpulsFP #SomFP<\/p>\n<div><a href=\"https:\/\/projectes.xtec.cat\/pfi\/wp-content\/uploads\/usu1781\/2023\/05\/unnamed-scaled.jpg\"><img loading=\"lazy\" decoding=\"async\" class=\"alignnone size-large wp-image-17028\" src=\"https:\/\/projectes.xtec.cat\/pfi\/wp-content\/uploads\/usu1781\/2023\/05\/unnamed-768x1024.jpg\" alt=\"\" width=\"768\" height=\"1024\" srcset=\"https:\/\/projectes.xtec.cat\/pfi\/wp-content\/uploads\/usu1781\/2023\/05\/unnamed-768x1024.jpg 768w, https:\/\/projectes.xtec.cat\/pfi\/wp-content\/uploads\/usu1781\/2023\/05\/unnamed-225x300.jpg 225w, https:\/\/projectes.xtec.cat\/pfi\/wp-content\/uploads\/usu1781\/2023\/05\/unnamed-1152x1536.jpg 1152w, https:\/\/projectes.xtec.cat\/pfi\/wp-content\/uploads\/usu1781\/2023\/05\/unnamed-1536x2048.jpg 1536w, https:\/\/projectes.xtec.cat\/pfi\/wp-content\/uploads\/usu1781\/2023\/05\/unnamed-scaled.jpg 1920w\" sizes=\"auto, (max-width: 768px) 100vw, 768px\" \/><\/a><\/div>\n<p>&nbsp;<\/p>\n","protected":false},"excerpt":{"rendered":"<p>L&#8217;alumnat del curs de vendes, oficina i atenci\u00f3 al p\u00fablic del PFI PTT d&#8217;Amposta, ha obtingut el primer premi en la categoria PFI dels premis ImpulsFP que es van entregar el passat dia 22 de maig a l&#8217;institut Dertosa. El projecte emprenedor del PTT\u00a0 es&hellip;  <a href=\"https:\/\/projectes.xtec.cat\/pfi\/general\/el-ptt-amposta-als-premis-impulsfp\/\" title=\"Read El PTT Amposta als Premis ImpulsFP\">Llegeix m\u00e9s\u00bb<\/a><\/p>\n","protected":false},"author":134,"featured_media":17028,"comment_status":"open","ping_status":"closed","sticky":false,"template":"","format":"standard","meta":{"_bbp_topic_count":0,"_bbp_reply_count":0,"_bbp_total_topic_count":0,"_bbp_total_reply_count":0,"_bbp_voice_count":0,"_bbp_anonymous_reply_count":0,"_bbp_topic_count_hidden":0,"_bbp_reply_count_hidden":0,"_bbp_forum_subforum_count":0,"footnotes":""},"categories":[1,29],"tags":[294],"class_list":["post-17027","post","type-post","status-publish","format-standard","has-post-thumbnail","hentry","category-general","category-portada","tag-impulsfp"],"post_mailing_queue_ids":[],"_links":{"self":[{"href":"https:\/\/projectes.xtec.cat\/pfi\/wp-json\/wp\/v2\/posts\/17027","targetHints":{"allow":["GET"]}}],"collection":[{"href":"https:\/\/projectes.xtec.cat\/pfi\/wp-json\/wp\/v2\/posts"}],"about":[{"href":"https:\/\/projectes.xtec.cat\/pfi\/wp-json\/wp\/v2\/types\/post"}],"author":[{"embeddable":true,"href":"https:\/\/projectes.xtec.cat\/pfi\/wp-json\/wp\/v2\/users\/134"}],"replies":[{"embeddable":true,"href":"https:\/\/projectes.xtec.cat\/pfi\/wp-json\/wp\/v2\/comments?post=17027"}],"version-history":[{"count":3,"href":"https:\/\/projectes.xtec.cat\/pfi\/wp-json\/wp\/v2\/posts\/17027\/revisions"}],"predecessor-version":[{"id":17042,"href":"https:\/\/projectes.xtec.cat\/pfi\/wp-json\/wp\/v2\/posts\/17027\/revisions\/17042"}],"wp:featuredmedia":[{"embeddable":true,"href":"https:\/\/projectes.xtec.cat\/pfi\/wp-json\/wp\/v2\/media\/17028"}],"wp:attachment":[{"href":"https:\/\/projectes.xtec.cat\/pfi\/wp-json\/wp\/v2\/media?parent=17027"}],"wp:term":[{"taxonomy":"category","embeddable":true,"href":"https:\/\/projectes.xtec.cat\/pfi\/wp-json\/wp\/v2\/categories?post=17027"},{"taxonomy":"post_tag","embeddable":true,"href":"https:\/\/projectes.xtec.cat\/pfi\/wp-json\/wp\/v2\/tags?post=17027"}],"curies":[{"name":"wp","href":"https:\/\/api.w.org\/{rel}","templated":true}]}}