{"id":17256,"date":"2023-06-19T12:57:10","date_gmt":"2023-06-19T10:57:10","guid":{"rendered":"https:\/\/projectes.xtec.cat\/pfi\/?p=17256"},"modified":"2023-06-19T12:57:10","modified_gmt":"2023-06-19T10:57:10","slug":"festa-de-graduacio-institut-de-vic","status":"publish","type":"post","link":"https:\/\/projectes.xtec.cat\/pfi\/general\/festa-de-graduacio-institut-de-vic\/","title":{"rendered":"Festa de Graduaci\u00f3 Institut de Vic"},"content":{"rendered":"<p>&nbsp;<\/p>\n<p><a href=\"https:\/\/projectes.xtec.cat\/pfi\/wp-content\/uploads\/usu1781\/2023\/06\/824367c0-92a5-4930-995a-777745f1d7af.jpg\"><img loading=\"lazy\" decoding=\"async\" class=\"aligncenter wp-image-17264\" src=\"https:\/\/projectes.xtec.cat\/pfi\/wp-content\/uploads\/usu1781\/2023\/06\/824367c0-92a5-4930-995a-777745f1d7af-1024x768.jpg\" alt=\"\" width=\"495\" height=\"371\" srcset=\"https:\/\/projectes.xtec.cat\/pfi\/wp-content\/uploads\/usu1781\/2023\/06\/824367c0-92a5-4930-995a-777745f1d7af-1024x768.jpg 1024w, https:\/\/projectes.xtec.cat\/pfi\/wp-content\/uploads\/usu1781\/2023\/06\/824367c0-92a5-4930-995a-777745f1d7af-300x225.jpg 300w, https:\/\/projectes.xtec.cat\/pfi\/wp-content\/uploads\/usu1781\/2023\/06\/824367c0-92a5-4930-995a-777745f1d7af-768x576.jpg 768w, https:\/\/projectes.xtec.cat\/pfi\/wp-content\/uploads\/usu1781\/2023\/06\/824367c0-92a5-4930-995a-777745f1d7af-1536x1152.jpg 1536w, https:\/\/projectes.xtec.cat\/pfi\/wp-content\/uploads\/usu1781\/2023\/06\/824367c0-92a5-4930-995a-777745f1d7af-200x150.jpg 200w, https:\/\/projectes.xtec.cat\/pfi\/wp-content\/uploads\/usu1781\/2023\/06\/824367c0-92a5-4930-995a-777745f1d7af.jpg 2048w\" sizes=\"auto, (max-width: 495px) 100vw, 495px\" \/><\/a><\/p>\n<p>El dia 8 de juny es va celebrar la Festa de Graduaci\u00f3 del curs 2022-2023 a les instal\u00b7lacions de l\u2019Institut de Vic. Els alumnes del tots els perfils del PFI de Vic van participar en l\u2019ambientaci\u00f3 de la festa.<\/p>\n<p>Per una banda, es va dissenyar i realitzar el muntatge del photocall a c\u00e0rrec dels alumnes de comer\u00e7 i d\u2019electricitat, aigua i gas. \u00a0La decoraci\u00f3 de l\u2019escenari i de les taules, amb plantes i flors, va estar portada a terme pels alumnes de vivers i jardins. Per altra banda, vam poder comptar amb la participaci\u00f3 d\u2019un alumne d\u2019electricitat, aigua i gas que va gestionar l\u2019animaci\u00f3 musical durant tota la celebraci\u00f3 amb el seu equip propi de so.<\/p>\n<p>A m\u00e9s a m\u00e9s, els alumnes de perruqueria i est\u00e8tica van pentinar i maquillar alumnes i professors del mateix institut, amb la finalitat de realitzar una desfilada de pentinats.<\/p>\n<p>L\u2019equip directiu del centre, professorat, alumnat, familiars i acompanyants dels alumnes van valorar molt positivament l\u2019esdeveniment i totes les col\u00b7laboracions.<\/p>\n<p>#pfiCAT #ImpulsFP #SomFP<\/p>\n\n\t\t<style type=\"text\/css\">\n\t\t\t#gallery-1 {\n\t\t\t\tmargin: auto;\n\t\t\t}\n\t\t\t#gallery-1 .gallery-item {\n\t\t\t\tfloat: left;\n\t\t\t\tmargin-top: 10px;\n\t\t\t\ttext-align: center;\n\t\t\t\twidth: 33%;\n\t\t\t}\n\t\t\t#gallery-1 img {\n\t\t\t\tborder: 2px solid #cfcfcf;\n\t\t\t}\n\t\t\t#gallery-1 .gallery-caption {\n\t\t\t\tmargin-left: 0;\n\t\t\t}\n\t\t\t\/* see gallery_shortcode() in wp-includes\/media.php *\/\n\t\t<\/style>\n\t\t<div id='gallery-1' class='gallery galleryid-17256 gallery-columns-3 gallery-size-large'><dl class='gallery-item'>\n\t\t\t<dt class='gallery-icon landscape'>\n\t\t\t\t<a href='https:\/\/projectes.xtec.cat\/pfi\/general\/festa-de-graduacio-institut-de-vic\/attachment\/photocall-perruqueria-1\/'><img loading=\"lazy\" decoding=\"async\" width=\"1024\" height=\"783\" src=\"https:\/\/projectes.xtec.cat\/pfi\/wp-content\/uploads\/usu1781\/2023\/06\/PHOTOCALL-PERRUQUERIA-1-e1686916134957-1024x783.jpg\" class=\"attachment-large size-large\" alt=\"\" aria-describedby=\"gallery-1-17260\" srcset=\"https:\/\/projectes.xtec.cat\/pfi\/wp-content\/uploads\/usu1781\/2023\/06\/PHOTOCALL-PERRUQUERIA-1-e1686916134957-1024x783.jpg 1024w, https:\/\/projectes.xtec.cat\/pfi\/wp-content\/uploads\/usu1781\/2023\/06\/PHOTOCALL-PERRUQUERIA-1-e1686916134957-300x230.jpg 300w, https:\/\/projectes.xtec.cat\/pfi\/wp-content\/uploads\/usu1781\/2023\/06\/PHOTOCALL-PERRUQUERIA-1-e1686916134957-768x588.jpg 768w, https:\/\/projectes.xtec.cat\/pfi\/wp-content\/uploads\/usu1781\/2023\/06\/PHOTOCALL-PERRUQUERIA-1-e1686916134957.jpg 1200w\" sizes=\"auto, (max-width: 1024px) 100vw, 1024px\" \/><\/a>\n\t\t\t<\/dt>\n\t\t\t\t<dd class='wp-caption-text gallery-caption' id='gallery-1-17260'>\n\t\t\t\tPerruqeria i est\u00e8tica\n\t\t\t\t<\/dd><\/dl><dl class='gallery-item'>\n\t\t\t<dt class='gallery-icon landscape'>\n\t\t\t\t<a href='https:\/\/projectes.xtec.cat\/pfi\/general\/festa-de-graduacio-institut-de-vic\/attachment\/photocall-perruqueria-2\/'><img loading=\"lazy\" decoding=\"async\" width=\"1024\" height=\"768\" src=\"https:\/\/projectes.xtec.cat\/pfi\/wp-content\/uploads\/usu1781\/2023\/06\/PHOTOCALL-PERRUQUERIA-2-1024x768.jpg\" class=\"attachment-large size-large\" alt=\"\" aria-describedby=\"gallery-1-17261\" srcset=\"https:\/\/projectes.xtec.cat\/pfi\/wp-content\/uploads\/usu1781\/2023\/06\/PHOTOCALL-PERRUQUERIA-2-1024x768.jpg 1024w, https:\/\/projectes.xtec.cat\/pfi\/wp-content\/uploads\/usu1781\/2023\/06\/PHOTOCALL-PERRUQUERIA-2-300x225.jpg 300w, https:\/\/projectes.xtec.cat\/pfi\/wp-content\/uploads\/usu1781\/2023\/06\/PHOTOCALL-PERRUQUERIA-2-768x576.jpg 768w, https:\/\/projectes.xtec.cat\/pfi\/wp-content\/uploads\/usu1781\/2023\/06\/PHOTOCALL-PERRUQUERIA-2-1536x1152.jpg 1536w, https:\/\/projectes.xtec.cat\/pfi\/wp-content\/uploads\/usu1781\/2023\/06\/PHOTOCALL-PERRUQUERIA-2-200x150.jpg 200w, https:\/\/projectes.xtec.cat\/pfi\/wp-content\/uploads\/usu1781\/2023\/06\/PHOTOCALL-PERRUQUERIA-2.jpg 2048w\" sizes=\"auto, (max-width: 1024px) 100vw, 1024px\" \/><\/a>\n\t\t\t<\/dt>\n\t\t\t\t<dd class='wp-caption-text gallery-caption' id='gallery-1-17261'>\n\t\t\t\tPerruqueria i est\u00e8tica\n\t\t\t\t<\/dd><\/dl><dl class='gallery-item'>\n\t\t\t<dt class='gallery-icon landscape'>\n\t\t\t\t<a href='https:\/\/projectes.xtec.cat\/pfi\/general\/festa-de-graduacio-institut-de-vic\/attachment\/photocall-electricitat\/'><img loading=\"lazy\" decoding=\"async\" width=\"1024\" height=\"768\" src=\"https:\/\/projectes.xtec.cat\/pfi\/wp-content\/uploads\/usu1781\/2023\/06\/PHOTOCALL-ELECTRICITAT-1024x768.jpg\" class=\"attachment-large size-large\" alt=\"\" aria-describedby=\"gallery-1-17272\" srcset=\"https:\/\/projectes.xtec.cat\/pfi\/wp-content\/uploads\/usu1781\/2023\/06\/PHOTOCALL-ELECTRICITAT-1024x768.jpg 1024w, https:\/\/projectes.xtec.cat\/pfi\/wp-content\/uploads\/usu1781\/2023\/06\/PHOTOCALL-ELECTRICITAT-300x225.jpg 300w, https:\/\/projectes.xtec.cat\/pfi\/wp-content\/uploads\/usu1781\/2023\/06\/PHOTOCALL-ELECTRICITAT-768x576.jpg 768w, https:\/\/projectes.xtec.cat\/pfi\/wp-content\/uploads\/usu1781\/2023\/06\/PHOTOCALL-ELECTRICITAT-1536x1152.jpg 1536w, https:\/\/projectes.xtec.cat\/pfi\/wp-content\/uploads\/usu1781\/2023\/06\/PHOTOCALL-ELECTRICITAT-2048x1536.jpg 2048w, https:\/\/projectes.xtec.cat\/pfi\/wp-content\/uploads\/usu1781\/2023\/06\/PHOTOCALL-ELECTRICITAT-200x150.jpg 200w\" sizes=\"auto, (max-width: 1024px) 100vw, 1024px\" \/><\/a>\n\t\t\t<\/dt>\n\t\t\t\t<dd class='wp-caption-text gallery-caption' id='gallery-1-17272'>\n\t\t\t\tElectricitat, aigua i gas\n\t\t\t\t<\/dd><\/dl><br style=\"clear: both\" \/><dl class='gallery-item'>\n\t\t\t<dt class='gallery-icon landscape'>\n\t\t\t\t<a href='https:\/\/projectes.xtec.cat\/pfi\/general\/festa-de-graduacio-institut-de-vic\/attachment\/photocall-comerc-1\/'><img loading=\"lazy\" decoding=\"async\" width=\"1024\" height=\"688\" src=\"https:\/\/projectes.xtec.cat\/pfi\/wp-content\/uploads\/usu1781\/2023\/06\/PHOTOCALL-COMERC-1-scaled-e1686916906114-1024x688.jpg\" class=\"attachment-large size-large\" alt=\"\" aria-describedby=\"gallery-1-17275\" srcset=\"https:\/\/projectes.xtec.cat\/pfi\/wp-content\/uploads\/usu1781\/2023\/06\/PHOTOCALL-COMERC-1-scaled-e1686916906114-1024x688.jpg 1024w, https:\/\/projectes.xtec.cat\/pfi\/wp-content\/uploads\/usu1781\/2023\/06\/PHOTOCALL-COMERC-1-scaled-e1686916906114-300x202.jpg 300w, https:\/\/projectes.xtec.cat\/pfi\/wp-content\/uploads\/usu1781\/2023\/06\/PHOTOCALL-COMERC-1-scaled-e1686916906114-768x516.jpg 768w, https:\/\/projectes.xtec.cat\/pfi\/wp-content\/uploads\/usu1781\/2023\/06\/PHOTOCALL-COMERC-1-scaled-e1686916906114-1536x1033.jpg 1536w, https:\/\/projectes.xtec.cat\/pfi\/wp-content\/uploads\/usu1781\/2023\/06\/PHOTOCALL-COMERC-1-scaled-e1686916906114-2048x1377.jpg 2048w\" sizes=\"auto, (max-width: 1024px) 100vw, 1024px\" \/><\/a>\n\t\t\t<\/dt>\n\t\t\t\t<dd class='wp-caption-text gallery-caption' id='gallery-1-17275'>\n\t\t\t\tComer\u00e7 i log\u00edstica\n\t\t\t\t<\/dd><\/dl><dl class='gallery-item'>\n\t\t\t<dt class='gallery-icon landscape'>\n\t\t\t\t<a href='https:\/\/projectes.xtec.cat\/pfi\/general\/festa-de-graduacio-institut-de-vic\/attachment\/escenari-perruqeria\/'><img loading=\"lazy\" decoding=\"async\" width=\"1024\" height=\"683\" src=\"https:\/\/projectes.xtec.cat\/pfi\/wp-content\/uploads\/usu1781\/2023\/06\/ESCENARI-PERRUQERIA-1024x683.jpg\" class=\"attachment-large size-large\" alt=\"\" aria-describedby=\"gallery-1-17270\" srcset=\"https:\/\/projectes.xtec.cat\/pfi\/wp-content\/uploads\/usu1781\/2023\/06\/ESCENARI-PERRUQERIA-1024x683.jpg 1024w, https:\/\/projectes.xtec.cat\/pfi\/wp-content\/uploads\/usu1781\/2023\/06\/ESCENARI-PERRUQERIA-300x200.jpg 300w, https:\/\/projectes.xtec.cat\/pfi\/wp-content\/uploads\/usu1781\/2023\/06\/ESCENARI-PERRUQERIA-768x512.jpg 768w, https:\/\/projectes.xtec.cat\/pfi\/wp-content\/uploads\/usu1781\/2023\/06\/ESCENARI-PERRUQERIA-1536x1024.jpg 1536w, https:\/\/projectes.xtec.cat\/pfi\/wp-content\/uploads\/usu1781\/2023\/06\/ESCENARI-PERRUQERIA-2048x1365.jpg 2048w\" sizes=\"auto, (max-width: 1024px) 100vw, 1024px\" \/><\/a>\n\t\t\t<\/dt>\n\t\t\t\t<dd class='wp-caption-text gallery-caption' id='gallery-1-17270'>\n\t\t\t\tPerruqueria i est\u00e8tica\n\t\t\t\t<\/dd><\/dl><dl class='gallery-item'>\n\t\t\t<dt class='gallery-icon landscape'>\n\t\t\t\t<a href='https:\/\/projectes.xtec.cat\/pfi\/general\/festa-de-graduacio-institut-de-vic\/attachment\/escenari-jardineria\/'><img loading=\"lazy\" decoding=\"async\" width=\"1024\" height=\"683\" src=\"https:\/\/projectes.xtec.cat\/pfi\/wp-content\/uploads\/usu1781\/2023\/06\/ESCENARI-JARDINERIA-1024x683.jpg\" class=\"attachment-large size-large\" alt=\"\" aria-describedby=\"gallery-1-17268\" srcset=\"https:\/\/projectes.xtec.cat\/pfi\/wp-content\/uploads\/usu1781\/2023\/06\/ESCENARI-JARDINERIA-1024x683.jpg 1024w, https:\/\/projectes.xtec.cat\/pfi\/wp-content\/uploads\/usu1781\/2023\/06\/ESCENARI-JARDINERIA-300x200.jpg 300w, https:\/\/projectes.xtec.cat\/pfi\/wp-content\/uploads\/usu1781\/2023\/06\/ESCENARI-JARDINERIA-768x512.jpg 768w, https:\/\/projectes.xtec.cat\/pfi\/wp-content\/uploads\/usu1781\/2023\/06\/ESCENARI-JARDINERIA-1536x1024.jpg 1536w, https:\/\/projectes.xtec.cat\/pfi\/wp-content\/uploads\/usu1781\/2023\/06\/ESCENARI-JARDINERIA-2048x1365.jpg 2048w\" sizes=\"auto, (max-width: 1024px) 100vw, 1024px\" \/><\/a>\n\t\t\t<\/dt>\n\t\t\t\t<dd class='wp-caption-text gallery-caption' id='gallery-1-17268'>\n\t\t\t\tJardins i vivers\n\t\t\t\t<\/dd><\/dl><br style=\"clear: both\" \/><dl class='gallery-item'>\n\t\t\t<dt class='gallery-icon landscape'>\n\t\t\t\t<a href='https:\/\/projectes.xtec.cat\/pfi\/general\/festa-de-graduacio-institut-de-vic\/attachment\/escenari-electricitat\/'><img loading=\"lazy\" decoding=\"async\" width=\"1024\" height=\"683\" src=\"https:\/\/projectes.xtec.cat\/pfi\/wp-content\/uploads\/usu1781\/2023\/06\/ESCENARI-ELECTRICITAT-1024x683.jpg\" class=\"attachment-large size-large\" alt=\"\" aria-describedby=\"gallery-1-17267\" srcset=\"https:\/\/projectes.xtec.cat\/pfi\/wp-content\/uploads\/usu1781\/2023\/06\/ESCENARI-ELECTRICITAT-1024x683.jpg 1024w, https:\/\/projectes.xtec.cat\/pfi\/wp-content\/uploads\/usu1781\/2023\/06\/ESCENARI-ELECTRICITAT-300x200.jpg 300w, https:\/\/projectes.xtec.cat\/pfi\/wp-content\/uploads\/usu1781\/2023\/06\/ESCENARI-ELECTRICITAT-768x512.jpg 768w, https:\/\/projectes.xtec.cat\/pfi\/wp-content\/uploads\/usu1781\/2023\/06\/ESCENARI-ELECTRICITAT-1536x1024.jpg 1536w, https:\/\/projectes.xtec.cat\/pfi\/wp-content\/uploads\/usu1781\/2023\/06\/ESCENARI-ELECTRICITAT-2048x1365.jpg 2048w\" sizes=\"auto, (max-width: 1024px) 100vw, 1024px\" \/><\/a>\n\t\t\t<\/dt>\n\t\t\t\t<dd class='wp-caption-text gallery-caption' id='gallery-1-17267'>\n\t\t\t\tElectricitat, aigua i gas\n\t\t\t\t<\/dd><\/dl><dl class='gallery-item'>\n\t\t\t<dt class='gallery-icon landscape'>\n\t\t\t\t<a href='https:\/\/projectes.xtec.cat\/pfi\/general\/festa-de-graduacio-institut-de-vic\/attachment\/escenari-comerc\/'><img loading=\"lazy\" decoding=\"async\" width=\"1024\" height=\"683\" src=\"https:\/\/projectes.xtec.cat\/pfi\/wp-content\/uploads\/usu1781\/2023\/06\/ESCENARI-COMERC-1024x683.jpg\" class=\"attachment-large size-large\" alt=\"\" aria-describedby=\"gallery-1-17266\" srcset=\"https:\/\/projectes.xtec.cat\/pfi\/wp-content\/uploads\/usu1781\/2023\/06\/ESCENARI-COMERC-1024x683.jpg 1024w, https:\/\/projectes.xtec.cat\/pfi\/wp-content\/uploads\/usu1781\/2023\/06\/ESCENARI-COMERC-300x200.jpg 300w, https:\/\/projectes.xtec.cat\/pfi\/wp-content\/uploads\/usu1781\/2023\/06\/ESCENARI-COMERC-768x512.jpg 768w, https:\/\/projectes.xtec.cat\/pfi\/wp-content\/uploads\/usu1781\/2023\/06\/ESCENARI-COMERC-1536x1024.jpg 1536w, https:\/\/projectes.xtec.cat\/pfi\/wp-content\/uploads\/usu1781\/2023\/06\/ESCENARI-COMERC-2048x1365.jpg 2048w\" sizes=\"auto, (max-width: 1024px) 100vw, 1024px\" \/><\/a>\n\t\t\t<\/dt>\n\t\t\t\t<dd class='wp-caption-text gallery-caption' id='gallery-1-17266'>\n\t\t\t\tComer\u00e7 i log\u00edstica\n\t\t\t\t<\/dd><\/dl><dl class='gallery-item'>\n\t\t\t<dt class='gallery-icon landscape'>\n\t\t\t\t<a href='https:\/\/projectes.xtec.cat\/pfi\/general\/festa-de-graduacio-institut-de-vic\/attachment\/dj\/'><img loading=\"lazy\" decoding=\"async\" width=\"1024\" height=\"676\" src=\"https:\/\/projectes.xtec.cat\/pfi\/wp-content\/uploads\/usu1781\/2023\/06\/DJ-scaled-e1686916265873-1024x676.jpg\" class=\"attachment-large size-large\" alt=\"\" aria-describedby=\"gallery-1-17265\" srcset=\"https:\/\/projectes.xtec.cat\/pfi\/wp-content\/uploads\/usu1781\/2023\/06\/DJ-scaled-e1686916265873-1024x676.jpg 1024w, https:\/\/projectes.xtec.cat\/pfi\/wp-content\/uploads\/usu1781\/2023\/06\/DJ-scaled-e1686916265873-300x198.jpg 300w, https:\/\/projectes.xtec.cat\/pfi\/wp-content\/uploads\/usu1781\/2023\/06\/DJ-scaled-e1686916265873-768x507.jpg 768w, https:\/\/projectes.xtec.cat\/pfi\/wp-content\/uploads\/usu1781\/2023\/06\/DJ-scaled-e1686916265873-1536x1013.jpg 1536w, https:\/\/projectes.xtec.cat\/pfi\/wp-content\/uploads\/usu1781\/2023\/06\/DJ-scaled-e1686916265873-2048x1351.jpg 2048w\" sizes=\"auto, (max-width: 1024px) 100vw, 1024px\" \/><\/a>\n\t\t\t<\/dt>\n\t\t\t\t<dd class='wp-caption-text gallery-caption' id='gallery-1-17265'>\n\t\t\t\tDj\n\t\t\t\t<\/dd><\/dl><br style=\"clear: both\" \/><dl class='gallery-item'>\n\t\t\t<dt class='gallery-icon landscape'>\n\t\t\t\t<a href='https:\/\/projectes.xtec.cat\/pfi\/general\/festa-de-graduacio-institut-de-vic\/attachment\/perruqueria-2\/'><img loading=\"lazy\" decoding=\"async\" width=\"1024\" height=\"576\" src=\"https:\/\/projectes.xtec.cat\/pfi\/wp-content\/uploads\/usu1781\/2023\/06\/PERRUQUERIA-1024x576.jpg\" class=\"attachment-large size-large\" alt=\"\" aria-describedby=\"gallery-1-17273\" srcset=\"https:\/\/projectes.xtec.cat\/pfi\/wp-content\/uploads\/usu1781\/2023\/06\/PERRUQUERIA-1024x576.jpg 1024w, https:\/\/projectes.xtec.cat\/pfi\/wp-content\/uploads\/usu1781\/2023\/06\/PERRUQUERIA-300x169.jpg 300w, https:\/\/projectes.xtec.cat\/pfi\/wp-content\/uploads\/usu1781\/2023\/06\/PERRUQUERIA-768x432.jpg 768w, https:\/\/projectes.xtec.cat\/pfi\/wp-content\/uploads\/usu1781\/2023\/06\/PERRUQUERIA-1536x864.jpg 1536w, https:\/\/projectes.xtec.cat\/pfi\/wp-content\/uploads\/usu1781\/2023\/06\/PERRUQUERIA-2048x1152.jpg 2048w\" sizes=\"auto, (max-width: 1024px) 100vw, 1024px\" \/><\/a>\n\t\t\t<\/dt>\n\t\t\t\t<dd class='wp-caption-text gallery-caption' id='gallery-1-17273'>\n\t\t\t\tPerruqueria\n\t\t\t\t<\/dd><\/dl>\n\t\t\t<br style='clear: both' \/>\n\t\t<\/div>\n\n","protected":false},"excerpt":{"rendered":"<p>&nbsp;<br \/>\n<a href=\"https:\/\/projectes.xtec.cat\/pfi\/wp-content\/uploads\/usu1781\/2023\/06\/824367c0-92a5-4930-995a-777745f1d7af.jpg\"><\/a><br \/>\nEl dia 8 de juny es va celebrar la Festa de Graduaci\u00f3 del curs 2022-2023 a les instal\u00b7lacions de l\u2019Institut de Vic. Els alumnes del tots els perfils del PFI de Vic van participar en l\u2019ambientaci\u00f3 de la festa.<br \/>\nPer una banda, es va dissenyar&hellip;  <a href=\"https:\/\/projectes.xtec.cat\/pfi\/general\/festa-de-graduacio-institut-de-vic\/\" title=\"Read Festa de Graduaci\u00f3 Institut de Vic\">Llegeix m\u00e9s\u00bb<\/a><\/p>\n","protected":false},"author":197,"featured_media":17264,"comment_status":"open","ping_status":"closed","sticky":false,"template":"","format":"standard","meta":{"_bbp_topic_count":0,"_bbp_reply_count":0,"_bbp_total_topic_count":0,"_bbp_total_reply_count":0,"_bbp_voice_count":0,"_bbp_anonymous_reply_count":0,"_bbp_topic_count_hidden":0,"_bbp_reply_count_hidden":0,"_bbp_forum_subforum_count":0,"footnotes":""},"categories":[1,29],"tags":[601,600,599],"class_list":["post-17256","post","type-post","status-publish","format-standard","has-post-thumbnail","hentry","category-general","category-portada","tag-institut_de_vic","tag-pfi_pip_vic","tag-pfi_ptt_vic"],"post_mailing_queue_ids":[],"_links":{"self":[{"href":"https:\/\/projectes.xtec.cat\/pfi\/wp-json\/wp\/v2\/posts\/17256","targetHints":{"allow":["GET"]}}],"collection":[{"href":"https:\/\/projectes.xtec.cat\/pfi\/wp-json\/wp\/v2\/posts"}],"about":[{"href":"https:\/\/projectes.xtec.cat\/pfi\/wp-json\/wp\/v2\/types\/post"}],"author":[{"embeddable":true,"href":"https:\/\/projectes.xtec.cat\/pfi\/wp-json\/wp\/v2\/users\/197"}],"replies":[{"embeddable":true,"href":"https:\/\/projectes.xtec.cat\/pfi\/wp-json\/wp\/v2\/comments?post=17256"}],"version-history":[{"count":3,"href":"https:\/\/projectes.xtec.cat\/pfi\/wp-json\/wp\/v2\/posts\/17256\/revisions"}],"predecessor-version":[{"id":17285,"href":"https:\/\/projectes.xtec.cat\/pfi\/wp-json\/wp\/v2\/posts\/17256\/revisions\/17285"}],"wp:featuredmedia":[{"embeddable":true,"href":"https:\/\/projectes.xtec.cat\/pfi\/wp-json\/wp\/v2\/media\/17264"}],"wp:attachment":[{"href":"https:\/\/projectes.xtec.cat\/pfi\/wp-json\/wp\/v2\/media?parent=17256"}],"wp:term":[{"taxonomy":"category","embeddable":true,"href":"https:\/\/projectes.xtec.cat\/pfi\/wp-json\/wp\/v2\/categories?post=17256"},{"taxonomy":"post_tag","embeddable":true,"href":"https:\/\/projectes.xtec.cat\/pfi\/wp-json\/wp\/v2\/tags?post=17256"}],"curies":[{"name":"wp","href":"https:\/\/api.w.org\/{rel}","templated":true}]}}