{"id":17302,"date":"2023-06-22T08:14:46","date_gmt":"2023-06-22T06:14:46","guid":{"rendered":"https:\/\/projectes.xtec.cat\/pfi\/?p=17302"},"modified":"2023-06-22T08:15:03","modified_gmt":"2023-06-22T06:15:03","slug":"el-departament-deducacio-celebra-la-primera-gala-dels-premis-extraordinaris-de-la-formacio-professional","status":"publish","type":"post","link":"https:\/\/projectes.xtec.cat\/pfi\/general\/el-departament-deducacio-celebra-la-primera-gala-dels-premis-extraordinaris-de-la-formacio-professional\/","title":{"rendered":"El Departament d\u2019Educaci\u00f3 celebra la primera gala dels Premis extraordinaris de la formaci\u00f3 professional."},"content":{"rendered":"<p style=\"text-align: justify;\"><b>Els guardons s\u00f3n de nova creaci\u00f3 i reconeixen l\u2019especial aprofitament de l\u2019alumnat que ha aconseguit uns resultats excel\u00b7lents en els estudis de formaci\u00f3 professional i dels ensenyaments art\u00edstics professionals.<\/b><\/p>\n<p style=\"text-align: justify;\"><span style=\"font-weight: 400;\">Barcelona. \u2013<\/span><span style=\"font-weight: 400;\">\u00a0El Departament d\u2019Educaci\u00f3 ha lliurat els premis extraordinaris de la formaci\u00f3 professional a una seixantena d\u2019estudiants que en el curs 2021-22 van obtenir les m\u00e0ximes qualificacions en els seus estudis de formaci\u00f3 professional de grau mitj\u00e0 i superior, programes de formaci\u00f3 i inserci\u00f3, i ensenyaments professionals art\u00edstics de m\u00fasica i arts pl\u00e0stiques i disseny.\u00a0<\/span><\/p>\n<p style=\"text-align: justify;\"><span style=\"font-weight: 400;\">L\u2019acte d\u2019entrega dels diplomes ha tingut lloc a l\u2019auditori de la Fundaci\u00f3 Conservatori del Liceu el dilluns dia 19 de juny i ha aplegat unes tres-centes persones. Durant l\u2019esdeveniment, la directora general de Formaci\u00f3 Professional del Departament d\u2019Educaci\u00f3, Merc\u00e8 Chac\u00f3n, ha reconegut l\u2019esfor\u00e7 i el comprom\u00eds dels joves estudiants que han apostat pels estudis professionals com a complement a la seva formaci\u00f3 obligat\u00f2ria i, a m\u00e9s, ho han fet de manera brillant, tal com testimonien els premis que se\u2019ls han atorgat.<\/span><\/p>\n<p style=\"text-align: justify;\"><span style=\"font-weight: 400;\">L\u2019acte de lliurament dels diplomes acreditatius dels premis extraordinaris ha estat amenitzat per les actuacions musicals dels alumnes premiats del grau professional de m\u00fasica, provinents dels conservatoris de Barcelona, Lleida i del centre autoritzat d\u2019ensenyaments art\u00edstics professionals Liceu.<\/span><\/p>\n<p style=\"text-align: justify;\"><span style=\"font-weight: 400;\">En total, s\u2019han concedit una seixantena de premis i mencions d\u2019honor en totes les fam\u00edlies de formaci\u00f3 professional de grau mitj\u00e0 i superior, en els programes de formaci\u00f3 i inserci\u00f3, en diferents especialitats dels ensenyaments professionals de m\u00fasica i en diversos cicles formatius dels ensenyaments professionals d\u2019arts pl\u00e0stiques i disseny.\u00a0<\/span><\/p>\n<p style=\"text-align: justify;\"><span style=\"font-weight: 400;\">L\u2019any 2020 es van crear els Premis extraordinaris dels ensenyaments art\u00edstics professionals de Catalunya i, en aquest any 2023, s\u2019han creat els Premis extraordinaris de formaci\u00f3 professional; tots aquests guardons tenen l\u2019objectiu de recon\u00e8ixer l\u2019excel\u00b7l\u00e8ncia i distingir els alumnes que, gr\u00e0cies a l\u2019esfor\u00e7, el rigor i la dedicaci\u00f3 han aconseguit les m\u00e0ximes qualificacions en els seus estudis art\u00edstics.<\/span><\/p>\n<p style=\"text-align: justify;\"><span style=\"font-weight: 400;\">Els estudiants premiats podran conc\u00f3rrer a la convocat\u00f2ria d\u2019abast estatal que des de l\u2019any 2015 organitza el Ministeri d\u2019Educaci\u00f3. Les administracions educatives auton\u00f2miques s\u00f3n les encarregades de proposar les candidatures per tal que els alumnes premiats de la seva comunitat pugui optar al Premi nacional al rendiment acad\u00e8mic.<\/span><\/p>\n<p>&nbsp;<\/p>\n<p><a href=\"https:\/\/projectes.xtec.cat\/pfi\/wp-content\/uploads\/usu1781\/2023\/06\/2023-06-22_081140.png\"><img loading=\"lazy\" decoding=\"async\" class=\"aligncenter size-full wp-image-17303\" src=\"https:\/\/projectes.xtec.cat\/pfi\/wp-content\/uploads\/usu1781\/2023\/06\/2023-06-22_081140.png\" alt=\"\" width=\"603\" height=\"404\" srcset=\"https:\/\/projectes.xtec.cat\/pfi\/wp-content\/uploads\/usu1781\/2023\/06\/2023-06-22_081140.png 603w, https:\/\/projectes.xtec.cat\/pfi\/wp-content\/uploads\/usu1781\/2023\/06\/2023-06-22_081140-300x201.png 300w\" sizes=\"auto, (max-width: 603px) 100vw, 603px\" \/><\/a><\/p>\n<p><span style=\"font-weight: 400;\">La banda de Sergio del Boccio, guardonat amb el primer premi dels ensenyaments professionals de m\u00fasica.<\/span><\/p>\n<p><a href=\"https:\/\/projectes.xtec.cat\/pfi\/wp-content\/uploads\/usu1781\/2023\/06\/2023-06-22_081151.png\"><img loading=\"lazy\" decoding=\"async\" class=\"aligncenter size-full wp-image-17304\" src=\"https:\/\/projectes.xtec.cat\/pfi\/wp-content\/uploads\/usu1781\/2023\/06\/2023-06-22_081151.png\" alt=\"\" width=\"606\" height=\"400\" srcset=\"https:\/\/projectes.xtec.cat\/pfi\/wp-content\/uploads\/usu1781\/2023\/06\/2023-06-22_081151.png 606w, https:\/\/projectes.xtec.cat\/pfi\/wp-content\/uploads\/usu1781\/2023\/06\/2023-06-22_081151-300x198.png 300w\" sizes=\"auto, (max-width: 606px) 100vw, 606px\" \/><\/a><\/p>\n<p><span style=\"font-weight: 400;\">A l\u2019acte han assistit unes tres-centes persones.<\/span><\/p>\n<p><a href=\"https:\/\/projectes.xtec.cat\/pfi\/wp-content\/uploads\/usu1781\/2023\/06\/2023-06-22_081203.png\"><img loading=\"lazy\" decoding=\"async\" class=\"aligncenter size-full wp-image-17305\" src=\"https:\/\/projectes.xtec.cat\/pfi\/wp-content\/uploads\/usu1781\/2023\/06\/2023-06-22_081203.png\" alt=\"\" width=\"604\" height=\"402\" srcset=\"https:\/\/projectes.xtec.cat\/pfi\/wp-content\/uploads\/usu1781\/2023\/06\/2023-06-22_081203.png 604w, https:\/\/projectes.xtec.cat\/pfi\/wp-content\/uploads\/usu1781\/2023\/06\/2023-06-22_081203-300x200.png 300w\" sizes=\"auto, (max-width: 604px) 100vw, 604px\" \/><\/a><\/p>\n<p><span style=\"font-weight: 400;\">La subdirectora general d\u2019Ordenaci\u00f3 de Formaci\u00f3 Professional Inicial i Ensenyaments de R\u00e8gim Especial, M\u00edriam Mil\u00e1n.<\/span><\/p>\n<p><a href=\"https:\/\/projectes.xtec.cat\/pfi\/wp-content\/uploads\/usu1781\/2023\/06\/2023-06-22_081214.png\"><img loading=\"lazy\" decoding=\"async\" class=\"aligncenter size-full wp-image-17306\" src=\"https:\/\/projectes.xtec.cat\/pfi\/wp-content\/uploads\/usu1781\/2023\/06\/2023-06-22_081214.png\" alt=\"\" width=\"606\" height=\"369\" srcset=\"https:\/\/projectes.xtec.cat\/pfi\/wp-content\/uploads\/usu1781\/2023\/06\/2023-06-22_081214.png 606w, https:\/\/projectes.xtec.cat\/pfi\/wp-content\/uploads\/usu1781\/2023\/06\/2023-06-22_081214-300x183.png 300w\" sizes=\"auto, (max-width: 606px) 100vw, 606px\" \/><\/a><\/p>\n<p><span style=\"font-weight: 400;\">La subdirectora i directora general de Formaci\u00f3 Professional, M\u00edriam Mil\u00e1n i Merc\u00e8 Chac\u00f3n (d\u2019esquerra a dreta) en el moment del lliurament dels diplomes.<\/span><\/p>\n<p>#pfiCAT #ImpulsFP #SomFP<\/p>\n","protected":false},"excerpt":{"rendered":"<p>Els guardons s\u00f3n de nova creaci\u00f3 i reconeixen l\u2019especial aprofitament de l\u2019alumnat que ha aconseguit uns resultats excel\u00b7lents en els estudis de formaci\u00f3 professional i dels ensenyaments art\u00edstics professionals.<br \/>\nBarcelona. \u2013\u00a0El Departament d\u2019Educaci\u00f3 ha lliurat els premis extraordinaris de la formaci\u00f3 professional a una seixantena d\u2019estudiants&hellip;  <a href=\"https:\/\/projectes.xtec.cat\/pfi\/general\/el-departament-deducacio-celebra-la-primera-gala-dels-premis-extraordinaris-de-la-formacio-professional\/\" title=\"Read El Departament d\u2019Educaci\u00f3 celebra la primera gala dels Premis extraordinaris de la formaci\u00f3 professional.\">Llegeix m\u00e9s\u00bb<\/a><\/p>\n","protected":false},"author":1,"featured_media":17304,"comment_status":"open","ping_status":"closed","sticky":false,"template":"","format":"standard","meta":{"_bbp_topic_count":0,"_bbp_reply_count":0,"_bbp_total_topic_count":0,"_bbp_total_reply_count":0,"_bbp_voice_count":0,"_bbp_anonymous_reply_count":0,"_bbp_topic_count_hidden":0,"_bbp_reply_count_hidden":0,"_bbp_forum_subforum_count":0,"footnotes":""},"categories":[1,29],"tags":[],"class_list":["post-17302","post","type-post","status-publish","format-standard","has-post-thumbnail","hentry","category-general","category-portada"],"post_mailing_queue_ids":[],"_links":{"self":[{"href":"https:\/\/projectes.xtec.cat\/pfi\/wp-json\/wp\/v2\/posts\/17302","targetHints":{"allow":["GET"]}}],"collection":[{"href":"https:\/\/projectes.xtec.cat\/pfi\/wp-json\/wp\/v2\/posts"}],"about":[{"href":"https:\/\/projectes.xtec.cat\/pfi\/wp-json\/wp\/v2\/types\/post"}],"author":[{"embeddable":true,"href":"https:\/\/projectes.xtec.cat\/pfi\/wp-json\/wp\/v2\/users\/1"}],"replies":[{"embeddable":true,"href":"https:\/\/projectes.xtec.cat\/pfi\/wp-json\/wp\/v2\/comments?post=17302"}],"version-history":[{"count":2,"href":"https:\/\/projectes.xtec.cat\/pfi\/wp-json\/wp\/v2\/posts\/17302\/revisions"}],"predecessor-version":[{"id":17308,"href":"https:\/\/projectes.xtec.cat\/pfi\/wp-json\/wp\/v2\/posts\/17302\/revisions\/17308"}],"wp:featuredmedia":[{"embeddable":true,"href":"https:\/\/projectes.xtec.cat\/pfi\/wp-json\/wp\/v2\/media\/17304"}],"wp:attachment":[{"href":"https:\/\/projectes.xtec.cat\/pfi\/wp-json\/wp\/v2\/media?parent=17302"}],"wp:term":[{"taxonomy":"category","embeddable":true,"href":"https:\/\/projectes.xtec.cat\/pfi\/wp-json\/wp\/v2\/categories?post=17302"},{"taxonomy":"post_tag","embeddable":true,"href":"https:\/\/projectes.xtec.cat\/pfi\/wp-json\/wp\/v2\/tags?post=17302"}],"curies":[{"name":"wp","href":"https:\/\/api.w.org\/{rel}","templated":true}]}}