{"id":17310,"date":"2023-06-23T13:16:01","date_gmt":"2023-06-23T11:16:01","guid":{"rendered":"https:\/\/projectes.xtec.cat\/pfi\/?p=17310"},"modified":"2023-06-27T19:17:51","modified_gmt":"2023-06-27T17:17:51","slug":"litinerari-sostenible-del-projecte-histories-de-vida-a-la-revista-lo-floc","status":"publish","type":"post","link":"https:\/\/projectes.xtec.cat\/pfi\/general\/litinerari-sostenible-del-projecte-histories-de-vida-a-la-revista-lo-floc\/","title":{"rendered":"L&#8217;itinerari sostenible del projecte Hist\u00f2ries de Vida, a la revista Lo Floc"},"content":{"rendered":"<p>Enguany s&#8217;ha emfatitzat la sostenibilitat com a un dels eixos del projecte Hist\u00f2ries de Vida, per treballar amb l&#8217;alumnat dels Programes de Formaci\u00f3 i Inserci\u00f3. No us perdeu l&#8217;article <a href=\"https:\/\/projectes.xtec.cat\/pfi\/wp-content\/uploads\/usu1781\/2023\/06\/sostenibilitat.pdf\">All\u00f2 de la sostenibilitat, <\/a>que la revista &#8220;Lo Floc&#8221;, hi dedica, amb l&#8217;objectiu de promoure activitats i conscienciar a la societat en la cura i la preservaci\u00f3 del medi i l&#8217;entorn proper.<\/p>\n<p><a href=\"https:\/\/projectes.xtec.cat\/pfi\/wp-content\/uploads\/usu1781\/2023\/06\/2023-06-23_131259.png\"><img loading=\"lazy\" decoding=\"async\" class=\"aligncenter size-full wp-image-17312\" src=\"https:\/\/projectes.xtec.cat\/pfi\/wp-content\/uploads\/usu1781\/2023\/06\/2023-06-23_131259.png\" alt=\"\" width=\"1034\" height=\"573\" \/><\/a><\/p>\n<p>#pfiCAT #ImpulsFP #SomFP<\/p>\n","protected":false},"excerpt":{"rendered":"<p>Enguany s&#8217;ha emfatitzat la sostenibilitat com a un dels eixos del projecte Hist\u00f2ries de Vida, per treballar amb l&#8217;alumnat dels Programes de Formaci\u00f3 i Inserci\u00f3. No us perdeu l&#8217;article <a href=\"https:\/\/projectes.xtec.cat\/pfi\/wp-content\/uploads\/usu1781\/2023\/06\/sostenibilitat.pdf\">All\u00f2 de la sostenibilitat, <\/a>que la revista &#8220;Lo Floc&#8221;, hi dedica, amb l&#8217;objectiu de promoure&hellip;  <a href=\"https:\/\/projectes.xtec.cat\/pfi\/general\/litinerari-sostenible-del-projecte-histories-de-vida-a-la-revista-lo-floc\/\" title=\"Read L&#8217;itinerari sostenible del projecte Hist\u00f2ries de Vida, a la revista Lo Floc\">Llegeix m\u00e9s\u00bb<\/a><\/p>\n","protected":false},"author":1,"featured_media":17312,"comment_status":"open","ping_status":"closed","sticky":false,"template":"","format":"standard","meta":{"_bbp_topic_count":0,"_bbp_reply_count":0,"_bbp_total_topic_count":0,"_bbp_total_reply_count":0,"_bbp_voice_count":0,"_bbp_anonymous_reply_count":0,"_bbp_topic_count_hidden":0,"_bbp_reply_count_hidden":0,"_bbp_forum_subforum_count":0,"footnotes":""},"categories":[1,373,29],"tags":[],"class_list":["post-17310","post","type-post","status-publish","format-standard","has-post-thumbnail","hentry","category-general","category-histories-de-vida","category-portada"],"post_mailing_queue_ids":[],"_links":{"self":[{"href":"https:\/\/projectes.xtec.cat\/pfi\/wp-json\/wp\/v2\/posts\/17310","targetHints":{"allow":["GET"]}}],"collection":[{"href":"https:\/\/projectes.xtec.cat\/pfi\/wp-json\/wp\/v2\/posts"}],"about":[{"href":"https:\/\/projectes.xtec.cat\/pfi\/wp-json\/wp\/v2\/types\/post"}],"author":[{"embeddable":true,"href":"https:\/\/projectes.xtec.cat\/pfi\/wp-json\/wp\/v2\/users\/1"}],"replies":[{"embeddable":true,"href":"https:\/\/projectes.xtec.cat\/pfi\/wp-json\/wp\/v2\/comments?post=17310"}],"version-history":[{"count":2,"href":"https:\/\/projectes.xtec.cat\/pfi\/wp-json\/wp\/v2\/posts\/17310\/revisions"}],"predecessor-version":[{"id":17314,"href":"https:\/\/projectes.xtec.cat\/pfi\/wp-json\/wp\/v2\/posts\/17310\/revisions\/17314"}],"wp:featuredmedia":[{"embeddable":true,"href":"https:\/\/projectes.xtec.cat\/pfi\/wp-json\/wp\/v2\/media\/17312"}],"wp:attachment":[{"href":"https:\/\/projectes.xtec.cat\/pfi\/wp-json\/wp\/v2\/media?parent=17310"}],"wp:term":[{"taxonomy":"category","embeddable":true,"href":"https:\/\/projectes.xtec.cat\/pfi\/wp-json\/wp\/v2\/categories?post=17310"},{"taxonomy":"post_tag","embeddable":true,"href":"https:\/\/projectes.xtec.cat\/pfi\/wp-json\/wp\/v2\/tags?post=17310"}],"curies":[{"name":"wp","href":"https:\/\/api.w.org\/{rel}","templated":true}]}}