{"id":17635,"date":"2023-11-02T13:51:08","date_gmt":"2023-11-02T12:51:08","guid":{"rendered":"https:\/\/projectes.xtec.cat\/pfi\/?p=17635"},"modified":"2023-11-03T14:56:08","modified_gmt":"2023-11-03T13:56:08","slug":"el-ptt-construccio-participa-en-el-projecte-residea-fent-un-plogging-artistic","status":"publish","type":"post","link":"https:\/\/projectes.xtec.cat\/pfi\/general\/el-ptt-construccio-participa-en-el-projecte-residea-fent-un-plogging-artistic\/","title":{"rendered":"ResIdea i el Plogging art\u00edstic al PFI PTT Girona"},"content":{"rendered":"<p><span style=\"font-weight: 400;\"><a href=\"https:\/\/projectes.xtec.cat\/pfi\/wp-content\/uploads\/usu1781\/2023\/11\/2023-11-03_145340.png\"><img loading=\"lazy\" decoding=\"async\" class=\"size-full wp-image-17712 alignleft\" src=\"https:\/\/projectes.xtec.cat\/pfi\/wp-content\/uploads\/usu1781\/2023\/11\/2023-11-03_145340.png\" alt=\"\" width=\"509\" height=\"593\" srcset=\"https:\/\/projectes.xtec.cat\/pfi\/wp-content\/uploads\/usu1781\/2023\/11\/2023-11-03_145340.png 509w, https:\/\/projectes.xtec.cat\/pfi\/wp-content\/uploads\/usu1781\/2023\/11\/2023-11-03_145340-258x300.png 258w\" sizes=\"auto, (max-width: 509px) 100vw, 509px\" \/><\/a>Aquest any el PTT construcci\u00f3 de Girona s\u2019ha adherit al programa ResIdea del Servei PIQP del Departament d\u2019Educaci\u00f3.<a href=\"https:\/\/projectes.xtec.cat\/pfi\/wp-content\/uploads\/usu1781\/2023\/10\/IMG-20231025-WA0018.jpg\"><img loading=\"lazy\" decoding=\"async\" class=\"wp-image-17637 alignright\" src=\"https:\/\/projectes.xtec.cat\/pfi\/wp-content\/uploads\/usu1781\/2023\/10\/IMG-20231025-WA0018.jpg\" alt=\"\" width=\"207\" height=\"276\" srcset=\"https:\/\/projectes.xtec.cat\/pfi\/wp-content\/uploads\/usu1781\/2023\/10\/IMG-20231025-WA0018.jpg 1200w, https:\/\/projectes.xtec.cat\/pfi\/wp-content\/uploads\/usu1781\/2023\/10\/IMG-20231025-WA0018-225x300.jpg 225w, https:\/\/projectes.xtec.cat\/pfi\/wp-content\/uploads\/usu1781\/2023\/10\/IMG-20231025-WA0018-768x1024.jpg 768w, https:\/\/projectes.xtec.cat\/pfi\/wp-content\/uploads\/usu1781\/2023\/10\/IMG-20231025-WA0018-1152x1536.jpg 1152w\" sizes=\"auto, (max-width: 207px) 100vw, 207px\" \/><\/a> <\/span><\/p>\n<p style=\"text-align: left;\"><span style=\"font-weight: 400;\">Aquest \u00e9s un projecte molt interessant d\u2019economia circular i conscienciaci\u00f3 <\/span><span style=\"font-weight: 400;\">mediambiental. <\/span><\/p>\n<p><span style=\"font-weight: 400;\">La primera activitat que va fer l\u2019alumnat va ser el passat 25 d\u2019octubre fent un <\/span><i><span style=\"font-weight: 400;\">Plogging<\/span><\/i><span style=\"font-weight: 400;\"> inicial de residus que van trobar al voltant de les Hortes de Sta Eug\u00e8nia. Seguidament, aquest mateix dia i amb tots els residus recollits van fer una <\/span><i><span style=\"font-weight: 400;\">creaci\u00f3 art\u00edstica<\/span><\/i><span style=\"font-weight: 400;\"> inspirada en una obra de Marta Luengo. <\/span><\/p>\n<p><span style=\"font-weight: 400;\">Aquesta imatge d\u2019una persona vomitant residus \u00e9s significativa despr\u00e9s de la xerrada que ens va fer l\u2019entitat Pl\u00e0stic Preci\u00f3s i Valeria Olivari sobre la inger\u00e8ncia humana de micropl\u00e0stics a trav\u00e9s de l\u2019alimentaci\u00f3. \u00c9s una imatge que reivindica aquest exc\u00e9s de residus creats i utilitzats per l\u2019\u00e9sser hum\u00e0 i com aix\u00f2 pot acabar retornant-nos i perjudicant-nos. <\/span><span style=\"font-weight: 400;\">Una iniciativa molt interessant que tot just ha comen\u00e7at i que l\u2019alumnat ja hi est\u00e0 molt engrescat!<\/span><\/p>\n<p>#pfiCAT #ImpulsFP #SomFP<\/p>\n<table style=\"border-collapse: collapse; width: 100%;\">\n<tbody>\n<tr>\n<td style=\"width: 50%;\"><img loading=\"lazy\" decoding=\"async\" class=\"wp-image-17636 alignleft\" style=\"border: none; color: #2795b6; font-size: 16px;\" src=\"https:\/\/projectes.xtec.cat\/pfi\/wp-content\/uploads\/usu1781\/2023\/10\/IMG-20231025-WA00093.jpg\" alt=\"\" width=\"666\" height=\"418\" srcset=\"https:\/\/projectes.xtec.cat\/pfi\/wp-content\/uploads\/usu1781\/2023\/10\/IMG-20231025-WA00093.jpg 797w, https:\/\/projectes.xtec.cat\/pfi\/wp-content\/uploads\/usu1781\/2023\/10\/IMG-20231025-WA00093-300x188.jpg 300w, https:\/\/projectes.xtec.cat\/pfi\/wp-content\/uploads\/usu1781\/2023\/10\/IMG-20231025-WA00093-768x482.jpg 768w\" sizes=\"auto, (max-width: 666px) 100vw, 666px\" \/><\/p>\n<p>&nbsp;<\/td>\n<td style=\"width: 50%;\"><a href=\"https:\/\/projectes.xtec.cat\/pfi\/wp-content\/uploads\/usu1781\/2023\/11\/2023-11-03_145354.png\"><img loading=\"lazy\" decoding=\"async\" class=\"aligncenter size-full wp-image-17711\" src=\"https:\/\/projectes.xtec.cat\/pfi\/wp-content\/uploads\/usu1781\/2023\/11\/2023-11-03_145354.png\" alt=\"\" width=\"900\" height=\"581\" srcset=\"https:\/\/projectes.xtec.cat\/pfi\/wp-content\/uploads\/usu1781\/2023\/11\/2023-11-03_145354.png 900w, https:\/\/projectes.xtec.cat\/pfi\/wp-content\/uploads\/usu1781\/2023\/11\/2023-11-03_145354-300x194.png 300w, https:\/\/projectes.xtec.cat\/pfi\/wp-content\/uploads\/usu1781\/2023\/11\/2023-11-03_145354-768x496.png 768w\" sizes=\"auto, (max-width: 900px) 100vw, 900px\" \/><\/a><\/td>\n<\/tr>\n<\/tbody>\n<\/table>\n<p>&nbsp;<\/p>\n","protected":false},"excerpt":{"rendered":"<p><a href=\"https:\/\/projectes.xtec.cat\/pfi\/wp-content\/uploads\/usu1781\/2023\/11\/2023-11-03_145340.png\"><\/a>Aquest any el PTT construcci\u00f3 de Girona s\u2019ha adherit al programa ResIdea del Servei PIQP del Departament d\u2019Educaci\u00f3.<a href=\"https:\/\/projectes.xtec.cat\/pfi\/wp-content\/uploads\/usu1781\/2023\/10\/IMG-20231025-WA0018.jpg\"><\/a><br \/>\nAquest \u00e9s un projecte molt interessant d\u2019economia circular i conscienciaci\u00f3 mediambiental.<br \/>\nLa primera activitat que va fer l\u2019alumnat va ser el passat 25 d\u2019octubre fent&hellip;  <a href=\"https:\/\/projectes.xtec.cat\/pfi\/general\/el-ptt-construccio-participa-en-el-projecte-residea-fent-un-plogging-artistic\/\" title=\"Read ResIdea i el Plogging art\u00edstic al PFI PTT Girona\">Llegeix m\u00e9s\u00bb<\/a><\/p>\n","protected":false},"author":146,"featured_media":17636,"comment_status":"open","ping_status":"closed","sticky":false,"template":"","format":"standard","meta":{"_bbp_topic_count":0,"_bbp_reply_count":0,"_bbp_total_topic_count":0,"_bbp_total_reply_count":0,"_bbp_voice_count":0,"_bbp_anonymous_reply_count":0,"_bbp_topic_count_hidden":0,"_bbp_reply_count_hidden":0,"_bbp_forum_subforum_count":0,"footnotes":""},"categories":[1,29,609],"tags":[],"class_list":["post-17635","post","type-post","status-publish","format-standard","has-post-thumbnail","hentry","category-general","category-portada","category-residea"],"post_mailing_queue_ids":[],"_links":{"self":[{"href":"https:\/\/projectes.xtec.cat\/pfi\/wp-json\/wp\/v2\/posts\/17635","targetHints":{"allow":["GET"]}}],"collection":[{"href":"https:\/\/projectes.xtec.cat\/pfi\/wp-json\/wp\/v2\/posts"}],"about":[{"href":"https:\/\/projectes.xtec.cat\/pfi\/wp-json\/wp\/v2\/types\/post"}],"author":[{"embeddable":true,"href":"https:\/\/projectes.xtec.cat\/pfi\/wp-json\/wp\/v2\/users\/146"}],"replies":[{"embeddable":true,"href":"https:\/\/projectes.xtec.cat\/pfi\/wp-json\/wp\/v2\/comments?post=17635"}],"version-history":[{"count":6,"href":"https:\/\/projectes.xtec.cat\/pfi\/wp-json\/wp\/v2\/posts\/17635\/revisions"}],"predecessor-version":[{"id":17714,"href":"https:\/\/projectes.xtec.cat\/pfi\/wp-json\/wp\/v2\/posts\/17635\/revisions\/17714"}],"wp:featuredmedia":[{"embeddable":true,"href":"https:\/\/projectes.xtec.cat\/pfi\/wp-json\/wp\/v2\/media\/17636"}],"wp:attachment":[{"href":"https:\/\/projectes.xtec.cat\/pfi\/wp-json\/wp\/v2\/media?parent=17635"}],"wp:term":[{"taxonomy":"category","embeddable":true,"href":"https:\/\/projectes.xtec.cat\/pfi\/wp-json\/wp\/v2\/categories?post=17635"},{"taxonomy":"post_tag","embeddable":true,"href":"https:\/\/projectes.xtec.cat\/pfi\/wp-json\/wp\/v2\/tags?post=17635"}],"curies":[{"name":"wp","href":"https:\/\/api.w.org\/{rel}","templated":true}]}}