{"id":17809,"date":"2023-11-16T10:03:58","date_gmt":"2023-11-16T09:03:58","guid":{"rendered":"https:\/\/projectes.xtec.cat\/pfi\/?p=17809"},"modified":"2024-11-07T14:23:34","modified_gmt":"2024-11-07T13:23:34","slug":"connectat-a-lempresa-el-valor-de-las-cosas-amb-borja-dee-loreal","status":"publish","type":"post","link":"https:\/\/projectes.xtec.cat\/pfi\/general\/connectat-a-lempresa-el-valor-de-las-cosas-amb-borja-dee-loreal\/","title":{"rendered":"Connecta&#8217;t a l&#8217;empresa: El valor de las cosas amb L&#8217;Or\u00e9al"},"content":{"rendered":"<p>El proper dilluns 20 de 9.30 a 10.30h tenim un nou Connecta&#8217;t a l&#8217;empresa!. En aquesta ocasi\u00f3 <span class=\"C9DxTc \">Borja P\u00e9rez de L&#8217;Or\u00e9al ens parlar\u00e0 sobre<\/span><span class=\"C9DxTc \"> &#8220;El valor de las cosas&#8221;<\/span><span class=\"C9DxTc \">. <\/span><\/p>\n<p>Apunteu-vos! <span class=\"C9DxTc \"><a href=\"https:\/\/docs.google.com\/forms\/d\/e\/1FAIpQLSfalha3GDf_hWUG8ZkfPgSgQzBWpRDJMhGW8XPjZ7f29sVSfg\/viewform\">Enlla\u00e7 inscripci\u00f3<\/a><\/span><\/p>\n<p>Per a m\u00e9s informaci\u00f3 has d&#8217;anar al banc de recursos <a href=\"https:\/\/sites.google.com\/xtec.cat\/connectatalempresa\/connectat-a-lempresa\/connexions-en-directe?authuser=0\">Connecta\u2019t a l\u2019empresa<\/a>.<\/p>\n<p>#pfiCAT #impulsFP<\/p>\n","protected":false},"excerpt":{"rendered":"<p>El proper dilluns 20 de 9.30 a 10.30h tenim un nou Connecta&#8217;t a l&#8217;empresa!. En aquesta ocasi\u00f3 Borja P\u00e9rez de L&#8217;Or\u00e9al ens parlar\u00e0 sobre &#8220;El valor de las cosas&#8221;.<br \/>\nApunteu-vos! <a href=\"https:\/\/docs.google.com\/forms\/d\/e\/1FAIpQLSfalha3GDf_hWUG8ZkfPgSgQzBWpRDJMhGW8XPjZ7f29sVSfg\/viewform\">Enlla\u00e7 inscripci\u00f3<\/a><br \/>\nPer a m\u00e9s informaci\u00f3 has d&#8217;anar al banc de recursos <a href=\"https:\/\/sites.google.com\/xtec.cat\/connectatalempresa\/connectat-a-lempresa\/connexions-en-directe?authuser=0\">Connecta\u2019t a&hellip;  <a href=\"https:\/\/projectes.xtec.cat\/pfi\/general\/connectat-a-lempresa-el-valor-de-las-cosas-amb-borja-dee-loreal\/\" title=\"Read Connecta&#8217;t a l&#8217;empresa: El valor de las cosas amb L&#8217;Or\u00e9al\">Llegeix m\u00e9s\u00bb<\/a><\/p>\n","protected":false},"author":1,"featured_media":0,"comment_status":"open","ping_status":"closed","sticky":false,"template":"","format":"standard","meta":{"_bbp_topic_count":0,"_bbp_reply_count":0,"_bbp_total_topic_count":0,"_bbp_total_reply_count":0,"_bbp_voice_count":0,"_bbp_anonymous_reply_count":0,"_bbp_topic_count_hidden":0,"_bbp_reply_count_hidden":0,"_bbp_forum_subforum_count":0,"footnotes":""},"categories":[565,1,29],"tags":[],"class_list":["post-17809","post","type-post","status-publish","format-standard","hentry","category-connectat-a-lempresa","category-general","category-portada"],"post_mailing_queue_ids":[],"_links":{"self":[{"href":"https:\/\/projectes.xtec.cat\/pfi\/wp-json\/wp\/v2\/posts\/17809","targetHints":{"allow":["GET"]}}],"collection":[{"href":"https:\/\/projectes.xtec.cat\/pfi\/wp-json\/wp\/v2\/posts"}],"about":[{"href":"https:\/\/projectes.xtec.cat\/pfi\/wp-json\/wp\/v2\/types\/post"}],"author":[{"embeddable":true,"href":"https:\/\/projectes.xtec.cat\/pfi\/wp-json\/wp\/v2\/users\/1"}],"replies":[{"embeddable":true,"href":"https:\/\/projectes.xtec.cat\/pfi\/wp-json\/wp\/v2\/comments?post=17809"}],"version-history":[{"count":2,"href":"https:\/\/projectes.xtec.cat\/pfi\/wp-json\/wp\/v2\/posts\/17809\/revisions"}],"predecessor-version":[{"id":17811,"href":"https:\/\/projectes.xtec.cat\/pfi\/wp-json\/wp\/v2\/posts\/17809\/revisions\/17811"}],"wp:attachment":[{"href":"https:\/\/projectes.xtec.cat\/pfi\/wp-json\/wp\/v2\/media?parent=17809"}],"wp:term":[{"taxonomy":"category","embeddable":true,"href":"https:\/\/projectes.xtec.cat\/pfi\/wp-json\/wp\/v2\/categories?post=17809"},{"taxonomy":"post_tag","embeddable":true,"href":"https:\/\/projectes.xtec.cat\/pfi\/wp-json\/wp\/v2\/tags?post=17809"}],"curies":[{"name":"wp","href":"https:\/\/api.w.org\/{rel}","templated":true}]}}