{"id":17910,"date":"2023-11-18T10:56:44","date_gmt":"2023-11-18T09:56:44","guid":{"rendered":"https:\/\/projectes.xtec.cat\/pfi\/?p=17910"},"modified":"2023-11-28T11:14:08","modified_gmt":"2023-11-28T10:14:08","slug":"el-pfi-ptt-de-sant-celoni-la-biblioteca-lescorxador-fan-sensibilitzacio-sobre-la-ram-en-la-setmana-de-la-ciencia","status":"publish","type":"post","link":"https:\/\/projectes.xtec.cat\/pfi\/general\/el-pfi-ptt-de-sant-celoni-la-biblioteca-lescorxador-fan-sensibilitzacio-sobre-la-ram-en-la-setmana-de-la-ciencia\/","title":{"rendered":"El PFI-PTT de Sant Celoni i la Setmana de la Ci\u00e8ncia"},"content":{"rendered":"<p><a href=\"https:\/\/projectes.xtec.cat\/pfi\/wp-content\/uploads\/usu1781\/2023\/11\/WhatsApp-Image-2023-11-27-at-09.01.30-1.jpeg\"><img loading=\"lazy\" decoding=\"async\" class=\"wp-image-17911 alignleft\" src=\"https:\/\/projectes.xtec.cat\/pfi\/wp-content\/uploads\/usu1781\/2023\/11\/WhatsApp-Image-2023-11-27-at-09.01.30-1-1024x1024.jpeg\" alt=\"\" width=\"386\" height=\"386\" srcset=\"https:\/\/projectes.xtec.cat\/pfi\/wp-content\/uploads\/usu1781\/2023\/11\/WhatsApp-Image-2023-11-27-at-09.01.30-1-1024x1024.jpeg 1024w, https:\/\/projectes.xtec.cat\/pfi\/wp-content\/uploads\/usu1781\/2023\/11\/WhatsApp-Image-2023-11-27-at-09.01.30-1-300x300.jpeg 300w, https:\/\/projectes.xtec.cat\/pfi\/wp-content\/uploads\/usu1781\/2023\/11\/WhatsApp-Image-2023-11-27-at-09.01.30-1-150x150.jpeg 150w, https:\/\/projectes.xtec.cat\/pfi\/wp-content\/uploads\/usu1781\/2023\/11\/WhatsApp-Image-2023-11-27-at-09.01.30-1-768x768.jpeg 768w, https:\/\/projectes.xtec.cat\/pfi\/wp-content\/uploads\/usu1781\/2023\/11\/WhatsApp-Image-2023-11-27-at-09.01.30-1-1536x1536.jpeg 1536w, https:\/\/projectes.xtec.cat\/pfi\/wp-content\/uploads\/usu1781\/2023\/11\/WhatsApp-Image-2023-11-27-at-09.01.30-1.jpeg 1600w\" sizes=\"auto, (max-width: 386px) 100vw, 386px\" \/><\/a><\/p>\n<p>El dia 18 de novembre \u00e9s el Dia Europeu per l&#8217;\u00das Prudent dels Antibi\u00f2tics, amb aquest motiu, el PFI PTT Sant Celoni en col\u00b7laboraci\u00f3 amb la Biblioteca de l&#8217;Escorxador, ha preparat una petita acci\u00f3 de sensibilitzaci\u00f3 sobre la RAM, la Resist\u00e8ncia Antimicrobiana, o com els microbis es fan resistents als antibi\u00f2tics i no responen als tractaments.<\/p>\n<p>Des del 2019, el PTT de Sant Celoni duu endavant un projecte partenariat amb l&#8217;Institut de Salut Global de Barcelona en el que l&#8217;alumnat investiga la RAM i fa una proposta de conscienciaci\u00f3 a la comunitat.<\/p>\n<p>L&#8217;alumnat del curs passat va preparar l&#8217;expositor que es veu a la fotografia, on van explicar qu\u00e8 \u00e9s la RAM i com utilitzar els antibi\u00f2tics amb prud\u00e8ncia; aquest text, supervisat per les cient\u00edfiques de l&#8217;ISGlobal, ha estat exposat a la biblioteca de forma conjunta a una selecci\u00f3 de llibres sobre virus i bacteris adre\u00e7ats a diferents p\u00fablics.<\/p>\n<p>Des de la biblioteca ens confirmen que l&#8217;expositor ha tingut molt d&#8217;\u00e8xit i en menys d&#8217;una setmana s&#8217;ha fet pr\u00e9stec de gaireb\u00e9 tots els llibres exposats. Des del PTT estem satisfets amb aquesta tasca de difusi\u00f3 i els seus resultats; esperem continuar i ampliar aquesta tasca en properes edicions del projecte.<\/p>\n","protected":false},"excerpt":{"rendered":"<p><a href=\"https:\/\/projectes.xtec.cat\/pfi\/wp-content\/uploads\/usu1781\/2023\/11\/WhatsApp-Image-2023-11-27-at-09.01.30-1.jpeg\"><\/a><br \/>\nEl dia 18 de novembre \u00e9s el Dia Europeu per l&#8217;\u00das Prudent dels Antibi\u00f2tics, amb aquest motiu, el PFI PTT Sant Celoni en col\u00b7laboraci\u00f3 amb la Biblioteca de l&#8217;Escorxador, ha preparat una petita acci\u00f3 de sensibilitzaci\u00f3 sobre la RAM, la Resist\u00e8ncia Antimicrobiana, o com&hellip;  <a href=\"https:\/\/projectes.xtec.cat\/pfi\/general\/el-pfi-ptt-de-sant-celoni-la-biblioteca-lescorxador-fan-sensibilitzacio-sobre-la-ram-en-la-setmana-de-la-ciencia\/\" title=\"Read El PFI-PTT de Sant Celoni i la Setmana de la Ci\u00e8ncia\">Llegeix m\u00e9s\u00bb<\/a><\/p>\n","protected":false},"author":218,"featured_media":0,"comment_status":"open","ping_status":"closed","sticky":false,"template":"","format":"standard","meta":{"_bbp_topic_count":0,"_bbp_reply_count":0,"_bbp_total_topic_count":0,"_bbp_total_reply_count":0,"_bbp_voice_count":0,"_bbp_anonymous_reply_count":0,"_bbp_topic_count_hidden":0,"_bbp_reply_count_hidden":0,"_bbp_forum_subforum_count":0,"footnotes":""},"categories":[1,29],"tags":[403,468],"class_list":["post-17910","post","type-post","status-publish","format-standard","hentry","category-general","category-portada","tag-ciencia","tag-salut"],"post_mailing_queue_ids":[],"_links":{"self":[{"href":"https:\/\/projectes.xtec.cat\/pfi\/wp-json\/wp\/v2\/posts\/17910","targetHints":{"allow":["GET"]}}],"collection":[{"href":"https:\/\/projectes.xtec.cat\/pfi\/wp-json\/wp\/v2\/posts"}],"about":[{"href":"https:\/\/projectes.xtec.cat\/pfi\/wp-json\/wp\/v2\/types\/post"}],"author":[{"embeddable":true,"href":"https:\/\/projectes.xtec.cat\/pfi\/wp-json\/wp\/v2\/users\/218"}],"replies":[{"embeddable":true,"href":"https:\/\/projectes.xtec.cat\/pfi\/wp-json\/wp\/v2\/comments?post=17910"}],"version-history":[{"count":3,"href":"https:\/\/projectes.xtec.cat\/pfi\/wp-json\/wp\/v2\/posts\/17910\/revisions"}],"predecessor-version":[{"id":17932,"href":"https:\/\/projectes.xtec.cat\/pfi\/wp-json\/wp\/v2\/posts\/17910\/revisions\/17932"}],"wp:attachment":[{"href":"https:\/\/projectes.xtec.cat\/pfi\/wp-json\/wp\/v2\/media?parent=17910"}],"wp:term":[{"taxonomy":"category","embeddable":true,"href":"https:\/\/projectes.xtec.cat\/pfi\/wp-json\/wp\/v2\/categories?post=17910"},{"taxonomy":"post_tag","embeddable":true,"href":"https:\/\/projectes.xtec.cat\/pfi\/wp-json\/wp\/v2\/tags?post=17910"}],"curies":[{"name":"wp","href":"https:\/\/api.w.org\/{rel}","templated":true}]}}