{"id":17913,"date":"2023-11-27T13:38:23","date_gmt":"2023-11-27T12:38:23","guid":{"rendered":"https:\/\/projectes.xtec.cat\/pfi\/?p=17913"},"modified":"2023-11-27T13:38:23","modified_gmt":"2023-11-27T12:38:23","slug":"el-pfi-ptt-vilanova-visita-linefc-amb-el-projecte-esports","status":"publish","type":"post","link":"https:\/\/projectes.xtec.cat\/pfi\/general\/el-pfi-ptt-vilanova-visita-linefc-amb-el-projecte-esports\/","title":{"rendered":"El PFI-PTT Vilanova visita l&#8217;INEFC amb el Projecte Esports"},"content":{"rendered":"<p><em>El dijous 16 de novembre, l\u2019alumnat PFI-PTT de Vilanova del ST Pened\u00e8s amb alumnat de l\u2019INS Joaquim Mir i de l&#8217;IMET dels perfils professionals d\u2019auxiliar de vendes i atenci\u00f3 al p\u00fablic (CM01), auxiliar en muntatge i manteniment d&#8217;equips inform\u00e0tics (IC01) i el PFI adaptat de comer\u00e7 i atenci\u00f3 al p\u00fablic han participat de la jornada multiesportiva organitzada per l&#8217;alumnat de l&#8217;\u00faltim curs de CAFE (Ci\u00e8ncies de l&#8217;Activitat F\u00edsica i l&#8217;Esport) al Campus UB d&#8217;INEFC de Barcelona.\u00a0<\/em><\/p>\n<p><em>La jornada ha consistit en quatre activitats. Per una banda, la Susanna Soler Prat (professora i especialista en perspectiva de g\u00e8nere al Campus INEFC Barcelona) ha dinamitzat una xerrada i visita de la hist\u00f2ria de les instal\u00b7lacions de l\u2019INEFC. Per altra banda, l\u2019\u00cdngrid Hinojosa Alcalde, en conjunt amb l\u2019alumnat dels cursos de 3r i 4t del grau de CAFE, han preparat activitats multiesportives vinculades amb els esports ol\u00edmpics: jocs de coneixen\u00e7a, jocs de coordinaci\u00f3 i punteria, relleus i activitats cooperatives. A continuaci\u00f3, l\u2019alumnat PFI-PTT ha tingut l&#8217;oportunitat de visitar l\u2019Estadi Ol\u00edmpic Llu\u00eds Companys i, finalment, rec\u00f3rrer el Museu Ol\u00edmpic de l\u2019Esport.<\/em><\/p>\n<p><em>La sortida ha contribu\u00eft a la promoci\u00f3 de l\u2019esport i els h\u00e0bits saludables entre els joves. Tamb\u00e9, ha fian\u00e7at la cohesi\u00f3 de grup, fent a l\u2019alumnat part\u00edcip d\u2019activitats de cooperaci\u00f3 i ajuda m\u00fatua a trav\u00e9s d\u2019una atmosfera de respecte. A m\u00e9s, la sortida ha potenciat la interacci\u00f3 entre l\u2019alumnat dels diferents PFI i ha afavorit un espai de vincle i comunicaci\u00f3 molt positiu que es pret\u00e9n mantenir al llarg del curs.<\/em><\/p>\n<p><a href=\"https:\/\/projectes.xtec.cat\/pfi\/wp-content\/uploads\/usu1781\/2023\/11\/image-scaled.jpg\"><img loading=\"lazy\" decoding=\"async\" class=\"alignnone size-large wp-image-17914\" src=\"https:\/\/projectes.xtec.cat\/pfi\/wp-content\/uploads\/usu1781\/2023\/11\/image-1024x768.jpg\" alt=\"\" width=\"1024\" height=\"768\" srcset=\"https:\/\/projectes.xtec.cat\/pfi\/wp-content\/uploads\/usu1781\/2023\/11\/image-1024x768.jpg 1024w, https:\/\/projectes.xtec.cat\/pfi\/wp-content\/uploads\/usu1781\/2023\/11\/image-300x225.jpg 300w, https:\/\/projectes.xtec.cat\/pfi\/wp-content\/uploads\/usu1781\/2023\/11\/image-768x576.jpg 768w, https:\/\/projectes.xtec.cat\/pfi\/wp-content\/uploads\/usu1781\/2023\/11\/image-1536x1152.jpg 1536w, https:\/\/projectes.xtec.cat\/pfi\/wp-content\/uploads\/usu1781\/2023\/11\/image-2048x1536.jpg 2048w, https:\/\/projectes.xtec.cat\/pfi\/wp-content\/uploads\/usu1781\/2023\/11\/image-200x150.jpg 200w\" sizes=\"auto, (max-width: 1024px) 100vw, 1024px\" \/><\/a><\/p>\n<p>V\u00eddeo resum: <a href=\"https:\/\/drive.google.com\/file\/d\/12GKWNbwan3m_cadkxiyBA3jOzw5HknYa\/view\">https:\/\/drive.google.com\/file\/d\/12GKWNbwan3m_cadkxiyBA3jOzw5HknYa\/view<\/a><\/p>\n<p><em>#pfialauniversitat #universitatdescobreixelpfi #projecteesports<\/em><\/p>\n","protected":false},"excerpt":{"rendered":"<p>El dijous 16 de novembre, l\u2019alumnat PFI-PTT de Vilanova del ST Pened\u00e8s amb alumnat de l\u2019INS Joaquim Mir i de l&#8217;IMET dels perfils professionals d\u2019auxiliar de vendes i atenci\u00f3 al p\u00fablic (CM01), auxiliar en muntatge i manteniment d&#8217;equips inform\u00e0tics (IC01) i el PFI adaptat de&hellip;  <a href=\"https:\/\/projectes.xtec.cat\/pfi\/general\/el-pfi-ptt-vilanova-visita-linefc-amb-el-projecte-esports\/\" title=\"Read El PFI-PTT Vilanova visita l&#8217;INEFC amb el Projecte Esports\">Llegeix m\u00e9s\u00bb<\/a><\/p>\n","protected":false},"author":317,"featured_media":17914,"comment_status":"open","ping_status":"closed","sticky":false,"template":"","format":"standard","meta":{"_bbp_topic_count":0,"_bbp_reply_count":0,"_bbp_total_topic_count":0,"_bbp_total_reply_count":0,"_bbp_voice_count":0,"_bbp_anonymous_reply_count":0,"_bbp_topic_count_hidden":0,"_bbp_reply_count_hidden":0,"_bbp_forum_subforum_count":0,"footnotes":""},"categories":[1,29,568],"tags":[],"class_list":["post-17913","post","type-post","status-publish","format-standard","has-post-thumbnail","hentry","category-general","category-portada","category-projecte-esports"],"post_mailing_queue_ids":[],"_links":{"self":[{"href":"https:\/\/projectes.xtec.cat\/pfi\/wp-json\/wp\/v2\/posts\/17913","targetHints":{"allow":["GET"]}}],"collection":[{"href":"https:\/\/projectes.xtec.cat\/pfi\/wp-json\/wp\/v2\/posts"}],"about":[{"href":"https:\/\/projectes.xtec.cat\/pfi\/wp-json\/wp\/v2\/types\/post"}],"author":[{"embeddable":true,"href":"https:\/\/projectes.xtec.cat\/pfi\/wp-json\/wp\/v2\/users\/317"}],"replies":[{"embeddable":true,"href":"https:\/\/projectes.xtec.cat\/pfi\/wp-json\/wp\/v2\/comments?post=17913"}],"version-history":[{"count":1,"href":"https:\/\/projectes.xtec.cat\/pfi\/wp-json\/wp\/v2\/posts\/17913\/revisions"}],"predecessor-version":[{"id":17915,"href":"https:\/\/projectes.xtec.cat\/pfi\/wp-json\/wp\/v2\/posts\/17913\/revisions\/17915"}],"wp:featuredmedia":[{"embeddable":true,"href":"https:\/\/projectes.xtec.cat\/pfi\/wp-json\/wp\/v2\/media\/17914"}],"wp:attachment":[{"href":"https:\/\/projectes.xtec.cat\/pfi\/wp-json\/wp\/v2\/media?parent=17913"}],"wp:term":[{"taxonomy":"category","embeddable":true,"href":"https:\/\/projectes.xtec.cat\/pfi\/wp-json\/wp\/v2\/categories?post=17913"},{"taxonomy":"post_tag","embeddable":true,"href":"https:\/\/projectes.xtec.cat\/pfi\/wp-json\/wp\/v2\/tags?post=17913"}],"curies":[{"name":"wp","href":"https:\/\/api.w.org\/{rel}","templated":true}]}}